{"id":12569,"date":"2022-06-14T07:27:10","date_gmt":"2022-06-14T07:27:10","guid":{"rendered":"https:\/\/viaro.org\/el-juvenil-a-de-viaro-ascendeix-a-primera\/"},"modified":"2022-06-14T07:44:50","modified_gmt":"2022-06-14T07:44:50","slug":"el-juvenil-a-de-viaro-ascendeix-a-primera","status":"publish","type":"post","link":"https:\/\/viaro.org\/ca\/el-juvenil-a-de-viaro-ascendeix-a-primera\/","title":{"rendered":"El Juvenil A de Viar\u00f3 ascendeix a Primera"},"content":{"rendered":"\n<p>L&#8217;equip de futbol juvenil A de Viar\u00f3 ascendeix a 1a divisi\u00f3, format per alumnes de 2n de Batxillerat i Alumni de 1r de carrera, va guanyar el seu \u00faltim partit a casa aconseguint el campionat de lliga 2021-22 i amb aix\u00f2 l&#8217;ascens de categoria.&#13;\n<\/p>\n\n<h4 class=\"wp-block-heading\">El juvenil A de Viar\u00f3<\/h4>\n\n<p>L&#8217;equip esta format pels seg\u00fcents jugadors: Alfonso Benavides Fortuny, Javi Tintor\u00e9 Vila, \u00c1lvaro Abengoechea Pifarr\u00e9, Dani Benejam Jimeno, Pere Borrell Tatch\u00e9, Pablo Benejam Jimeno, Albert Bosser Oliver, Jan Buscail Moya, Lu\u00eds Casals Pich-Aguilera, Ignacio Enc\u00edo Ruiz-Lopetegui, Javi Esteban Buil, Gonzalo Gramunt Farga, Pablo Junyent Rodr\u00edguez, Marcos Pich-Aguilera Parellada, Guille Puig Molins, Pablo Ribot Barrado, Pablo Rico Rodr\u00edguez, Lucas Rovira Garc\u00eda-Marca, Miguel Tejera Est\u00e9vez, Ignacio Tejero L\u00f3pez i Ignacio Roca de las Heras. Tamb\u00e9 per l&#8217;entrenador i delegat de l&#8217;equip: Pablo Arnaiz Mart\u00ednez i Oriol Gr\u00e8bol Nogueras respectivament.<\/p>\n\n<p>Enhorabona a aquests campions. Els desitgem el millor l&#8217;any que ve a la categoria reina i esperem continuar gaudint del seu futbol i els seus triomfs.&#13;\n<\/p>\n\n<p>Viar\u00f3 va inscriure els seus equips a la <a href=\"https:\/\/fcf.cat\/\" target=\"_blank\" rel=\"noreferrer noopener\">Federaci\u00f3n Catalana de f\u00fatbol<\/a> fa tres anys i la pr\u00f2xima temporada dos d&#8217;ells jugaran en 1a divisi\u00f3 (el juvenil A i el cadet A) un fet molt remarcable per a ser un equip tan recent en el m\u00e0xim nivell de competici\u00f3.<\/p>\n\n<p>La pr\u00f2xima temporada els equips de 6\u00e8 de Prim\u00e0ria s&#8217;incorporaran tamb\u00e9 a la Federaci\u00f3 i s&#8217;iniciaran els entrenaments de futbol des de P5 Infantil fins a 2n de Batxillerat.&#13;\n<\/p>\n\n<div class=\"wp-block-columns is-layout-flex wp-container-core-columns-is-layout-9d6595d7 wp-block-columns-is-layout-flex\">\n<div class=\"wp-block-column is-layout-flow wp-block-column-is-layout-flow\">\n<figure class=\"wp-block-image size-large\"><img decoding=\"async\" width=\"1024\" height=\"1024\" src=\"https:\/\/viaro.org\/wp-content\/uploads\/2022\/06\/Juvenil-A-2-1024x1024.jpeg\" alt=\"Juvenil A de Viar&#xF3; Asciende&#13;&#10;\" class=\"wp-image-12563\" srcset=\"https:\/\/viaro.org\/wp-content\/uploads\/2022\/06\/Juvenil-A-2-1024x1024.jpeg 1024w, https:\/\/viaro.org\/wp-content\/uploads\/2022\/06\/Juvenil-A-2-300x300.jpeg 300w, https:\/\/viaro.org\/wp-content\/uploads\/2022\/06\/Juvenil-A-2-150x150.jpeg 150w, https:\/\/viaro.org\/wp-content\/uploads\/2022\/06\/Juvenil-A-2-768x768.jpeg 768w, https:\/\/viaro.org\/wp-content\/uploads\/2022\/06\/Juvenil-A-2.jpeg 1056w\" sizes=\"(max-width: 1024px) 100vw, 1024px\" \/><\/figure><\/div>\n\n\n\n<div class=\"wp-block-column is-layout-flow wp-block-column-is-layout-flow\">\n<figure class=\"wp-block-image size-full\"><img decoding=\"async\" width=\"740\" height=\"740\" src=\"https:\/\/viaro.org\/wp-content\/uploads\/2022\/06\/Juvenil-A.jpeg\" alt=\"juvenil a de viaro asciende\" class=\"wp-image-12566\" srcset=\"https:\/\/viaro.org\/wp-content\/uploads\/2022\/06\/Juvenil-A.jpeg 740w, https:\/\/viaro.org\/wp-content\/uploads\/2022\/06\/Juvenil-A-300x300.jpeg 300w, https:\/\/viaro.org\/wp-content\/uploads\/2022\/06\/Juvenil-A-150x150.jpeg 150w\" sizes=\"(max-width: 740px) 100vw, 740px\" \/><\/figure><\/div>\n<\/div>\n","protected":false},"excerpt":{"rendered":"<p>L&#8217;equip de futbol juvenil A de Viar\u00f3 ascendeix a 1a divisi\u00f3, format per alumnes de 2n de Batxillerat i Alumni de 1r de carrera, va guanyar el seu \u00faltim partit a casa aconseguint el campionat de lliga 2021-22 i amb aix\u00f2 l&#8217;ascens de categoria.&#13; El juvenil A de Viar\u00f3 L&#8217;equip esta format pels seg\u00fcents jugadors: [&hellip;]<\/p>\n","protected":false},"author":12,"featured_media":12558,"comment_status":"closed","ping_status":"closed","sticky":false,"template":"","format":"standard","meta":{"_uag_custom_page_level_css":"","_joinchat":[],"footnotes":""},"categories":[949],"tags":[],"class_list":["post-12569","post","type-post","status-publish","format-standard","has-post-thumbnail","hentry","category-premis"],"uagb_featured_image_src":{"full":["https:\/\/viaro.org\/wp-content\/uploads\/2022\/06\/Campeones-temporada-2021-22-juvenil-A-ok.jpg",1600,1200,false],"thumbnail":["https:\/\/viaro.org\/wp-content\/uploads\/2022\/06\/Campeones-temporada-2021-22-juvenil-A-ok-150x150.jpg",150,150,true],"medium":["https:\/\/viaro.org\/wp-content\/uploads\/2022\/06\/Campeones-temporada-2021-22-juvenil-A-ok-300x225.jpg",300,225,true],"medium_large":["https:\/\/viaro.org\/wp-content\/uploads\/2022\/06\/Campeones-temporada-2021-22-juvenil-A-ok-768x576.jpg",640,480,true],"large":["https:\/\/viaro.org\/wp-content\/uploads\/2022\/06\/Campeones-temporada-2021-22-juvenil-A-ok-1024x768.jpg",640,480,true],"1536x1536":["https:\/\/viaro.org\/wp-content\/uploads\/2022\/06\/Campeones-temporada-2021-22-juvenil-A-ok-1536x1152.jpg",1536,1152,true],"2048x2048":["https:\/\/viaro.org\/wp-content\/uploads\/2022\/06\/Campeones-temporada-2021-22-juvenil-A-ok.jpg",1600,1200,false],"related-content":["https:\/\/viaro.org\/wp-content\/uploads\/2022\/06\/Campeones-temporada-2021-22-juvenil-A-ok-297x167.jpg",297,167,true]},"uagb_author_info":{"display_name":"Ignacio Malmierca","author_link":"https:\/\/viaro.org\/ca\/author\/imalmierca\/"},"uagb_comment_info":0,"uagb_excerpt":"L&#8217;equip de futbol juvenil A de Viar\u00f3 ascendeix a 1a divisi\u00f3, format per alumnes de 2n de Batxillerat i Alumni de 1r de carrera, va guanyar el seu \u00faltim partit a casa aconseguint el campionat de lliga 2021-22 i amb aix\u00f2 l&#8217;ascens de categoria.&#13; El juvenil A de Viar\u00f3 L&#8217;equip esta format pels seg\u00fcents jugadors:&hellip;","_links":{"self":[{"href":"https:\/\/viaro.org\/ca\/wp-json\/wp\/v2\/posts\/12569","targetHints":{"allow":["GET"]}}],"collection":[{"href":"https:\/\/viaro.org\/ca\/wp-json\/wp\/v2\/posts"}],"about":[{"href":"https:\/\/viaro.org\/ca\/wp-json\/wp\/v2\/types\/post"}],"author":[{"embeddable":true,"href":"https:\/\/viaro.org\/ca\/wp-json\/wp\/v2\/users\/12"}],"replies":[{"embeddable":true,"href":"https:\/\/viaro.org\/ca\/wp-json\/wp\/v2\/comments?post=12569"}],"version-history":[{"count":1,"href":"https:\/\/viaro.org\/ca\/wp-json\/wp\/v2\/posts\/12569\/revisions"}],"predecessor-version":[{"id":12570,"href":"https:\/\/viaro.org\/ca\/wp-json\/wp\/v2\/posts\/12569\/revisions\/12570"}],"wp:featuredmedia":[{"embeddable":true,"href":"https:\/\/viaro.org\/ca\/wp-json\/wp\/v2\/media\/12558"}],"wp:attachment":[{"href":"https:\/\/viaro.org\/ca\/wp-json\/wp\/v2\/media?parent=12569"}],"wp:term":[{"taxonomy":"category","embeddable":true,"href":"https:\/\/viaro.org\/ca\/wp-json\/wp\/v2\/categories?post=12569"},{"taxonomy":"post_tag","embeddable":true,"href":"https:\/\/viaro.org\/ca\/wp-json\/wp\/v2\/tags?post=12569"}],"curies":[{"name":"wp","href":"https:\/\/api.w.org\/{rel}","templated":true}]}}