{"id":14442,"date":"2022-10-24T07:58:00","date_gmt":"2022-10-24T07:58:00","guid":{"rendered":"https:\/\/viaro.org\/?p=14442"},"modified":"2022-10-25T09:33:07","modified_gmt":"2022-10-25T09:33:07","slug":"festa-infantil-2022","status":"publish","type":"post","link":"https:\/\/viaro.org\/ca\/festa-infantil-2022\/","title":{"rendered":"Festa Infantil 2022"},"content":{"rendered":"\n<p class=\"has-text-align-left\">El passat dissabte 22 d&#8217;octubre d&#8217;11:00 a 13:30 vam celebrar la 36a edici\u00f3 de la Festa Infantil 2022<\/p>\n\n<p class=\"has-text-align-left\">Petits i grans van poder gaudir d&#8217;un fant\u00e0stic dia en fam\u00edlia: Jocs, tallers, castells inflables i molt m\u00e9s.<\/p>\n\n<p class=\"has-text-align-left\"><\/p>\n\n<div class=\"wp-block-columns is-layout-flex wp-container-core-columns-is-layout-9d6595d7 wp-block-columns-is-layout-flex\">\n<div class=\"wp-block-column is-layout-flow wp-block-column-is-layout-flow\">\n<figure class=\"wp-block-image size-large\"><img decoding=\"async\" width=\"1024\" height=\"682\" src=\"https:\/\/viaro.org\/wp-content\/uploads\/2022\/10\/Festa-infantil-22-23-1024x682.jpg\" alt=\"festa infantil 2022\" class=\"wp-image-14786\" srcset=\"https:\/\/viaro.org\/wp-content\/uploads\/2022\/10\/Festa-infantil-22-23-1024x682.jpg 1024w, https:\/\/viaro.org\/wp-content\/uploads\/2022\/10\/Festa-infantil-22-23-300x200.jpg 300w, https:\/\/viaro.org\/wp-content\/uploads\/2022\/10\/Festa-infantil-22-23-768x511.jpg 768w, https:\/\/viaro.org\/wp-content\/uploads\/2022\/10\/Festa-infantil-22-23.jpg 1071w\" sizes=\"(max-width: 1024px) 100vw, 1024px\" \/><figcaption>Esteu tots convidats a la Festa Infantil 2022<\/figcaption><\/figure>\n\n\n<h4 class=\"wp-block-heading\">Podeu veure l&#8217;\u00e0lbum de fotografies complet de la festa infantil 2022 en el seg\u00fcent enlla\u00e7<\/h4>\n\n\n\n<div class=\"wp-block-buttons is-layout-flex wp-block-buttons-is-layout-flex\">\n<div class=\"wp-block-button has-custom-width wp-block-button__width-50 has-custom-font-size is-style-fill has-small-font-size\"><a class=\"wp-block-button__link has-background no-border-radius\" href=\"https:\/\/viaro.smugmug.com\/Festa-Infantil-2022\/n-tf9XJf\" style=\"background-color:#b2153f\" target=\"_blank\" rel=\"noreferrer noopener\">Fotografies<\/a><\/div>\n<\/div>\n<\/div>\n\n\n\n<div class=\"wp-block-column is-layout-flow wp-block-column-is-layout-flow\">\n<iframe width=\"560\" height=\"315\" src=\"https:\/\/www.youtube.com\/embed\/kN0Xw9ynPuA\" title=\"YouTube video player\" frameborder=\"0\" allow=\"accelerometer; autoplay; clipboard-write; encrypted-media; gyroscope; picture-in-picture\" allowfullscreen=\"\"><\/iframe>\r\n<\/div>\n<\/div>\n\n<h2 class=\"wp-block-heading\">Mira el que vam fer el curs passat<\/h2>\n\n<div class=\"wp-block-columns is-layout-flex wp-container-core-columns-is-layout-9d6595d7 wp-block-columns-is-layout-flex\">\n<div class=\"wp-block-column is-layout-flow wp-block-column-is-layout-flow\">\n<figure class=\"wp-block-image size-large is-resized\"><img decoding=\"async\" src=\"https:\/\/viaro.org\/wp-content\/uploads\/2021\/11\/Festa-Infnatil-general-1024x525.jpg\" alt=\"festa infantil 2022\" class=\"wp-image-9567\" width=\"404\" height=\"207\" srcset=\"https:\/\/viaro.org\/wp-content\/uploads\/2021\/11\/Festa-Infnatil-general-1024x525.jpg 1024w, https:\/\/viaro.org\/wp-content\/uploads\/2021\/11\/Festa-Infnatil-general-300x154.jpg 300w, https:\/\/viaro.org\/wp-content\/uploads\/2021\/11\/Festa-Infnatil-general-768x394.jpg 768w, https:\/\/viaro.org\/wp-content\/uploads\/2021\/11\/Festa-Infnatil-general.jpg 1280w\" sizes=\"(max-width: 404px) 100vw, 404px\" \/><figcaption>Esteu tots convidats a la Festa Infantil 2022<\/figcaption><\/figure>\n\n\n<h4 class=\"wp-block-heading\">Podeu veure l&#8217;\u00e0lbum de fotografies complet de la festa infantil 2021 en el seg\u00fcent enlla\u00e7<\/h4>\n\n\n\n<div class=\"wp-block-buttons is-layout-flex wp-block-buttons-is-layout-flex\">\n<div class=\"wp-block-button has-custom-width wp-block-button__width-50 has-custom-font-size is-style-fill has-small-font-size\"><a class=\"wp-block-button__link has-background no-border-radius\" href=\"https:\/\/viaro.smugmug.com\/Parties\/Festa-Infantil-2021\/n-RMz5Df\/\" style=\"background-color:#b2153f\" target=\"_blank\" rel=\"noreferrer noopener\">Fotografies<\/a><\/div>\n<\/div>\n<\/div>\n\n\n\n<div class=\"wp-block-column is-layout-flow wp-block-column-is-layout-flow\">\n<iframe width=\"560\" height=\"315\" src=\"https:\/\/www.youtube.com\/embed\/2dWvxx4lkRE\" title=\"YouTube video player\" frameborder=\"0\" allow=\"accelerometer; autoplay; clipboard-write; encrypted-media; gyroscope; picture-in-picture\" allowfullscreen=\"\"><\/iframe>\r\n<\/div>\n<\/div>\n\n<h2 class=\"wp-block-heading\">Jornada de portes obertes<\/h2>\n\n<p>Durant tot el mat\u00ed de la Festa Infantil 2022 les nostres aules i instal\u00b7lacions estaran obertes al p\u00fablic i oferirem una informaci\u00f3 detallada del nostre projecte a totes les fam\u00edlies que ho desitgin. Si no pots acudir aquest dia, per\u00f2 vols con\u00e8ixer Viar\u00f3 pots acudir a les pr\u00f2ximes jornades de portes obertes o sol\u00b7licitar una visita.&#13;\n<\/p>\n\n<p><a href=\"https:\/\/viaro.org\/ca\/admissions\/\">Demana una entrevista<\/a><\/p>\n","protected":false},"excerpt":{"rendered":"<p>XXXV Festa Infantil. Records d&#8217;un dia entranyable per a petits i grans. Fotos i v\u00eddeos de l&#8217;esdeveniment.<\/p>\n","protected":false},"author":12,"featured_media":9568,"comment_status":"closed","ping_status":"closed","sticky":false,"template":"","format":"standard","meta":{"_uag_custom_page_level_css":"","_joinchat":[],"footnotes":""},"categories":[939],"tags":[],"class_list":["post-14442","post","type-post","status-publish","format-standard","has-post-thumbnail","hentry","category-esdeveniments"],"uagb_featured_image_src":{"full":["https:\/\/viaro.org\/wp-content\/uploads\/2021\/11\/Festa-Infnatil-general.jpg",1280,656,false],"thumbnail":["https:\/\/viaro.org\/wp-content\/uploads\/2021\/11\/Festa-Infnatil-general-150x150.jpg",150,150,true],"medium":["https:\/\/viaro.org\/wp-content\/uploads\/2021\/11\/Festa-Infnatil-general-300x154.jpg",300,154,true],"medium_large":["https:\/\/viaro.org\/wp-content\/uploads\/2021\/11\/Festa-Infnatil-general-768x394.jpg",640,328,true],"large":["https:\/\/viaro.org\/wp-content\/uploads\/2021\/11\/Festa-Infnatil-general-1024x525.jpg",640,328,true],"1536x1536":["https:\/\/viaro.org\/wp-content\/uploads\/2021\/11\/Festa-Infnatil-general.jpg",1280,656,false],"2048x2048":["https:\/\/viaro.org\/wp-content\/uploads\/2021\/11\/Festa-Infnatil-general.jpg",1280,656,false],"related-content":["https:\/\/viaro.org\/wp-content\/uploads\/2021\/11\/Festa-Infnatil-general-297x167.jpg",297,167,true]},"uagb_author_info":{"display_name":"Ignacio Malmierca","author_link":"https:\/\/viaro.org\/ca\/author\/imalmierca\/"},"uagb_comment_info":0,"uagb_excerpt":"XXXV Festa Infantil. Records d'un dia entranyable per a petits i grans. Fotos i v\u00eddeos de l'esdeveniment.","_links":{"self":[{"href":"https:\/\/viaro.org\/ca\/wp-json\/wp\/v2\/posts\/14442","targetHints":{"allow":["GET"]}}],"collection":[{"href":"https:\/\/viaro.org\/ca\/wp-json\/wp\/v2\/posts"}],"about":[{"href":"https:\/\/viaro.org\/ca\/wp-json\/wp\/v2\/types\/post"}],"author":[{"embeddable":true,"href":"https:\/\/viaro.org\/ca\/wp-json\/wp\/v2\/users\/12"}],"replies":[{"embeddable":true,"href":"https:\/\/viaro.org\/ca\/wp-json\/wp\/v2\/comments?post=14442"}],"version-history":[{"count":11,"href":"https:\/\/viaro.org\/ca\/wp-json\/wp\/v2\/posts\/14442\/revisions"}],"predecessor-version":[{"id":14792,"href":"https:\/\/viaro.org\/ca\/wp-json\/wp\/v2\/posts\/14442\/revisions\/14792"}],"wp:featuredmedia":[{"embeddable":true,"href":"https:\/\/viaro.org\/ca\/wp-json\/wp\/v2\/media\/9568"}],"wp:attachment":[{"href":"https:\/\/viaro.org\/ca\/wp-json\/wp\/v2\/media?parent=14442"}],"wp:term":[{"taxonomy":"category","embeddable":true,"href":"https:\/\/viaro.org\/ca\/wp-json\/wp\/v2\/categories?post=14442"},{"taxonomy":"post_tag","embeddable":true,"href":"https:\/\/viaro.org\/ca\/wp-json\/wp\/v2\/tags?post=14442"}],"curies":[{"name":"wp","href":"https:\/\/api.w.org\/{rel}","templated":true}]}}