{"id":15583,"date":"2023-02-15T15:29:19","date_gmt":"2023-02-15T15:29:19","guid":{"rendered":"https:\/\/viaro.org\/sant-tomas-2023\/"},"modified":"2023-02-15T15:46:18","modified_gmt":"2023-02-15T15:46:18","slug":"sant-tomas-2023","status":"publish","type":"post","link":"https:\/\/viaro.org\/ca\/sant-tomas-2023\/","title":{"rendered":"Sant Tom\u00e0s 2023"},"content":{"rendered":"\n<p>Ahir vam tenir el lliurament de premis de la competici\u00f3 esportiva de Sant Tom\u00e0s 2023.&#13;\n<\/p>\n\n<p>Segur que molts alumni recorden aquesta competici\u00f3 que va des de 1r de Prim\u00e0ria fins a Batxillerat. Vict\u00f2ries, derrotes, superaci\u00f3\u2026 Sempre amb intensitat, esperit d&#8217;equip i esportivitat.&#13;\n<\/p>\n\n<p>Cada classe procura sumar els m\u00e0xims punts possibles, enfrontant-se amb les altres del seu curs, en un conjunt de proves atl\u00e8tiques i esportives. Enguany, com a novetat, a la competici\u00f3 de secund\u00e0ria s&#8217;ha introdu\u00eft el p\u00e0del.&#13;\n<\/p>\n\n<figure class=\"wp-block-image size-full\"><img decoding=\"async\" width=\"974\" height=\"647\" src=\"https:\/\/viaro.org\/wp-content\/uploads\/2023\/02\/Santo-tomas-2023-a.jpg\" alt=\"Sant Tom&#xE0;s 2023\" class=\"wp-image-15568\" srcset=\"https:\/\/viaro.org\/wp-content\/uploads\/2023\/02\/Santo-tomas-2023-a.jpg 974w, https:\/\/viaro.org\/wp-content\/uploads\/2023\/02\/Santo-tomas-2023-a-300x199.jpg 300w, https:\/\/viaro.org\/wp-content\/uploads\/2023\/02\/Santo-tomas-2023-a-768x510.jpg 768w\" sizes=\"(max-width: 974px) 100vw, 974px\" \/><\/figure>\n<h3 class=\"wp-block-heading\">Guanyador Sant Tom\u00e0s 2023<\/h3>\n\n<p>En aquesta edici\u00f3 la classe que ha sumat m\u00e9s punts i ha aconseguit el trofeu absolut de Sant Tom\u00e0s 2023 ha estat 1r Prim\u00e0ria B. A m\u00e9s, a cada curs es lliuren els corresponents trofeus (Finan\u00e7ats per l&#8217;AMPA del col\u00b7legi) d&#8217;atletisme i esports.&#13;\n<\/p>\n\n<p><div class=\"traductor-textarea form-group\">&#13;\n<div class=\"textarea-desti col-xs-12 col-sm-6\">&#13;\n<div class=\"form-control second-textarea\">Amb el desig de continuar fomentant els <a href=\"https:\/\/viaro.org\/ca\/vida-academica\/educacion-fisica\/\">valors de l&#8217;esport<\/a>, a cada secci\u00f3 s&#8217;atorguen tamb\u00e9 els &#8220;Premis Artet\u00e9&#8221; a les classes que han competit amb major esportivitat.<\/div>&#13;\n<\/div>&#13;\n<\/div>&#13;\n<div class=\"traductor-checkbox form-group\">&#13;\n<div class=\"row\">&#13;\n<div class=\"col-sm-offset-2 col-sm-5\"><\/div>&#13;\n<\/div>&#13;\n<\/div><\/p>\n\n<p><\/p>\n\n<figure class=\"wp-block-image size-full\"><img decoding=\"async\" width=\"974\" height=\"548\" src=\"https:\/\/viaro.org\/wp-content\/uploads\/2023\/02\/santo-tomas-2023-Ganador-edited.jpg\" alt=\"Guanyador Sant Tom&#xE0;s 2023\" class=\"wp-image-15574\" srcset=\"https:\/\/viaro.org\/wp-content\/uploads\/2023\/02\/santo-tomas-2023-Ganador-edited.jpg 974w, https:\/\/viaro.org\/wp-content\/uploads\/2023\/02\/santo-tomas-2023-Ganador-edited-300x169.jpg 300w, https:\/\/viaro.org\/wp-content\/uploads\/2023\/02\/santo-tomas-2023-Ganador-edited-768x432.jpg 768w, https:\/\/viaro.org\/wp-content\/uploads\/2023\/02\/santo-tomas-2023-Ganador-edited-297x167.jpg 297w\" sizes=\"(max-width: 974px) 100vw, 974px\" \/><\/figure>\n<p class=\"has-text-align-center\">Al seg\u00fcent enlla\u00e7 podeu veure les fotos del lliurament de premis.<\/p>\n\n<h4 class=\"has-text-align-center wp-block-heading\"><a href=\"https:\/\/viaro.smugmug.com\/22-23-Entrega-Premis-Sant-Tomas\/n-tgcP82\/\" target=\"_blank\" rel=\"noopener\">VEURE FOTOS<\/a><\/h4>\n","protected":false},"excerpt":{"rendered":"<p>Ahir vam tenir el lliurament de premis de la competici\u00f3 esportiva de Sant Tom\u00e0s 2023.&#13; Segur que molts alumni recorden aquesta competici\u00f3 que va des de 1r de Prim\u00e0ria fins a Batxillerat. Vict\u00f2ries, derrotes, superaci\u00f3\u2026 Sempre amb intensitat, esperit d&#8217;equip i esportivitat.&#13; Cada classe procura sumar els m\u00e0xims punts possibles, enfrontant-se amb les altres del [&hellip;]<\/p>\n","protected":false},"author":12,"featured_media":15578,"comment_status":"closed","ping_status":"closed","sticky":false,"template":"","format":"standard","meta":{"_uag_custom_page_level_css":"","_joinchat":[],"footnotes":""},"categories":[939],"tags":[],"class_list":["post-15583","post","type-post","status-publish","format-standard","has-post-thumbnail","hentry","category-esdeveniments"],"uagb_featured_image_src":{"full":["https:\/\/viaro.org\/wp-content\/uploads\/2023\/02\/Santo-tomas-2023-header.jpg",977,355,false],"thumbnail":["https:\/\/viaro.org\/wp-content\/uploads\/2023\/02\/Santo-tomas-2023-header-150x150.jpg",150,150,true],"medium":["https:\/\/viaro.org\/wp-content\/uploads\/2023\/02\/Santo-tomas-2023-header-300x109.jpg",300,109,true],"medium_large":["https:\/\/viaro.org\/wp-content\/uploads\/2023\/02\/Santo-tomas-2023-header-768x279.jpg",640,233,true],"large":["https:\/\/viaro.org\/wp-content\/uploads\/2023\/02\/Santo-tomas-2023-header.jpg",640,233,false],"1536x1536":["https:\/\/viaro.org\/wp-content\/uploads\/2023\/02\/Santo-tomas-2023-header.jpg",977,355,false],"2048x2048":["https:\/\/viaro.org\/wp-content\/uploads\/2023\/02\/Santo-tomas-2023-header.jpg",977,355,false],"related-content":["https:\/\/viaro.org\/wp-content\/uploads\/2023\/02\/Santo-tomas-2023-header-297x167.jpg",297,167,true]},"uagb_author_info":{"display_name":"Ignacio Malmierca","author_link":"https:\/\/viaro.org\/ca\/author\/imalmierca\/"},"uagb_comment_info":0,"uagb_excerpt":"Ahir vam tenir el lliurament de premis de la competici\u00f3 esportiva de Sant Tom\u00e0s 2023.&#13; Segur que molts alumni recorden aquesta competici\u00f3 que va des de 1r de Prim\u00e0ria fins a Batxillerat. Vict\u00f2ries, derrotes, superaci\u00f3\u2026 Sempre amb intensitat, esperit d&#8217;equip i esportivitat.&#13; Cada classe procura sumar els m\u00e0xims punts possibles, enfrontant-se amb les altres del&hellip;","_links":{"self":[{"href":"https:\/\/viaro.org\/ca\/wp-json\/wp\/v2\/posts\/15583","targetHints":{"allow":["GET"]}}],"collection":[{"href":"https:\/\/viaro.org\/ca\/wp-json\/wp\/v2\/posts"}],"about":[{"href":"https:\/\/viaro.org\/ca\/wp-json\/wp\/v2\/types\/post"}],"author":[{"embeddable":true,"href":"https:\/\/viaro.org\/ca\/wp-json\/wp\/v2\/users\/12"}],"replies":[{"embeddable":true,"href":"https:\/\/viaro.org\/ca\/wp-json\/wp\/v2\/comments?post=15583"}],"version-history":[{"count":1,"href":"https:\/\/viaro.org\/ca\/wp-json\/wp\/v2\/posts\/15583\/revisions"}],"predecessor-version":[{"id":15584,"href":"https:\/\/viaro.org\/ca\/wp-json\/wp\/v2\/posts\/15583\/revisions\/15584"}],"wp:featuredmedia":[{"embeddable":true,"href":"https:\/\/viaro.org\/ca\/wp-json\/wp\/v2\/media\/15578"}],"wp:attachment":[{"href":"https:\/\/viaro.org\/ca\/wp-json\/wp\/v2\/media?parent=15583"}],"wp:term":[{"taxonomy":"category","embeddable":true,"href":"https:\/\/viaro.org\/ca\/wp-json\/wp\/v2\/categories?post=15583"},{"taxonomy":"post_tag","embeddable":true,"href":"https:\/\/viaro.org\/ca\/wp-json\/wp\/v2\/tags?post=15583"}],"curies":[{"name":"wp","href":"https:\/\/api.w.org\/{rel}","templated":true}]}}