{"id":16810,"date":"2023-03-28T13:49:59","date_gmt":"2023-03-28T13:49:59","guid":{"rendered":"https:\/\/viaro.org\/concerts-del-liceu-2023\/"},"modified":"2023-03-28T13:57:40","modified_gmt":"2023-03-28T13:57:40","slug":"concerts-del-liceu-2023","status":"publish","type":"post","link":"https:\/\/viaro.org\/ca\/concerts-del-liceu-2023\/","title":{"rendered":"Concerts del Liceu 2023"},"content":{"rendered":"\n<p><div class=\"traductor-textarea form-group\">&#13;\n<div class=\"textarea-desti col-xs-12 col-sm-6\">&#13;\n<div class=\"form-control second-textarea\">El passat 25 de mar\u00e7 vam poder gaudir dels concerts del Liceu 2023, els alumnes de Cant coral de <a href=\"https:\/\/viaro.org\/research\/el-proyecto-de-educacion-musical-de-viaro\/\">l&#8217;Escola de M\u00fasica de Viar\u00f3<\/a> van participar al costat d&#8217;estudiants d&#8217;altres escoles vinculades al <a href=\"https:\/\/www.conservatoriliceu.es\/\" target=\"_blank\" rel=\"noopener\">Conservatori Liceu<\/a> en la cantata &#8220;Disney on Broadway&#8221;. Aquesta cantata, interpretada al costat d&#8217;una small band, presentava un recopilatori de can\u00e7ons de musicals de Broadway sobre pel\u00b7l\u00edcules de Disney: The lion king, High School Musical, Mary Poppins, Beauty and the Beast, Aida, Tarzan i The little mermaid.<\/div>&#13;\n<\/div>&#13;\n<\/div>&#13;\n<div class=\"traductor-checkbox form-group\">&#13;\n<div class=\"row\">&#13;\n<div class=\"col-sm-offset-2 col-sm-5\"><\/div>&#13;\n<\/div>&#13;\n<\/div><\/p>\n\n<p>Aix\u00ed mateix, el concert va comptar tamb\u00e9 amb la pres\u00e8ncia de l&#8217;Orquestra simf\u00f2nica, de la qual tamb\u00e9 van formar part alumnes i exalumnes de l&#8217;EMV. Van interpretar peces molt conegudes de Vivaldi, Haydn, Sibelius i Copland, entre altres.&#13;\n<\/p>\n\n<div class=\"wp-block-columns is-layout-flex wp-container-core-columns-is-layout-9d6595d7 wp-block-columns-is-layout-flex\">\n<div class=\"wp-block-column is-layout-flow wp-block-column-is-layout-flow\">\n<figure class=\"wp-block-image size-large\"><img decoding=\"async\" width=\"769\" height=\"1024\" src=\"https:\/\/viaro.org\/wp-content\/uploads\/2023\/03\/Liceu-3-769x1024.jpeg\" alt=\"Concerts del Liceu 2023\" class=\"wp-image-16789\" srcset=\"https:\/\/viaro.org\/wp-content\/uploads\/2023\/03\/Liceu-3-769x1024.jpeg 769w, https:\/\/viaro.org\/wp-content\/uploads\/2023\/03\/Liceu-3-225x300.jpeg 225w, https:\/\/viaro.org\/wp-content\/uploads\/2023\/03\/Liceu-3-768x1023.jpeg 768w, https:\/\/viaro.org\/wp-content\/uploads\/2023\/03\/Liceu-3-1153x1536.jpeg 1153w, https:\/\/viaro.org\/wp-content\/uploads\/2023\/03\/Liceu-3.jpeg 1537w\" sizes=\"(max-width: 769px) 100vw, 769px\" \/><\/figure><\/div>\n\n\n\n<div class=\"wp-block-column is-layout-flow wp-block-column-is-layout-flow\">\n<figure class=\"wp-block-image size-large\"><img decoding=\"async\" width=\"769\" height=\"1024\" src=\"https:\/\/viaro.org\/wp-content\/uploads\/2023\/03\/Liceu-4-769x1024.jpeg\" alt=\"\" class=\"wp-image-16792\" srcset=\"https:\/\/viaro.org\/wp-content\/uploads\/2023\/03\/Liceu-4-769x1024.jpeg 769w, https:\/\/viaro.org\/wp-content\/uploads\/2023\/03\/Liceu-4-225x300.jpeg 225w, https:\/\/viaro.org\/wp-content\/uploads\/2023\/03\/Liceu-4-768x1023.jpeg 768w, https:\/\/viaro.org\/wp-content\/uploads\/2023\/03\/Liceu-4-1153x1536.jpeg 1153w, https:\/\/viaro.org\/wp-content\/uploads\/2023\/03\/Liceu-4.jpeg 1537w\" sizes=\"(max-width: 769px) 100vw, 769px\" \/><\/figure><\/div>\n\n\n\n<div class=\"wp-block-column is-layout-flow wp-block-column-is-layout-flow\">\n<figure class=\"wp-block-image size-large\"><img decoding=\"async\" width=\"769\" height=\"1024\" src=\"https:\/\/viaro.org\/wp-content\/uploads\/2023\/03\/Liceu-5-769x1024.jpeg\" alt=\"\" class=\"wp-image-16801\" srcset=\"https:\/\/viaro.org\/wp-content\/uploads\/2023\/03\/Liceu-5-769x1024.jpeg 769w, https:\/\/viaro.org\/wp-content\/uploads\/2023\/03\/Liceu-5-225x300.jpeg 225w, https:\/\/viaro.org\/wp-content\/uploads\/2023\/03\/Liceu-5-768x1023.jpeg 768w, https:\/\/viaro.org\/wp-content\/uploads\/2023\/03\/Liceu-5-1153x1536.jpeg 1153w, https:\/\/viaro.org\/wp-content\/uploads\/2023\/03\/Liceu-5.jpeg 1537w\" sizes=\"(max-width: 769px) 100vw, 769px\" \/><\/figure><\/div>\n<\/div>\n\n<p>Finalment, es va estrenar l&#8217;Orquestra infantil, una agrupaci\u00f3 nova per a donar cabuda als m\u00e9s petits de les escoles vinculades, amb alumnes des dels 5 fins als 12 anys. Van interpretar un programa molt conegut amb obres com la Simfonia n\u00fam. 5 de Beethoven o el Can can d&#8217;Offenbach.&#13;\n<\/p>\n\n<h3 class=\"wp-block-heading\">Qu\u00e8 aporten els Concerts del Liceu 2023<\/h3>\n\n<p>Aquestes activitats participatives suposen una motivaci\u00f3 especial per als alumnes, a m\u00e9s de valorar el treball i l&#8217;esfor\u00e7 dut a terme en el dia a dia de l&#8217;aula.&#13;\n<\/p>\n\n<div class=\"wp-block-columns is-layout-flex wp-container-core-columns-is-layout-9d6595d7 wp-block-columns-is-layout-flex\">\n<div class=\"wp-block-column is-layout-flow wp-block-column-is-layout-flow\">\n<figure class=\"wp-block-image size-large\"><img decoding=\"async\" width=\"1024\" height=\"576\" src=\"https:\/\/viaro.org\/wp-content\/uploads\/2023\/03\/Concierto-Liceu-2023-A-1-1024x576.jpeg\" alt=\"\" class=\"wp-image-16798\" srcset=\"https:\/\/viaro.org\/wp-content\/uploads\/2023\/03\/Concierto-Liceu-2023-A-1-1024x576.jpeg 1024w, https:\/\/viaro.org\/wp-content\/uploads\/2023\/03\/Concierto-Liceu-2023-A-1-300x169.jpeg 300w, https:\/\/viaro.org\/wp-content\/uploads\/2023\/03\/Concierto-Liceu-2023-A-1-768x432.jpeg 768w, https:\/\/viaro.org\/wp-content\/uploads\/2023\/03\/Concierto-Liceu-2023-A-1-1536x864.jpeg 1536w, https:\/\/viaro.org\/wp-content\/uploads\/2023\/03\/Concierto-Liceu-2023-A-1-297x167.jpeg 297w, https:\/\/viaro.org\/wp-content\/uploads\/2023\/03\/Concierto-Liceu-2023-A-1.jpeg 1599w\" sizes=\"(max-width: 1024px) 100vw, 1024px\" \/><\/figure><\/div>\n\n\n\n<div class=\"wp-block-column is-layout-flow wp-block-column-is-layout-flow\">\n<figure class=\"wp-block-image size-large\"><img decoding=\"async\" width=\"1024\" height=\"576\" src=\"https:\/\/viaro.org\/wp-content\/uploads\/2023\/03\/Concierto-Liceu-2023-1024x576.jpeg\" alt=\"\" class=\"wp-image-16795\" srcset=\"https:\/\/viaro.org\/wp-content\/uploads\/2023\/03\/Concierto-Liceu-2023-1024x576.jpeg 1024w, https:\/\/viaro.org\/wp-content\/uploads\/2023\/03\/Concierto-Liceu-2023-300x169.jpeg 300w, https:\/\/viaro.org\/wp-content\/uploads\/2023\/03\/Concierto-Liceu-2023-768x432.jpeg 768w, https:\/\/viaro.org\/wp-content\/uploads\/2023\/03\/Concierto-Liceu-2023-1536x864.jpeg 1536w, https:\/\/viaro.org\/wp-content\/uploads\/2023\/03\/Concierto-Liceu-2023-297x167.jpeg 297w, https:\/\/viaro.org\/wp-content\/uploads\/2023\/03\/Concierto-Liceu-2023.jpeg 1599w\" sizes=\"(max-width: 1024px) 100vw, 1024px\" \/><\/figure><\/div>\n<\/div>\n","protected":false},"excerpt":{"rendered":"<p>&#13; &#13; El passat 25 de mar\u00e7 vam poder gaudir dels concerts del Liceu 2023, els alumnes de Cant coral de l&#8217;Escola de M\u00fasica de Viar\u00f3 van participar al costat d&#8217;estudiants d&#8217;altres escoles vinculades al Conservatori Liceu en la cantata &#8220;Disney on Broadway&#8221;. Aquesta cantata, interpretada al costat d&#8217;una small band, presentava un recopilatori de [&hellip;]<\/p>\n","protected":false},"author":12,"featured_media":16808,"comment_status":"closed","ping_status":"closed","sticky":false,"template":"","format":"standard","meta":{"_uag_custom_page_level_css":"","_joinchat":[],"footnotes":""},"categories":[951],"tags":[],"class_list":["post-16810","post","type-post","status-publish","format-standard","has-post-thumbnail","hentry","category-primaria-ca"],"uagb_featured_image_src":{"full":["https:\/\/viaro.org\/wp-content\/uploads\/2023\/03\/Concierto-Liceu-2023-1.jpeg",1599,899,false],"thumbnail":["https:\/\/viaro.org\/wp-content\/uploads\/2023\/03\/Concierto-Liceu-2023-1-150x150.jpeg",150,150,true],"medium":["https:\/\/viaro.org\/wp-content\/uploads\/2023\/03\/Concierto-Liceu-2023-1-300x169.jpeg",300,169,true],"medium_large":["https:\/\/viaro.org\/wp-content\/uploads\/2023\/03\/Concierto-Liceu-2023-1-768x432.jpeg",640,360,true],"large":["https:\/\/viaro.org\/wp-content\/uploads\/2023\/03\/Concierto-Liceu-2023-1-1024x576.jpeg",640,360,true],"1536x1536":["https:\/\/viaro.org\/wp-content\/uploads\/2023\/03\/Concierto-Liceu-2023-1-1536x864.jpeg",1536,864,true],"2048x2048":["https:\/\/viaro.org\/wp-content\/uploads\/2023\/03\/Concierto-Liceu-2023-1.jpeg",1599,899,false],"related-content":["https:\/\/viaro.org\/wp-content\/uploads\/2023\/03\/Concierto-Liceu-2023-1-297x167.jpeg",297,167,true]},"uagb_author_info":{"display_name":"Ignacio Malmierca","author_link":"https:\/\/viaro.org\/ca\/author\/imalmierca\/"},"uagb_comment_info":0,"uagb_excerpt":"&#13; &#13; El passat 25 de mar\u00e7 vam poder gaudir dels concerts del Liceu 2023, els alumnes de Cant coral de l&#8217;Escola de M\u00fasica de Viar\u00f3 van participar al costat d&#8217;estudiants d&#8217;altres escoles vinculades al Conservatori Liceu en la cantata &#8220;Disney on Broadway&#8221;. Aquesta cantata, interpretada al costat d&#8217;una small band, presentava un recopilatori de&hellip;","_links":{"self":[{"href":"https:\/\/viaro.org\/ca\/wp-json\/wp\/v2\/posts\/16810","targetHints":{"allow":["GET"]}}],"collection":[{"href":"https:\/\/viaro.org\/ca\/wp-json\/wp\/v2\/posts"}],"about":[{"href":"https:\/\/viaro.org\/ca\/wp-json\/wp\/v2\/types\/post"}],"author":[{"embeddable":true,"href":"https:\/\/viaro.org\/ca\/wp-json\/wp\/v2\/users\/12"}],"replies":[{"embeddable":true,"href":"https:\/\/viaro.org\/ca\/wp-json\/wp\/v2\/comments?post=16810"}],"version-history":[{"count":1,"href":"https:\/\/viaro.org\/ca\/wp-json\/wp\/v2\/posts\/16810\/revisions"}],"predecessor-version":[{"id":16811,"href":"https:\/\/viaro.org\/ca\/wp-json\/wp\/v2\/posts\/16810\/revisions\/16811"}],"wp:featuredmedia":[{"embeddable":true,"href":"https:\/\/viaro.org\/ca\/wp-json\/wp\/v2\/media\/16808"}],"wp:attachment":[{"href":"https:\/\/viaro.org\/ca\/wp-json\/wp\/v2\/media?parent=16810"}],"wp:term":[{"taxonomy":"category","embeddable":true,"href":"https:\/\/viaro.org\/ca\/wp-json\/wp\/v2\/categories?post=16810"},{"taxonomy":"post_tag","embeddable":true,"href":"https:\/\/viaro.org\/ca\/wp-json\/wp\/v2\/tags?post=16810"}],"curies":[{"name":"wp","href":"https:\/\/api.w.org\/{rel}","templated":true}]}}