{"id":18927,"date":"2023-07-15T09:42:12","date_gmt":"2023-07-15T09:42:12","guid":{"rendered":"https:\/\/viaro.org\/country-mini-camp-2023\/"},"modified":"2023-07-22T12:09:03","modified_gmt":"2023-07-22T12:09:03","slug":"country-mini-camp-2023","status":"publish","type":"post","link":"https:\/\/viaro.org\/ca\/country-mini-camp-2023\/","title":{"rendered":"Country Mini Camp 2023"},"content":{"rendered":"\n<h3 class=\"wp-block-heading\">Setmana 1 Country Mini Camp 2023<\/h3>\n\n<p><div class=\"traductor-textarea form-group\">&#13;\n<div class=\"textarea-desti col-xs-12 col-sm-6\">&#13;\n<div class=\"form-control second-textarea\">Els m\u00e9s petits estem fent el <a href=\"https:\/\/viaro.org\/ca\/activitats-destiu\/country-mini-camp\/\"><strong>Mini Country Camp<\/strong><\/a>. La nostra primera setmana ha estat intensa i apassionant. Ens hem adaptat a les nostres noves classes, i els grans ens diuen que sembla que hem crescut de cop. I \u00e9s que els sostres s\u00f3n tan alts i els passadissos tan amples que sembla que nosaltres tamb\u00e9 hem crescut.<\/div>&#13;\n<\/div>&#13;\n<\/div>&#13;\n<div class=\"traductor-checkbox form-group\">&#13;\n<div class=\"row\">&#13;\n<div class=\"col-sm-offset-2 col-sm-5\"><\/div>&#13;\n<\/div>&#13;\n<\/div><\/p>\n\n<p>Ens hem adaptat r\u00e0pidament perqu\u00e8 a Viar\u00f3 tot resulta molt f\u00e0cil. El primer dia ens va encantar descobrir l&#8217;espai dels grans per a penjar les motxilles i ens divertia molt\u00edssim amagar-nos perqu\u00e8 ens busquessin. I \u00e9s que el que t\u00e9 de divertit aix\u00f2 ser petit \u00e9s que sabem treure-li suc a qualsevol experi\u00e8ncia La primera setmana ens ha encantat!&#13;\n<\/p>\n\n<p>Hem gaudit de l&#8217;aigua, de la pintura, les manualitats, dels guixos en el s\u00f2l a l&#8217;aire lliure. De continuar gaudint amb els nostres amics, per\u00f2 al ritme de l&#8217;estiu. M\u00fasica, jocs, riures, somriures i molt m\u00e9s que podreu veure en la nostra galeria de fotos. Fins a la setmana que ve!&#13;\n<\/p>\n\n<div class=\"wp-block-columns is-layout-flex wp-container-core-columns-is-layout-9d6595d7 wp-block-columns-is-layout-flex\">\n<div class=\"wp-block-column is-layout-flow wp-block-column-is-layout-flow\"><div class=\"wp-block-image\">\n<figure class=\"aligncenter size-full\"><img decoding=\"async\" src=\"https:\/\/viaro.org\/wp-content\/uploads\/2023\/07\/&#x200E;POST-MINI-S1.&#x200E;001.png\" alt=\"Country mini camp 2023\" class=\"wp-image-18895\"\/><\/figure><\/div><\/div>\n\n\n\n<div class=\"wp-block-column is-layout-flow wp-block-column-is-layout-flow\"><div class=\"wp-block-image\">\n<figure class=\"aligncenter size-full\"><img decoding=\"async\" src=\"https:\/\/viaro.org\/wp-content\/uploads\/2023\/07\/&#x200E;POST-MINI-S1.&#x200E;003.png\" alt=\"\" class=\"wp-image-18901\"\/><\/figure><\/div>\n\n\n<h4 class=\"has-text-align-center wp-block-heading\"><a href=\"https:\/\/viaro.smugmug.com\/Mini-Country-Camp-23-primera-semana-\/n-CKH972\" target=\"_blank\" rel=\"noopener\">Veure m\u00e9s fotos<\/a><\/h4>\n<\/div>\n\n\n\n<div class=\"wp-block-column is-layout-flow wp-block-column-is-layout-flow\"><div class=\"wp-block-image\">\n<figure class=\"aligncenter size-full\"><img decoding=\"async\" src=\"https:\/\/viaro.org\/wp-content\/uploads\/2023\/07\/&#x200E;POST-MINI-S1.&#x200E;010.png\" alt=\"\" class=\"wp-image-18898\"\/><\/figure><\/div><\/div>\n<\/div>\n\n<div style=\"height:40px\" aria-hidden=\"true\" class=\"wp-block-spacer\"><\/div>\n\n<h3 class=\"wp-block-heading\">Semana 2 Country Mini Camp 2023<\/h3>\n\n<p><div class=\"traductor-textarea form-group\">&#13;\n<div class=\"textarea-desti col-xs-12 col-sm-6\">&#13;\n<div class=\"form-control second-textarea\">Diem adeu en la segona setmana del Mini\u00a0Country\u00a0Camp. Iogurt gelat, bombolles de sab\u00f3, plantem llenties, pintem la nostra medalla de pasta de sal, bosses sensorials, jocs d&#8217;aigua, els nostres animals de la granja, can\u00e7ons i jocs en angl\u00e8s\u2026 Tot aix\u00f2 mantenint les nostres rutines i treballant els h\u00e0bits d&#8217;autonomia durant l&#8217;estiu. Estem desitjant comen\u00e7ar la tercera setmana!<\/div>&#13;\n<\/div>&#13;\n<\/div>&#13;\n<div class=\"traductor-checkbox form-group\">&#13;\n<div class=\"row\">&#13;\n<div class=\"col-sm-offset-2 col-sm-5\"><\/div>&#13;\n<\/div>&#13;\n<\/div><\/p>\n\n<div class=\"wp-block-columns is-layout-flex wp-container-core-columns-is-layout-9d6595d7 wp-block-columns-is-layout-flex\">\n<div class=\"wp-block-column is-layout-flow wp-block-column-is-layout-flow\"><div class=\"wp-block-image\">\n<figure class=\"aligncenter size-full\"><img decoding=\"async\" src=\"https:\/\/viaro.org\/wp-content\/uploads\/2023\/07\/&#x200E;portada-mini-2.&#x200E;001.png\" alt=\"\" class=\"wp-image-18904\"\/><\/figure><\/div><\/div>\n\n\n\n<div class=\"wp-block-column is-layout-flow wp-block-column-is-layout-flow\"><div class=\"wp-block-image\">\n<figure class=\"aligncenter size-full\"><img decoding=\"async\" src=\"https:\/\/viaro.org\/wp-content\/uploads\/2023\/07\/&#x200E;post-mini-semna-2.&#x200E;009.png\" alt=\"\" class=\"wp-image-18907\"\/><\/figure><\/div>\n\n\n<h4 class=\"has-text-align-center wp-block-heading\"><a href=\"https:\/\/viaro.smugmug.com\/Mini-Country-2%C2%AA-Semana-\/n-VSbzMH\/\" target=\"_blank\" rel=\"noopener\">Veure m\u00e9s fotos<\/a><\/h4>\n<\/div>\n\n\n\n<div class=\"wp-block-column is-layout-flow wp-block-column-is-layout-flow\"><div class=\"wp-block-image\">\n<figure class=\"aligncenter size-full\"><img decoding=\"async\" src=\"https:\/\/viaro.org\/wp-content\/uploads\/2023\/07\/&#x200E;post-mini-semna-2.&#x200E;002.png\" alt=\"\" class=\"wp-image-18910\"\/><\/figure><\/div><\/div>\n<\/div>\n\n<div style=\"height:40px\" aria-hidden=\"true\" class=\"wp-block-spacer\"><\/div>\n\n<h3 class=\"wp-block-heading\">Setmana 3 Country Mini Camp 2023<\/h3>\n\n<p><div class=\"traductor-textarea form-group\">&#13;\n<div class=\"textarea-desti col-xs-12 col-sm-6\">&#13;\n<div class=\"form-control second-textarea\">Acabada la tercera setmana del Mini Country i cada vegada <a href=\"https:\/\/viaro.org\/ca\/activitats-destiu\/\"><strong>fem m\u00e9s coses<\/strong><\/a>. Fins i tot hem pescat amb canya! Les nostres monitores no paren de pensar activitats amb les quals puguem gaudir. Visca el Mini Country Camp de Viar\u00f3!<\/div>&#13;\n<\/div>&#13;\n<\/div>&#13;\n<div class=\"traductor-checkbox form-group\">&#13;\n<div class=\"row\">&#13;\n<div class=\"col-sm-offset-2 col-sm-5\"><\/div>&#13;\n<\/div>&#13;\n<\/div><\/p>\n\n<div class=\"wp-block-columns is-layout-flex wp-container-core-columns-is-layout-9d6595d7 wp-block-columns-is-layout-flex\">\n<div class=\"wp-block-column is-layout-flow wp-block-column-is-layout-flow\"><div class=\"wp-block-image\">\n<figure class=\"aligncenter size-full\"><img decoding=\"async\" src=\"https:\/\/viaro.org\/wp-content\/uploads\/2023\/07\/&#x200E;post-mini-semana-3.&#x200E;001.png\" alt=\"\" class=\"wp-image-18913\"\/><\/figure><\/div><\/div>\n\n\n\n<div class=\"wp-block-column is-layout-flow wp-block-column-is-layout-flow\"><div class=\"wp-block-image\">\n<figure class=\"aligncenter size-full\"><img decoding=\"async\" src=\"https:\/\/viaro.org\/wp-content\/uploads\/2023\/07\/&#x200E;post-mini-semana-3.&#x200E;008.png\" alt=\"\" class=\"wp-image-18916\"\/><\/figure><\/div>\n\n\n<h4 class=\"has-text-align-center wp-block-heading\"><a href=\"https:\/\/viaro.smugmug.com\/Mini-Country-23-3-semana-\/n-dLMB5K\" target=\"_blank\" rel=\"noopener\">Veure m\u00e9s fotos<\/a><\/h4>\n<\/div>\n\n\n\n<div class=\"wp-block-column is-layout-flow wp-block-column-is-layout-flow\"><div class=\"wp-block-image\">\n<figure class=\"aligncenter size-full\"><img decoding=\"async\" src=\"https:\/\/viaro.org\/wp-content\/uploads\/2023\/07\/&#x200E;post-mini-semana-3.&#x200E;010.png\" alt=\"\" class=\"wp-image-18919\"\/><\/figure><\/div><\/div>\n<\/div>\n\n<h3 class=\"wp-block-heading\">Setmana 4 Country Mini Camp 2023<\/h3>\n\n<p>Aquestes quatre setmanes han estat un aut\u00e8ntic regal. Poder gaudir un any m\u00e9s del Country i Mini Country amb els vostres fills. Poder veure el m\u00f3n a trav\u00e9s dels seus ulls! Veure com s&#8217;acosten a Lluvia, el nostre poni, sense cap mena de por. Veure com els graons que els podrien semblar gegants no s\u00f3n cap obstacle&#8230;&#13;\n<\/p>\n\n<p>Acostar-se cada mat\u00ed a Kika i Rica, les nostres gallines, com si acabessin d&#8217;arribar per primera vegada, o com observen als conills sense cansar-se de mirar-los i de buscar-los, perqu\u00e8 Alcatraz \u00e9s especialista a escapolir-se per a descansar a la gespa sota l&#8217;alzina. Tampoc ha faltat la piscina, ni els jocs d&#8217;aigua per a poder suportar la calor.&#13;\n<\/p>\n\n<p>Hem d&#8217;aprendre tant d&#8217;ells!<\/p>\n\n<p>Aix\u00ed que, gr\u00e0cies, un any m\u00e9s per confiar en Viar\u00f3 Infantil i per saber apreciar els petits detalls que marquen la difer\u00e8ncia.&#13;\n<\/p>\n\n<p>Us desitgem unes bones vacances i ens veiem al setembre en el nostre nou Infantil! Amb les piles carregades i m\u00e9s il\u00b7lusi\u00f3 que mai!&#13;\n<\/p>\n\n<div class=\"wp-block-columns is-layout-flex wp-container-core-columns-is-layout-9d6595d7 wp-block-columns-is-layout-flex\">\n<div class=\"wp-block-column is-layout-flow wp-block-column-is-layout-flow\">\n<figure class=\"wp-block-image size-full\"><img decoding=\"async\" src=\"https:\/\/viaro.org\/wp-content\/uploads\/2023\/07\/&#x200E;Post-mini-semana-4.&#x200E;001.png\" alt=\"\" class=\"wp-image-19098\"\/><\/figure><\/div>\n\n\n\n<div class=\"wp-block-column is-layout-flow wp-block-column-is-layout-flow\">\n<figure class=\"wp-block-image size-full\"><img decoding=\"async\" src=\"https:\/\/viaro.org\/wp-content\/uploads\/2023\/07\/&#x200E;Post-mini-semana-4.&#x200E;007.png\" alt=\"\" class=\"wp-image-19101\"\/><\/figure>\n\n\n<h4 class=\"has-text-align-center wp-block-heading\"><a href=\"https:\/\/viaro.smugmug.com\/Mini-country-23-4%C2%AAsemana-\/n-jPqDpr\" target=\"_blank\" rel=\"noopener\">Veure m\u00e9s fotos<\/a><\/h4>\n<\/div>\n\n\n\n<div class=\"wp-block-column is-layout-flow wp-block-column-is-layout-flow\">\n<figure class=\"wp-block-image size-full\"><img decoding=\"async\" src=\"https:\/\/viaro.org\/wp-content\/uploads\/2023\/07\/&#x200E;Post-mini-semana-4.&#x200E;006.png\" alt=\"\" class=\"wp-image-19104\"\/><\/figure><\/div>\n<\/div>\n","protected":false},"excerpt":{"rendered":"<p>Setmana 1 Country Mini Camp 2023 &#13; &#13; Els m\u00e9s petits estem fent el Mini Country Camp. La nostra primera setmana ha estat intensa i apassionant. Ens hem adaptat a les nostres noves classes, i els grans ens diuen que sembla que hem crescut de cop. I \u00e9s que els sostres s\u00f3n tan alts i [&hellip;]<\/p>\n","protected":false},"author":12,"featured_media":18923,"comment_status":"closed","ping_status":"closed","sticky":false,"template":"","format":"standard","meta":{"_uag_custom_page_level_css":"","_joinchat":[],"footnotes":""},"categories":[943],"tags":[],"class_list":["post-18927","post","type-post","status-publish","format-standard","has-post-thumbnail","hentry","category-infantil-ca"],"uagb_featured_image_src":{"full":["https:\/\/viaro.org\/wp-content\/uploads\/2023\/07\/WhatsApp-Image-2023-07-07-at-14.39.50-2.jpeg",1024,768,false],"thumbnail":["https:\/\/viaro.org\/wp-content\/uploads\/2023\/07\/WhatsApp-Image-2023-07-07-at-14.39.50-2-150x150.jpeg",150,150,true],"medium":["https:\/\/viaro.org\/wp-content\/uploads\/2023\/07\/WhatsApp-Image-2023-07-07-at-14.39.50-2-300x225.jpeg",300,225,true],"medium_large":["https:\/\/viaro.org\/wp-content\/uploads\/2023\/07\/WhatsApp-Image-2023-07-07-at-14.39.50-2-768x576.jpeg",640,480,true],"large":["https:\/\/viaro.org\/wp-content\/uploads\/2023\/07\/WhatsApp-Image-2023-07-07-at-14.39.50-2.jpeg",640,480,false],"1536x1536":["https:\/\/viaro.org\/wp-content\/uploads\/2023\/07\/WhatsApp-Image-2023-07-07-at-14.39.50-2.jpeg",1024,768,false],"2048x2048":["https:\/\/viaro.org\/wp-content\/uploads\/2023\/07\/WhatsApp-Image-2023-07-07-at-14.39.50-2.jpeg",1024,768,false],"related-content":["https:\/\/viaro.org\/wp-content\/uploads\/2023\/07\/WhatsApp-Image-2023-07-07-at-14.39.50-2-297x167.jpeg",297,167,true]},"uagb_author_info":{"display_name":"Ignacio Malmierca","author_link":"https:\/\/viaro.org\/ca\/author\/imalmierca\/"},"uagb_comment_info":0,"uagb_excerpt":"Setmana 1 Country Mini Camp 2023 &#13; &#13; Els m\u00e9s petits estem fent el Mini Country Camp. La nostra primera setmana ha estat intensa i apassionant. Ens hem adaptat a les nostres noves classes, i els grans ens diuen que sembla que hem crescut de cop. I \u00e9s que els sostres s\u00f3n tan alts i&hellip;","_links":{"self":[{"href":"https:\/\/viaro.org\/ca\/wp-json\/wp\/v2\/posts\/18927","targetHints":{"allow":["GET"]}}],"collection":[{"href":"https:\/\/viaro.org\/ca\/wp-json\/wp\/v2\/posts"}],"about":[{"href":"https:\/\/viaro.org\/ca\/wp-json\/wp\/v2\/types\/post"}],"author":[{"embeddable":true,"href":"https:\/\/viaro.org\/ca\/wp-json\/wp\/v2\/users\/12"}],"replies":[{"embeddable":true,"href":"https:\/\/viaro.org\/ca\/wp-json\/wp\/v2\/comments?post=18927"}],"version-history":[{"count":2,"href":"https:\/\/viaro.org\/ca\/wp-json\/wp\/v2\/posts\/18927\/revisions"}],"predecessor-version":[{"id":19108,"href":"https:\/\/viaro.org\/ca\/wp-json\/wp\/v2\/posts\/18927\/revisions\/19108"}],"wp:featuredmedia":[{"embeddable":true,"href":"https:\/\/viaro.org\/ca\/wp-json\/wp\/v2\/media\/18923"}],"wp:attachment":[{"href":"https:\/\/viaro.org\/ca\/wp-json\/wp\/v2\/media?parent=18927"}],"wp:term":[{"taxonomy":"category","embeddable":true,"href":"https:\/\/viaro.org\/ca\/wp-json\/wp\/v2\/categories?post=18927"},{"taxonomy":"post_tag","embeddable":true,"href":"https:\/\/viaro.org\/ca\/wp-json\/wp\/v2\/tags?post=18927"}],"curies":[{"name":"wp","href":"https:\/\/api.w.org\/{rel}","templated":true}]}}