{"id":20138,"date":"2023-09-18T08:43:29","date_gmt":"2023-09-18T08:43:29","guid":{"rendered":"https:\/\/viaro.org\/alumni-day-23\/"},"modified":"2024-02-01T09:23:58","modified_gmt":"2024-02-01T09:23:58","slug":"alumni-day-23","status":"publish","type":"post","link":"https:\/\/viaro.org\/ca\/alumni-day-23\/","title":{"rendered":"Alumni Day 23"},"content":{"rendered":"\n<p><div class=\"traductor-textarea form-group\">&#13;\n<div class=\"textarea-desti col-xs-12 col-sm-6\">&#13;\n<div class=\"form-control second-textarea\">Dissabte passat 16 de setembre vam celebrar en el col\u00b7legi L&#8217;Alumni\u00a0Day\u00a023, una trobada <a href=\"https:\/\/viaro.org\/ca\/viaro-alumni\/\"><strong>d&#8217;antics alumnes<\/strong><\/a> obert tamb\u00e9 a totes les fam\u00edlies del col\u00b7legi i amics. M\u00e9s de mil persones van participar en aquest esdeveniment. Un dia inoblidable per a grans i petits, ple d&#8217;activitats i retrobaments.<\/div>&#13;\n<\/div>&#13;\n<\/div>&#13;\n<div class=\"traductor-checkbox form-group\">&#13;\n<div class=\"row\">&#13;\n<div class=\"col-sm-offset-2 col-sm-5\"><\/div>&#13;\n<\/div>&#13;\n<\/div><\/p>\n\n<h3 class=\"wp-block-heading\">V\u00eddeo del Alumni Day 23<\/h3>\n<div class=\"epyt-video-wrapper\"><div  style=\"display: block; margin: 0px auto;\"  id=\"_ytid_73077\"  width=\"800\" height=\"450\"  data-origwidth=\"800\" data-origheight=\"450\" data-facadesrc=\"https:\/\/www.youtube.com\/embed\/BmFWdGiiW-c?enablejsapi=1&#038;autoplay=0&#038;cc_load_policy=0&#038;cc_lang_pref=&#038;iv_load_policy=3&#038;loop=0&#038;rel=0&#038;fs=1&#038;playsinline=0&#038;autohide=2&#038;theme=dark&#038;color=white&#038;controls=1&#038;disablekb=0&#038;\" class=\"__youtube_prefs__ epyt-facade no-lazyload\" data-epautoplay=\"1\" ><img decoding=\"async\" data-spai-excluded=\"true\" class=\"epyt-facade-poster skip-lazy\" loading=\"lazy\"  alt=\"YouTube player\"  src=\"https:\/\/i.ytimg.com\/vi\/BmFWdGiiW-c\/maxresdefault.jpg\"  \/><button class=\"epyt-facade-play\" aria-label=\"Play\"><svg data-no-lazy=\"1\" height=\"100%\" version=\"1.1\" viewBox=\"0 0 68 48\" width=\"100%\"><path class=\"ytp-large-play-button-bg\" d=\"M66.52,7.74c-0.78-2.93-2.49-5.41-5.42-6.19C55.79,.13,34,0,34,0S12.21,.13,6.9,1.55 C3.97,2.33,2.27,4.81,1.48,7.74C0.06,13.05,0,24,0,24s0.06,10.95,1.48,16.26c0.78,2.93,2.49,5.41,5.42,6.19 C12.21,47.87,34,48,34,48s21.79-0.13,27.1-1.55c2.93-0.78,4.64-3.26,5.42-6.19C67.94,34.95,68,24,68,24S67.94,13.05,66.52,7.74z\" fill=\"#f00\"><\/path><path d=\"M 45,24 27,14 27,34\" fill=\"#fff\"><\/path><\/svg><\/button><\/div><\/div>\n<div style=\"height:37px\" aria-hidden=\"true\" class=\"wp-block-spacer\"><\/div>\n\n<div class=\"wp-block-columns is-layout-flex wp-container-core-columns-is-layout-9d6595d7 wp-block-columns-is-layout-flex\">\n<div class=\"wp-block-column is-layout-flow wp-block-column-is-layout-flow\"><\/div>\n\n\n\n<div class=\"wp-block-column is-layout-flow wp-block-column-is-layout-flow\" style=\"flex-basis:25%\">\n<div class=\"wp-block-buttons is-content-justification-center is-layout-flex wp-container-core-buttons-is-layout-51f7783f wp-block-buttons-is-layout-flex\">\n<div class=\"wp-block-button has-custom-width wp-block-button__width-100\"><a class=\"wp-block-button__link has-white-color has-text-color has-background wp-element-button\" href=\"https:\/\/viaro.smugmug.com\/Viaro-Alumni-Day-2023\/n-QsN7XX\" style=\"background-color:#b2153f\" target=\"_blank\" rel=\"noreferrer noopener\"><strong>VEURE FOTOS<\/strong><\/a><\/div>\n<\/div>\n<\/div>\n\n\n\n<div class=\"wp-block-column is-layout-flow wp-block-column-is-layout-flow\"><\/div>\n<\/div>\n\n<p>Durant el mat\u00ed es van desenvolupar competicions esportives de futbol i p\u00e0del i es va obrir el parc de jocs inflables per als m\u00e9s petits. El clima va resultar espl\u00e8ndid i alguns fins i tot van decidir quedar-se a menjar despr\u00e9s de l&#8217;esport<\/p>\n\n<div class=\"wp-block-columns is-layout-flex wp-container-core-columns-is-layout-9d6595d7 wp-block-columns-is-layout-flex\">\n<div class=\"wp-block-column is-layout-flow wp-block-column-is-layout-flow\">\n<figure class=\"wp-block-image size-full\"><img decoding=\"async\" width=\"600\" height=\"399\" src=\"https:\/\/viaro.org\/wp-content\/uploads\/2024\/02\/Alumni-Day-23-5457.jpg\" alt=\"Alumni Day 23\" class=\"wp-image-20098\" srcset=\"https:\/\/viaro.org\/wp-content\/uploads\/2024\/02\/Alumni-Day-23-5457.jpg 600w, https:\/\/viaro.org\/wp-content\/uploads\/2024\/02\/Alumni-Day-23-5457-300x200.jpg 300w\" sizes=\"(max-width: 600px) 100vw, 600px\" \/><\/figure>\n<\/div>\n\n\n\n<div class=\"wp-block-column is-layout-flow wp-block-column-is-layout-flow\">\n<figure class=\"wp-block-image size-full\"><img decoding=\"async\" width=\"600\" height=\"399\" src=\"https:\/\/viaro.org\/wp-content\/uploads\/2024\/02\/Alumni-Day-23-5691.jpg\" alt=\"\" class=\"wp-image-20101\" srcset=\"https:\/\/viaro.org\/wp-content\/uploads\/2024\/02\/Alumni-Day-23-5691.jpg 600w, https:\/\/viaro.org\/wp-content\/uploads\/2024\/02\/Alumni-Day-23-5691-300x200.jpg 300w\" sizes=\"(max-width: 600px) 100vw, 600px\" \/><\/figure>\n<\/div>\n\n\n\n<div class=\"wp-block-column is-layout-flow wp-block-column-is-layout-flow\">\n<figure class=\"wp-block-image size-full\"><img decoding=\"async\" width=\"600\" height=\"399\" src=\"https:\/\/viaro.org\/wp-content\/uploads\/2024\/02\/Alumni-Day-23-6242.jpg\" alt=\"\" class=\"wp-image-20105\" srcset=\"https:\/\/viaro.org\/wp-content\/uploads\/2024\/02\/Alumni-Day-23-6242.jpg 600w, https:\/\/viaro.org\/wp-content\/uploads\/2024\/02\/Alumni-Day-23-6242-300x200.jpg 300w\" sizes=\"(max-width: 600px) 100vw, 600px\" \/><\/figure>\n<\/div>\n<\/div>\n\n<p><div class=\"traductor-textarea form-group\">&#13;\n<div class=\"textarea-desti col-xs-12 col-sm-6\">&#13;\n<div class=\"form-control second-textarea\">A la tarda es va celebrar una Missa a l&#8217;oratori del col\u00b7legi (concelebrada pel capell\u00e0 i dos antics alumnes) i despr\u00e9s va tenir lloc la confer\u00e8ncia de <a href=\"https:\/\/es.wikipedia.org\/wiki\/Toni_Nadal\" target=\"_blank\" rel=\"noopener\"><strong>Toni Nadal<\/strong><\/a>, en la qual va compartir alguns dels secrets que han portat el seu nebot <a href=\"https:\/\/rafaelnadal.com\/\" target=\"_blank\" rel=\"noopener\"><strong>Rafa Nadal<\/strong><\/a> a ser un dels millors esportistes de tots els temps. Especialment, va destacar el valor de l&#8217;esfor\u00e7 i la resili\u00e8ncia, valors que tamb\u00e9 procurem transmetre als nostres alumnes.<\/div>&#13;\n<\/div>&#13;\n<\/div>&#13;\n<div class=\"traductor-checkbox form-group\">&#13;\n<div class=\"row\">&#13;\n<div class=\"col-sm-offset-2 col-sm-5\"><\/div>&#13;\n<\/div>&#13;\n<\/div><\/p>\n\n<div class=\"wp-block-columns is-layout-flex wp-container-core-columns-is-layout-9d6595d7 wp-block-columns-is-layout-flex\">\n<div class=\"wp-block-column is-layout-flow wp-block-column-is-layout-flow\">\n<figure class=\"wp-block-image size-full\"><img decoding=\"async\" width=\"600\" height=\"399\" src=\"https:\/\/viaro.org\/wp-content\/uploads\/2024\/02\/Alumni-Day-23-6477.jpg\" alt=\"\" class=\"wp-image-20113\" srcset=\"https:\/\/viaro.org\/wp-content\/uploads\/2024\/02\/Alumni-Day-23-6477.jpg 600w, https:\/\/viaro.org\/wp-content\/uploads\/2024\/02\/Alumni-Day-23-6477-300x200.jpg 300w\" sizes=\"(max-width: 600px) 100vw, 600px\" \/><\/figure>\n<\/div>\n\n\n\n<div class=\"wp-block-column is-layout-flow wp-block-column-is-layout-flow\">\n<figure class=\"wp-block-image size-full\"><img decoding=\"async\" width=\"600\" height=\"399\" src=\"https:\/\/viaro.org\/wp-content\/uploads\/2024\/02\/Alumni-Day-23-6421.jpg\" alt=\"\" class=\"wp-image-20119\" srcset=\"https:\/\/viaro.org\/wp-content\/uploads\/2024\/02\/Alumni-Day-23-6421.jpg 600w, https:\/\/viaro.org\/wp-content\/uploads\/2024\/02\/Alumni-Day-23-6421-300x200.jpg 300w\" sizes=\"(max-width: 600px) 100vw, 600px\" \/><\/figure>\n<\/div>\n\n\n\n<div class=\"wp-block-column is-layout-flow wp-block-column-is-layout-flow\">\n<figure class=\"wp-block-image size-full\"><img decoding=\"async\" width=\"600\" height=\"399\" src=\"https:\/\/viaro.org\/wp-content\/uploads\/2024\/02\/Alumni-Day-23-6655.jpg\" alt=\"\" class=\"wp-image-20116\" srcset=\"https:\/\/viaro.org\/wp-content\/uploads\/2024\/02\/Alumni-Day-23-6655.jpg 600w, https:\/\/viaro.org\/wp-content\/uploads\/2024\/02\/Alumni-Day-23-6655-300x200.jpg 300w\" sizes=\"(max-width: 600px) 100vw, 600px\" \/><\/figure>\n<\/div>\n<\/div>\n\n<p><div class=\"traductor-textarea form-group\">&#13;\n<div class=\"textarea-desti col-xs-12 col-sm-6\">&#13;\n<div class=\"form-control second-textarea\">Despr\u00e9s de la confer\u00e8ncia, en <strong>Miquel Feliu<\/strong> ens va oferir el seu testimoniatge sobre com est\u00e0 convivint amb un c\u00e0ncer des de fa anys. Agra\u00efm la seva fortalesa i serenitat, que s\u00f3n un exemple per a tots. Viar\u00f3 Alumni Va presentar tamb\u00e9 la iniciativa de la <a href=\"https:\/\/fundaciovellametller.com\/beca-adan-excelencia\/\" target=\"_blank\" rel=\"noopener\"><strong>Beca Ad\u00e1n a l&#8217;Excel\u00b7l\u00e8ncia<\/strong><\/a>, amb la qual recapten fons per a oferir beques d&#8217;estudis als alumnes m\u00e9s destacats que desitgen cursar Batxillerat en el col\u00b7legi.<\/div>&#13;\n<\/div>&#13;\n<\/div><\/p>\n\n<p>Durant tota la jornada de l&#8217;Alumni Day 23 vam comptar amb un mercat solidari amb tota classe d&#8217;articles, els beneficis dels quals es van destinar tamb\u00e9 a beques per a alumnes. I per a acabar, el grup Comeback ens va oferir un concert replet de cl\u00e0ssics d&#8217;avui i de sempre.&#13;\n<\/p>\n\n<div class=\"wp-block-columns is-layout-flex wp-container-core-columns-is-layout-9d6595d7 wp-block-columns-is-layout-flex\">\n<div class=\"wp-block-column is-layout-flow wp-block-column-is-layout-flow\">\n<figure class=\"wp-block-image size-full\"><img decoding=\"async\" width=\"600\" height=\"399\" src=\"https:\/\/viaro.org\/wp-content\/uploads\/2024\/02\/Alumni-Day-23-6331.jpg\" alt=\"\" class=\"wp-image-20108\" srcset=\"https:\/\/viaro.org\/wp-content\/uploads\/2024\/02\/Alumni-Day-23-6331.jpg 600w, https:\/\/viaro.org\/wp-content\/uploads\/2024\/02\/Alumni-Day-23-6331-300x200.jpg 300w\" sizes=\"(max-width: 600px) 100vw, 600px\" \/><\/figure>\n<\/div>\n\n\n\n<div class=\"wp-block-column is-layout-flow wp-block-column-is-layout-flow\">\n<figure class=\"wp-block-image size-full\"><img decoding=\"async\" width=\"600\" height=\"399\" src=\"https:\/\/viaro.org\/wp-content\/uploads\/2024\/02\/Alumni-Day-23-6956.jpg\" alt=\"\" class=\"wp-image-20122\" srcset=\"https:\/\/viaro.org\/wp-content\/uploads\/2024\/02\/Alumni-Day-23-6956.jpg 600w, https:\/\/viaro.org\/wp-content\/uploads\/2024\/02\/Alumni-Day-23-6956-300x200.jpg 300w\" sizes=\"(max-width: 600px) 100vw, 600px\" \/><\/figure>\n<\/div>\n\n\n\n<div class=\"wp-block-column is-layout-flow wp-block-column-is-layout-flow\">\n<figure class=\"wp-block-image size-full\"><img decoding=\"async\" width=\"600\" height=\"399\" src=\"https:\/\/viaro.org\/wp-content\/uploads\/2024\/02\/Alumni-Day-23-6972.jpg\" alt=\"\" class=\"wp-image-20126\" srcset=\"https:\/\/viaro.org\/wp-content\/uploads\/2024\/02\/Alumni-Day-23-6972.jpg 600w, https:\/\/viaro.org\/wp-content\/uploads\/2024\/02\/Alumni-Day-23-6972-300x200.jpg 300w\" sizes=\"(max-width: 600px) 100vw, 600px\" \/><\/figure>\n<\/div>\n<\/div>\n\n<p>Sens dubte va ser un acte molt emotiu, ple de retrobaments i una oportunitat de celebrar junts els valors de Viar\u00f3. Us esperem a tots en la pr\u00f2xima trobada.&#13;\n<\/p>\n","protected":false},"excerpt":{"rendered":"<p>&#13; &#13; Dissabte passat 16 de setembre vam celebrar en el col\u00b7legi L&#8217;Alumni\u00a0Day\u00a023, una trobada d&#8217;antics alumnes obert tamb\u00e9 a totes les fam\u00edlies del col\u00b7legi i amics. M\u00e9s de mil persones van participar en aquest esdeveniment. Un dia inoblidable per a grans i petits, ple d&#8217;activitats i retrobaments. &#13; &#13; &#13; &#13; &#13; &#13; &#13; [&hellip;]<\/p>\n","protected":false},"author":12,"featured_media":20131,"comment_status":"closed","ping_status":"closed","sticky":false,"template":"","format":"standard","meta":{"_uag_custom_page_level_css":"","_joinchat":[],"footnotes":""},"categories":[936,939],"tags":[1027,1080],"class_list":["post-20138","post","type-post","status-publish","format-standard","has-post-thumbnail","hentry","category-alumni-ca","category-esdeveniments","tag-activitats-alumni","tag-alumni-day-ca"],"uagb_featured_image_src":{"full":["https:\/\/viaro.org\/wp-content\/uploads\/2023\/09\/Alumni-Day-23-Header.jpg",1400,556,false],"thumbnail":["https:\/\/viaro.org\/wp-content\/uploads\/2023\/09\/Alumni-Day-23-Header-150x150.jpg",150,150,true],"medium":["https:\/\/viaro.org\/wp-content\/uploads\/2023\/09\/Alumni-Day-23-Header-300x119.jpg",300,119,true],"medium_large":["https:\/\/viaro.org\/wp-content\/uploads\/2023\/09\/Alumni-Day-23-Header-768x305.jpg",640,254,true],"large":["https:\/\/viaro.org\/wp-content\/uploads\/2023\/09\/Alumni-Day-23-Header-1024x407.jpg",640,254,true],"1536x1536":["https:\/\/viaro.org\/wp-content\/uploads\/2023\/09\/Alumni-Day-23-Header.jpg",1400,556,false],"2048x2048":["https:\/\/viaro.org\/wp-content\/uploads\/2023\/09\/Alumni-Day-23-Header.jpg",1400,556,false],"related-content":["https:\/\/viaro.org\/wp-content\/uploads\/2023\/09\/Alumni-Day-23-Header-297x167.jpg",297,167,true]},"uagb_author_info":{"display_name":"Ignacio Malmierca","author_link":"https:\/\/viaro.org\/ca\/author\/imalmierca\/"},"uagb_comment_info":0,"uagb_excerpt":"&#13; &#13; Dissabte passat 16 de setembre vam celebrar en el col\u00b7legi L&#8217;Alumni\u00a0Day\u00a023, una trobada d&#8217;antics alumnes obert tamb\u00e9 a totes les fam\u00edlies del col\u00b7legi i amics. M\u00e9s de mil persones van participar en aquest esdeveniment. Un dia inoblidable per a grans i petits, ple d&#8217;activitats i retrobaments. &#13; &#13; &#13; &#13; &#13; &#13; &#13;&hellip;","_links":{"self":[{"href":"https:\/\/viaro.org\/ca\/wp-json\/wp\/v2\/posts\/20138","targetHints":{"allow":["GET"]}}],"collection":[{"href":"https:\/\/viaro.org\/ca\/wp-json\/wp\/v2\/posts"}],"about":[{"href":"https:\/\/viaro.org\/ca\/wp-json\/wp\/v2\/types\/post"}],"author":[{"embeddable":true,"href":"https:\/\/viaro.org\/ca\/wp-json\/wp\/v2\/users\/12"}],"replies":[{"embeddable":true,"href":"https:\/\/viaro.org\/ca\/wp-json\/wp\/v2\/comments?post=20138"}],"version-history":[{"count":3,"href":"https:\/\/viaro.org\/ca\/wp-json\/wp\/v2\/posts\/20138\/revisions"}],"predecessor-version":[{"id":20149,"href":"https:\/\/viaro.org\/ca\/wp-json\/wp\/v2\/posts\/20138\/revisions\/20149"}],"wp:featuredmedia":[{"embeddable":true,"href":"https:\/\/viaro.org\/ca\/wp-json\/wp\/v2\/media\/20131"}],"wp:attachment":[{"href":"https:\/\/viaro.org\/ca\/wp-json\/wp\/v2\/media?parent=20138"}],"wp:term":[{"taxonomy":"category","embeddable":true,"href":"https:\/\/viaro.org\/ca\/wp-json\/wp\/v2\/categories?post=20138"},{"taxonomy":"post_tag","embeddable":true,"href":"https:\/\/viaro.org\/ca\/wp-json\/wp\/v2\/tags?post=20138"}],"curies":[{"name":"wp","href":"https:\/\/api.w.org\/{rel}","templated":true}]}}