{"id":20468,"date":"2024-02-19T09:25:51","date_gmt":"2024-02-19T09:25:51","guid":{"rendered":"https:\/\/viaro.org\/primera-confessio-23-24\/"},"modified":"2024-02-19T09:29:21","modified_gmt":"2024-02-19T09:29:21","slug":"primera-confessio-23-24","status":"publish","type":"post","link":"https:\/\/viaro.org\/ca\/primera-confessio-23-24\/","title":{"rendered":"Primera Confessi\u00f3 23-24"},"content":{"rendered":"\n<p><div class=\"traductor-textarea form-group\">&#13;\n<div class=\"textarea-desti col-xs-12 col-sm-6\">&#13;\n<div class=\"form-control second-textarea\">Els alumnes de 2n prim\u00e0ria han fet la seva Primera Confessi\u00f3 aquest cap de setmana. Acompanyats dels seus pares, s&#8217;han acostat per primera vegada a rebre el <a href=\"https:\/\/opusdei.org\/es\/article\/la-confesion-una-guia-breve\/\" target=\"_blank\" rel=\"noopener\"><strong>Sagrament de la Reconciliaci\u00f3<\/strong><\/a>.<\/div>&#13;\n<\/div>&#13;\n<\/div>&#13;\n<div class=\"traductor-checkbox form-group\">&#13;\n<div class=\"row\">&#13;\n<div class=\"col-sm-offset-2 col-sm-5\"><\/div>&#13;\n<\/div>&#13;\n<\/div><\/p>\n\n<p>La cerim\u00f2nia va tenir lloc en l&#8217;oratori del col\u00b7legi. Un acte senzill, per\u00f2 ple de pietat, en el qual els alumnes van poder experimentar per primera vegada l&#8217;alegria d&#8217;aquest sagrament<\/p>\n\n<p>La Primera Confessi\u00f3, suposa un pas m\u00e9s en el cam\u00ed de catequesi que van iniciar els alumnes el curs passat, preparant-se per a la Primera Comuni\u00f3, que rebran el curs vinent.<\/p>\n\n<p><div class=\"traductor-textarea form-group\">&#13;\n<div class=\"textarea-desti col-xs-12 col-sm-6\">&#13;\n<div class=\"form-control second-textarea\">Volem agrair a la <a href=\"https:\/\/viaro.org\/ca\/comunidad-y-servicios\/capellania\/\"><strong>Capellania<\/strong><\/a> del col\u00b7legi i als professors tota la preparaci\u00f3 i dedicaci\u00f3, col\u00b7laborant amb les fam\u00edlies, perqu\u00e8 els alumnes puguin acostar-se ben preparats al Sagrament de la Reconciliaci\u00f3. Una fita important en la seva formaci\u00f3 i en la seva vida cristiana.<\/div>&#13;\n<\/div>&#13;\n<\/div>&#13;\n<div class=\"traductor-checkbox form-group\">&#13;\n<div class=\"row\">&#13;\n<div class=\"col-sm-offset-2 col-sm-5\"><\/div>&#13;\n<\/div>&#13;\n<\/div><\/p>\n\n<h2 class=\"wp-block-heading\">Fotos | Primera Confessi\u00f3 23-24<\/h2>\n\n<div class=\"wp-block-columns is-layout-flex wp-container-core-columns-is-layout-9d6595d7 wp-block-columns-is-layout-flex\">\n<div class=\"wp-block-column is-layout-flow wp-block-column-is-layout-flow\">\n<figure class=\"wp-block-image size-full\"><img decoding=\"async\" width=\"800\" height=\"600\" src=\"https:\/\/viaro.org\/wp-content\/uploads\/2024\/02\/Primera-Confesion-23-24-c.jpeg\" alt=\"Primera Confessi&#xF3; 23-24\" class=\"wp-image-20448\" srcset=\"https:\/\/viaro.org\/wp-content\/uploads\/2024\/02\/Primera-Confesion-23-24-c.jpeg 800w, https:\/\/viaro.org\/wp-content\/uploads\/2024\/02\/Primera-Confesion-23-24-c-300x225.jpeg 300w, https:\/\/viaro.org\/wp-content\/uploads\/2024\/02\/Primera-Confesion-23-24-c-768x576.jpeg 768w\" sizes=\"(max-width: 800px) 100vw, 800px\" \/><\/figure>\n\n\n\n<figure class=\"wp-block-image size-full\"><img decoding=\"async\" width=\"800\" height=\"600\" src=\"https:\/\/viaro.org\/wp-content\/uploads\/2024\/02\/Primera-Confesion-23-24-f.jpeg\" alt=\"\" class=\"wp-image-20460\" srcset=\"https:\/\/viaro.org\/wp-content\/uploads\/2024\/02\/Primera-Confesion-23-24-f.jpeg 800w, https:\/\/viaro.org\/wp-content\/uploads\/2024\/02\/Primera-Confesion-23-24-f-300x225.jpeg 300w, https:\/\/viaro.org\/wp-content\/uploads\/2024\/02\/Primera-Confesion-23-24-f-768x576.jpeg 768w\" sizes=\"(max-width: 800px) 100vw, 800px\" \/><\/figure>\n<\/div>\n\n\n\n<div class=\"wp-block-column is-layout-flow wp-block-column-is-layout-flow\">\n<figure class=\"wp-block-image size-full\"><img decoding=\"async\" width=\"800\" height=\"600\" src=\"https:\/\/viaro.org\/wp-content\/uploads\/2024\/02\/Primera-Confesion-23-24-A.jpeg\" alt=\"\" class=\"wp-image-20442\" srcset=\"https:\/\/viaro.org\/wp-content\/uploads\/2024\/02\/Primera-Confesion-23-24-A.jpeg 800w, https:\/\/viaro.org\/wp-content\/uploads\/2024\/02\/Primera-Confesion-23-24-A-300x225.jpeg 300w, https:\/\/viaro.org\/wp-content\/uploads\/2024\/02\/Primera-Confesion-23-24-A-768x576.jpeg 768w\" sizes=\"(max-width: 800px) 100vw, 800px\" \/><\/figure>\n\n\n\n<figure class=\"wp-block-image size-full\"><img decoding=\"async\" width=\"800\" height=\"600\" src=\"https:\/\/viaro.org\/wp-content\/uploads\/2024\/02\/Primera-Confesion-23-24-d.jpeg\" alt=\"\" class=\"wp-image-20451\" srcset=\"https:\/\/viaro.org\/wp-content\/uploads\/2024\/02\/Primera-Confesion-23-24-d.jpeg 800w, https:\/\/viaro.org\/wp-content\/uploads\/2024\/02\/Primera-Confesion-23-24-d-300x225.jpeg 300w, https:\/\/viaro.org\/wp-content\/uploads\/2024\/02\/Primera-Confesion-23-24-d-768x576.jpeg 768w\" sizes=\"(max-width: 800px) 100vw, 800px\" \/><\/figure>\n<\/div>\n\n\n\n<div class=\"wp-block-column is-layout-flow wp-block-column-is-layout-flow\">\n<figure class=\"wp-block-image size-full\"><img decoding=\"async\" width=\"800\" height=\"600\" src=\"https:\/\/viaro.org\/wp-content\/uploads\/2024\/02\/Primera-Confesion-23-24-b.jpeg\" alt=\"\" class=\"wp-image-20445\" srcset=\"https:\/\/viaro.org\/wp-content\/uploads\/2024\/02\/Primera-Confesion-23-24-b.jpeg 800w, https:\/\/viaro.org\/wp-content\/uploads\/2024\/02\/Primera-Confesion-23-24-b-300x225.jpeg 300w, https:\/\/viaro.org\/wp-content\/uploads\/2024\/02\/Primera-Confesion-23-24-b-768x576.jpeg 768w\" sizes=\"(max-width: 800px) 100vw, 800px\" \/><\/figure>\n\n\n\n<figure class=\"wp-block-image size-full\"><img decoding=\"async\" width=\"800\" height=\"600\" src=\"https:\/\/viaro.org\/wp-content\/uploads\/2024\/02\/Primera-Confesion-23-24-e.jpeg\" alt=\"\" class=\"wp-image-20454\" srcset=\"https:\/\/viaro.org\/wp-content\/uploads\/2024\/02\/Primera-Confesion-23-24-e.jpeg 800w, https:\/\/viaro.org\/wp-content\/uploads\/2024\/02\/Primera-Confesion-23-24-e-300x225.jpeg 300w, https:\/\/viaro.org\/wp-content\/uploads\/2024\/02\/Primera-Confesion-23-24-e-768x576.jpeg 768w\" sizes=\"(max-width: 800px) 100vw, 800px\" \/><\/figure>\n<\/div>\n<\/div>\n","protected":false},"excerpt":{"rendered":"<p>&#13; &#13; Els alumnes de 2n prim\u00e0ria han fet la seva Primera Confessi\u00f3 aquest cap de setmana. Acompanyats dels seus pares, s&#8217;han acostat per primera vegada a rebre el Sagrament de la Reconciliaci\u00f3. &#13; &#13; &#13; &#13; &#13; &#13; &#13; La cerim\u00f2nia va tenir lloc en l&#8217;oratori del col\u00b7legi. Un acte senzill, per\u00f2 ple de [&hellip;]<\/p>\n","protected":false},"author":12,"featured_media":20464,"comment_status":"closed","ping_status":"closed","sticky":false,"template":"","format":"standard","meta":{"_uag_custom_page_level_css":"","_joinchat":[],"footnotes":""},"categories":[951],"tags":[1041],"class_list":["post-20468","post","type-post","status-publish","format-standard","has-post-thumbnail","hentry","category-primaria-ca","tag-capellania-ca"],"uagb_featured_image_src":{"full":["https:\/\/viaro.org\/wp-content\/uploads\/2024\/02\/Primera-Confesion-23-24-Header.jpeg",2040,718,false],"thumbnail":["https:\/\/viaro.org\/wp-content\/uploads\/2024\/02\/Primera-Confesion-23-24-Header-150x150.jpeg",150,150,true],"medium":["https:\/\/viaro.org\/wp-content\/uploads\/2024\/02\/Primera-Confesion-23-24-Header-300x106.jpeg",300,106,true],"medium_large":["https:\/\/viaro.org\/wp-content\/uploads\/2024\/02\/Primera-Confesion-23-24-Header-768x270.jpeg",640,225,true],"large":["https:\/\/viaro.org\/wp-content\/uploads\/2024\/02\/Primera-Confesion-23-24-Header-1024x360.jpeg",640,225,true],"1536x1536":["https:\/\/viaro.org\/wp-content\/uploads\/2024\/02\/Primera-Confesion-23-24-Header-1536x541.jpeg",1536,541,true],"2048x2048":["https:\/\/viaro.org\/wp-content\/uploads\/2024\/02\/Primera-Confesion-23-24-Header.jpeg",2040,718,false],"related-content":["https:\/\/viaro.org\/wp-content\/uploads\/2024\/02\/Primera-Confesion-23-24-Header-297x167.jpeg",297,167,true]},"uagb_author_info":{"display_name":"Ignacio Malmierca","author_link":"https:\/\/viaro.org\/ca\/author\/imalmierca\/"},"uagb_comment_info":0,"uagb_excerpt":"&#13; &#13; Els alumnes de 2n prim\u00e0ria han fet la seva Primera Confessi\u00f3 aquest cap de setmana. Acompanyats dels seus pares, s&#8217;han acostat per primera vegada a rebre el Sagrament de la Reconciliaci\u00f3. &#13; &#13; &#13; &#13; &#13; &#13; &#13; La cerim\u00f2nia va tenir lloc en l&#8217;oratori del col\u00b7legi. Un acte senzill, per\u00f2 ple de&hellip;","_links":{"self":[{"href":"https:\/\/viaro.org\/ca\/wp-json\/wp\/v2\/posts\/20468","targetHints":{"allow":["GET"]}}],"collection":[{"href":"https:\/\/viaro.org\/ca\/wp-json\/wp\/v2\/posts"}],"about":[{"href":"https:\/\/viaro.org\/ca\/wp-json\/wp\/v2\/types\/post"}],"author":[{"embeddable":true,"href":"https:\/\/viaro.org\/ca\/wp-json\/wp\/v2\/users\/12"}],"replies":[{"embeddable":true,"href":"https:\/\/viaro.org\/ca\/wp-json\/wp\/v2\/comments?post=20468"}],"version-history":[{"count":1,"href":"https:\/\/viaro.org\/ca\/wp-json\/wp\/v2\/posts\/20468\/revisions"}],"predecessor-version":[{"id":20469,"href":"https:\/\/viaro.org\/ca\/wp-json\/wp\/v2\/posts\/20468\/revisions\/20469"}],"wp:featuredmedia":[{"embeddable":true,"href":"https:\/\/viaro.org\/ca\/wp-json\/wp\/v2\/media\/20464"}],"wp:attachment":[{"href":"https:\/\/viaro.org\/ca\/wp-json\/wp\/v2\/media?parent=20468"}],"wp:term":[{"taxonomy":"category","embeddable":true,"href":"https:\/\/viaro.org\/ca\/wp-json\/wp\/v2\/categories?post=20468"},{"taxonomy":"post_tag","embeddable":true,"href":"https:\/\/viaro.org\/ca\/wp-json\/wp\/v2\/tags?post=20468"}],"curies":[{"name":"wp","href":"https:\/\/api.w.org\/{rel}","templated":true}]}}