{"id":20728,"date":"2024-02-26T09:10:09","date_gmt":"2024-02-26T09:10:09","guid":{"rendered":"https:\/\/viaro.org\/preparacio-per-a-la-confirmacio-2024\/"},"modified":"2024-02-26T09:16:29","modified_gmt":"2024-02-26T09:16:29","slug":"preparacio-per-a-la-confirmacio-2024","status":"publish","type":"post","link":"https:\/\/viaro.org\/ca\/preparacio-per-a-la-confirmacio-2024\/","title":{"rendered":"Preparaci\u00f3 per a la Confirmaci\u00f3 2024"},"content":{"rendered":"\n<p><div class=\"traductor-textarea form-group\">&#13;\n<div class=\"textarea-desti col-xs-12 col-sm-6\">&#13;\n<div class=\"form-control second-textarea\">Avan\u00e7a el programa de preparaci\u00f3 per a la Confirmaci\u00f3 2024. En pocs mesos, els alumnes de 2n Secund\u00e0ria rebran de mans del Bisbe, <a href=\"https:\/\/es.wikipedia.org\/wiki\/Salvador_Cristau_Coll\" target=\"_blank\" rel=\"noopener\"><strong>Mons. Salvador\u00a0Cristau<\/strong><\/a>, el Sagrament de la Confirmaci\u00f3 a la Catedral del Sant Esperit de Terrassa.<\/div>&#13;\n<\/div>&#13;\n<\/div>&#13;\n<div class=\"traductor-checkbox form-group\">&#13;\n<div class=\"row\">&#13;\n<div class=\"col-sm-offset-2 col-sm-5\"><\/div>&#13;\n<\/div>&#13;\n<\/div><\/p>\n\n<p><div class=\"traductor-textarea form-group\">&#13;\n<div class=\"textarea-desti col-xs-12 col-sm-6\">&#13;\n<div class=\"form-control second-textarea\">Completant la formaci\u00f3 espec\u00edfica i la catequesi que els alumnes reben durant el curs, com a preparaci\u00f3 per a rebre la Confirmaci\u00f3, tamb\u00e9 organitzem jornades de <a href=\"https:\/\/viaro.org\/ca\/comunidad-y-servicios\/formacion-de-padres\/\"><strong>formaci\u00f3 per als seus pares<\/strong><\/a>. A Viar\u00f3 som conscients que la nostra missi\u00f3 consisteix a ajudar a les fam\u00edlies en l&#8217;educaci\u00f3 de cadascun dels seus fills, i que s\u00f3n elles les que porten la iniciativa en la seva formaci\u00f3. Per aquest motiu, oferim aquestes jornades, i ajudem a cada fam\u00edlia de forma personalitzada, perqu\u00e8 pugui acompanyar als seus fills amb major efic\u00e0cia en aquest pas tan significatiu en la seva vida cristiana.<\/div>&#13;\n<\/div>&#13;\n<\/div>&#13;\n<div class=\"traductor-checkbox form-group\">&#13;\n<div class=\"row\">&#13;\n<div class=\"col-sm-offset-2 col-sm-5\"><\/div>&#13;\n<\/div>&#13;\n<\/div><\/p>\n\n<div style=\"height:20px\" aria-hidden=\"true\" class=\"wp-block-spacer\"><\/div>\n<div class=\"wp-block-image\">\n<figure class=\"aligncenter size-full\"><img decoding=\"async\" width=\"800\" height=\"450\" src=\"https:\/\/viaro.org\/wp-content\/uploads\/2024\/02\/Preparacion-para-la-confirmacion-2024-2-edited.jpeg\" alt=\"Preparaci&#xF3; per a la Confirmaci&#xF3; 2024\" class=\"wp-image-20714\" srcset=\"https:\/\/viaro.org\/wp-content\/uploads\/2024\/02\/Preparacion-para-la-confirmacion-2024-2-edited.jpeg 800w, https:\/\/viaro.org\/wp-content\/uploads\/2024\/02\/Preparacion-para-la-confirmacion-2024-2-edited-300x169.jpeg 300w, https:\/\/viaro.org\/wp-content\/uploads\/2024\/02\/Preparacion-para-la-confirmacion-2024-2-edited-768x432.jpeg 768w, https:\/\/viaro.org\/wp-content\/uploads\/2024\/02\/Preparacion-para-la-confirmacion-2024-2-edited-297x167.jpeg 297w\" sizes=\"(max-width: 800px) 100vw, 800px\" \/><\/figure><\/div>\n<div class=\"wp-block-columns is-layout-flex wp-container-core-columns-is-layout-9d6595d7 wp-block-columns-is-layout-flex\">\n<div class=\"wp-block-column is-layout-flow wp-block-column-is-layout-flow\">\n<figure class=\"wp-block-image size-full\"><img decoding=\"async\" width=\"600\" height=\"450\" src=\"https:\/\/viaro.org\/wp-content\/uploads\/2024\/02\/Jornada-de-preparacion-para-la-confirmacion-2024-a.jpeg\" alt=\"\" class=\"wp-image-20717\" srcset=\"https:\/\/viaro.org\/wp-content\/uploads\/2024\/02\/Jornada-de-preparacion-para-la-confirmacion-2024-a.jpeg 600w, https:\/\/viaro.org\/wp-content\/uploads\/2024\/02\/Jornada-de-preparacion-para-la-confirmacion-2024-a-300x225.jpeg 300w\" sizes=\"(max-width: 600px) 100vw, 600px\" \/><\/figure>\n<\/div>\n\n\n\n<div class=\"wp-block-column is-layout-flow wp-block-column-is-layout-flow\">\n<figure class=\"wp-block-image size-full\"><img decoding=\"async\" width=\"600\" height=\"450\" src=\"https:\/\/viaro.org\/wp-content\/uploads\/2024\/02\/Jornada-de-preparacion-para-la-confirmacion-2024-b.jpeg\" alt=\"\" class=\"wp-image-20720\" srcset=\"https:\/\/viaro.org\/wp-content\/uploads\/2024\/02\/Jornada-de-preparacion-para-la-confirmacion-2024-b.jpeg 600w, https:\/\/viaro.org\/wp-content\/uploads\/2024\/02\/Jornada-de-preparacion-para-la-confirmacion-2024-b-300x225.jpeg 300w\" sizes=\"(max-width: 600px) 100vw, 600px\" \/><\/figure>\n<\/div>\n\n\n\n<div class=\"wp-block-column is-layout-flow wp-block-column-is-layout-flow\">\n<figure class=\"wp-block-image size-full\"><img decoding=\"async\" width=\"600\" height=\"450\" src=\"https:\/\/viaro.org\/wp-content\/uploads\/2024\/02\/Jornada-de-preparacion-para-la-confirmacion-2024-c.jpeg\" alt=\"\" class=\"wp-image-20723\" srcset=\"https:\/\/viaro.org\/wp-content\/uploads\/2024\/02\/Jornada-de-preparacion-para-la-confirmacion-2024-c.jpeg 600w, https:\/\/viaro.org\/wp-content\/uploads\/2024\/02\/Jornada-de-preparacion-para-la-confirmacion-2024-c-300x225.jpeg 300w\" sizes=\"(max-width: 600px) 100vw, 600px\" \/><\/figure>\n<\/div>\n<\/div>\n\n<div style=\"height:20px\" aria-hidden=\"true\" class=\"wp-block-spacer\"><\/div>\n\n<h3 class=\"wp-block-heading\">Jornada de preparaci\u00f3 per a la Confirmaci\u00f3 2024<\/h3>\n\n<p>Durant el mat\u00ed, van assistir a una confer\u00e8ncia de Mn. Albert Penella, sacerdot del col\u00b7legi encarregat de les Confirmacions. Despr\u00e9s van treballar per classes, amb el m\u00e8tode del cas, algunes situacions que es poden presentar en la formaci\u00f3 dels fills d&#8217;aquesta edat i altres q\u00fcestions pr\u00e0ctiques que els ajudaran a reflexionar i impulsar la labor de formaci\u00f3 que realitzen a casa.&#13;\n<\/p>\n","protected":false},"excerpt":{"rendered":"<p>&#13; &#13; Avan\u00e7a el programa de preparaci\u00f3 per a la Confirmaci\u00f3 2024. En pocs mesos, els alumnes de 2n Secund\u00e0ria rebran de mans del Bisbe, Mons. Salvador\u00a0Cristau, el Sagrament de la Confirmaci\u00f3 a la Catedral del Sant Esperit de Terrassa. &#13; &#13; &#13; &#13; &#13; &#13; &#13; &#13; &#13; Completant la formaci\u00f3 espec\u00edfica i la [&hellip;]<\/p>\n","protected":false},"author":12,"featured_media":20703,"comment_status":"closed","ping_status":"closed","sticky":false,"template":"","format":"standard","meta":{"_uag_custom_page_level_css":"","_joinchat":[],"footnotes":""},"categories":[955],"tags":[1041,1045],"class_list":["post-20728","post","type-post","status-publish","format-standard","has-post-thumbnail","hentry","category-secundaria-ca","tag-capellania-ca","tag-confirmacio"],"uagb_featured_image_src":{"full":["https:\/\/viaro.org\/wp-content\/uploads\/2024\/02\/Jornada-de-preparacion-para-la-confirmacion-2024-Header.jpeg",1500,951,false],"thumbnail":["https:\/\/viaro.org\/wp-content\/uploads\/2024\/02\/Jornada-de-preparacion-para-la-confirmacion-2024-Header-150x150.jpeg",150,150,true],"medium":["https:\/\/viaro.org\/wp-content\/uploads\/2024\/02\/Jornada-de-preparacion-para-la-confirmacion-2024-Header-300x190.jpeg",300,190,true],"medium_large":["https:\/\/viaro.org\/wp-content\/uploads\/2024\/02\/Jornada-de-preparacion-para-la-confirmacion-2024-Header-768x487.jpeg",640,406,true],"large":["https:\/\/viaro.org\/wp-content\/uploads\/2024\/02\/Jornada-de-preparacion-para-la-confirmacion-2024-Header-1024x649.jpeg",640,406,true],"1536x1536":["https:\/\/viaro.org\/wp-content\/uploads\/2024\/02\/Jornada-de-preparacion-para-la-confirmacion-2024-Header.jpeg",1500,951,false],"2048x2048":["https:\/\/viaro.org\/wp-content\/uploads\/2024\/02\/Jornada-de-preparacion-para-la-confirmacion-2024-Header.jpeg",1500,951,false],"related-content":["https:\/\/viaro.org\/wp-content\/uploads\/2024\/02\/Jornada-de-preparacion-para-la-confirmacion-2024-Header-297x167.jpeg",297,167,true]},"uagb_author_info":{"display_name":"Ignacio Malmierca","author_link":"https:\/\/viaro.org\/ca\/author\/imalmierca\/"},"uagb_comment_info":0,"uagb_excerpt":"&#13; &#13; Avan\u00e7a el programa de preparaci\u00f3 per a la Confirmaci\u00f3 2024. En pocs mesos, els alumnes de 2n Secund\u00e0ria rebran de mans del Bisbe, Mons. Salvador\u00a0Cristau, el Sagrament de la Confirmaci\u00f3 a la Catedral del Sant Esperit de Terrassa. &#13; &#13; &#13; &#13; &#13; &#13; &#13; &#13; &#13; Completant la formaci\u00f3 espec\u00edfica i la&hellip;","_links":{"self":[{"href":"https:\/\/viaro.org\/ca\/wp-json\/wp\/v2\/posts\/20728","targetHints":{"allow":["GET"]}}],"collection":[{"href":"https:\/\/viaro.org\/ca\/wp-json\/wp\/v2\/posts"}],"about":[{"href":"https:\/\/viaro.org\/ca\/wp-json\/wp\/v2\/types\/post"}],"author":[{"embeddable":true,"href":"https:\/\/viaro.org\/ca\/wp-json\/wp\/v2\/users\/12"}],"replies":[{"embeddable":true,"href":"https:\/\/viaro.org\/ca\/wp-json\/wp\/v2\/comments?post=20728"}],"version-history":[{"count":1,"href":"https:\/\/viaro.org\/ca\/wp-json\/wp\/v2\/posts\/20728\/revisions"}],"predecessor-version":[{"id":20729,"href":"https:\/\/viaro.org\/ca\/wp-json\/wp\/v2\/posts\/20728\/revisions\/20729"}],"wp:featuredmedia":[{"embeddable":true,"href":"https:\/\/viaro.org\/ca\/wp-json\/wp\/v2\/media\/20703"}],"wp:attachment":[{"href":"https:\/\/viaro.org\/ca\/wp-json\/wp\/v2\/media?parent=20728"}],"wp:term":[{"taxonomy":"category","embeddable":true,"href":"https:\/\/viaro.org\/ca\/wp-json\/wp\/v2\/categories?post=20728"},{"taxonomy":"post_tag","embeddable":true,"href":"https:\/\/viaro.org\/ca\/wp-json\/wp\/v2\/tags?post=20728"}],"curies":[{"name":"wp","href":"https:\/\/api.w.org\/{rel}","templated":true}]}}