{"id":22777,"date":"2024-09-17T17:35:56","date_gmt":"2024-09-17T17:35:56","guid":{"rendered":"https:\/\/viaro.org\/inici-del-batxillerat-dual-24-25\/"},"modified":"2024-09-17T17:43:43","modified_gmt":"2024-09-17T17:43:43","slug":"inici-del-batxillerat-dual-24-25","status":"publish","type":"post","link":"https:\/\/viaro.org\/ca\/inici-del-batxillerat-dual-24-25\/","title":{"rendered":"Inici del Batxillerat Dual 24-25"},"content":{"rendered":"\n<p><div class=\"traductor-textarea form-group\">&#13;\n<div class=\"textarea-desti col-xs-12 col-sm-6\">&#13;\n<div class=\"form-control second-textarea\">Inici del Batxillerat Dual 24-25 amb 12 alumnes de Secund\u00e0ria que han realitzat la prova d&#8217;acc\u00e9s al <strong>programa Diploma Dual<\/strong>. Un pas clau per a obtenir el American High School Diploma, el mateix t\u00edtol que reben els estudiants als Estats Units en finalitzar els seus estudis.<\/div>&#13;\n<\/div>&#13;\n<\/div>&#13;\n<div class=\"traductor-checkbox form-group\">&#13;\n<div class=\"row\">&#13;\n<div class=\"col-sm-offset-2 col-sm-5\"><\/div>&#13;\n<\/div>&#13;\n<\/div><\/p>\n\n<p><div class=\"traductor-textarea form-group\">&#13;\n<div class=\"textarea-desti col-xs-12 col-sm-6\">&#13;\n<div class=\"form-control second-textarea\">El Diploma Dual, desenvolupat per <a href=\"https:\/\/www.academica.school\/\" target=\"_blank\" rel=\"noopener\"><strong>Academica International Studies<\/strong><\/a>, permet als nostres alumnes obtenir de manera simult\u00e0nia el T\u00edtol de Batxillerat i l&#8217;American High School Diploma. Aquest programa t\u00e9 tres grans objectius:<\/div>&#13;\n<\/div>&#13;\n<\/div>&#13;\n<div class=\"traductor-checkbox form-group\">&#13;\n<div class=\"row\">&#13;\n<div class=\"col-sm-offset-2 col-sm-5\"><\/div>&#13;\n<\/div>&#13;\n<\/div><\/p>\n<div class=\"wp-block-image\">\n<figure class=\"aligncenter size-full\"><img decoding=\"async\" width=\"600\" height=\"338\" src=\"https:\/\/viaro.org\/wp-content\/uploads\/2024\/09\/inicio-bachillerato-dual-24-25-edited.jpg\" alt=\"inicio del Bachillerato dual 24-25\" class=\"wp-image-22773\" srcset=\"https:\/\/viaro.org\/wp-content\/uploads\/2024\/09\/inicio-bachillerato-dual-24-25-edited.jpg 600w, https:\/\/viaro.org\/wp-content\/uploads\/2024\/09\/inicio-bachillerato-dual-24-25-edited-300x169.jpg 300w, https:\/\/viaro.org\/wp-content\/uploads\/2024\/09\/inicio-bachillerato-dual-24-25-edited-297x167.jpg 297w\" sizes=\"(max-width: 600px) 100vw, 600px\" \/><\/figure><\/div>\n<h3 class=\"wp-block-heading\">Inici del Batxillerat dual 24-25<\/h3>\n\n<p><div class=\"traductor-textarea form-group\">&#13;\n<div class=\"textarea-desti col-xs-12 col-sm-6\">&#13;\n<div class=\"form-control second-textarea\"><strong>1. Immersi\u00f3 Ling\u00fc\u00edstica:<\/strong> Totes les classes i la interacci\u00f3 amb els professors es realitzen en angl\u00e8s, afavorint un domini avan\u00e7at de l&#8217;idioma.<\/div>&#13;\n<\/div>&#13;\n<\/div><\/p>\n\n<p><div class=\"traductor-textarea form-group\">&#13;\n<div class=\"textarea-desti col-xs-12 col-sm-6\">&#13;\n<div class=\"form-control second-textarea\"><strong>2. Immersi\u00f3 Tecnol\u00f2gica:<\/strong> El sistema d&#8217;estudi en l\u00ednia promou el maneig d&#8217;eines tecnol\u00f2giques capdavanteres.<\/div>&#13;\n<\/div>&#13;\n<\/div>&#13;\n<div class=\"traductor-checkbox form-group\">&#13;\n<div class=\"row\">&#13;\n<div class=\"col-sm-offset-2 col-sm-5\"><\/div>&#13;\n<\/div>&#13;\n<\/div><\/p>\n\n<p><div class=\"traductor-textarea form-group\">&#13;\n<div class=\"textarea-desti col-xs-12 col-sm-6\">&#13;\n<div class=\"form-control second-textarea\"><strong>3. Immersi\u00f3 Personal:<\/strong> Els alumnes desenvolupen autonomia, responsabilitat i maduresa en el seu treball.<\/div>&#13;\n<\/div>&#13;\n<\/div>&#13;\n<div class=\"traductor-checkbox form-group\">&#13;\n<div class=\"row\">&#13;\n<div class=\"col-sm-offset-2 col-sm-5\"><\/div>&#13;\n<\/div>&#13;\n<\/div><\/p>\n\n<p>Els desitgem molta sort als nostres alumnes i aplaudim la seva iniciativa d&#8217;enfrontar-se a aquest gran repte internacional. Estem segurs que aconseguiran grans coses.<\/p>\n\n<div style=\"height:25px\" aria-hidden=\"true\" class=\"wp-block-spacer\"><\/div>\n\n<hr class=\"wp-block-separator has-text-color has-alpha-channel-opacity has-background\" style=\"background-color:#b2153f;color:#b2153f\"\/>\n\n<h4 class=\"wp-block-heading\">Tamb\u00e9 et pot interessar:<\/h4>\n\n<p><strong><em><a href=\"https:\/\/viaro.org\/ca\/perque-batxillerat-a-viaro\/\">\u00bfPer qu\u00e8 estudiar Batxillerat a Viar\u00f3?<\/a><\/em><\/strong><\/p>\n\n<p><strong><em><a href=\"https:\/\/viaro.org\/ca\/vida-academica\/diploma-dual\/\">\u00bfQu\u00e8 \u00e9s el Diploma Dual i com el desenvolupem a Viar\u00f3?<\/a><\/em><\/strong><\/p>\n\n<p><strong><em><a href=\"https:\/\/viaro.org\/research\/el-aprendizaje-del-ingles-en-viaro\/\">El Projecte d&#8217;angl\u00e8s de Viar\u00f3 Global School<\/a><\/em><\/strong><\/p>\n\n<hr class=\"wp-block-separator has-text-color has-alpha-channel-opacity has-background\" style=\"background-color:#b2153f;color:#b2153f\"\/>\n","protected":false},"excerpt":{"rendered":"<p>&#13; &#13; Inici del Batxillerat Dual 24-25 amb 12 alumnes de Secund\u00e0ria que han realitzat la prova d&#8217;acc\u00e9s al programa Diploma Dual. Un pas clau per a obtenir el American High School Diploma, el mateix t\u00edtol que reben els estudiants als Estats Units en finalitzar els seus estudis. &#13; &#13; &#13; &#13; &#13; &#13; &#13; [&hellip;]<\/p>\n","protected":false},"author":12,"featured_media":22768,"comment_status":"closed","ping_status":"closed","sticky":false,"template":"","format":"standard","meta":{"_uag_custom_page_level_css":"","_joinchat":[],"footnotes":""},"categories":[937],"tags":[1075],"class_list":["post-22777","post","type-post","status-publish","format-standard","has-post-thumbnail","hentry","category-batxillerat","tag-batxillerat-dual"],"uagb_featured_image_src":{"full":["https:\/\/viaro.org\/wp-content\/uploads\/2024\/09\/cabecera-inicio-bachillerato-dual-24-25.jpg",1500,951,false],"thumbnail":["https:\/\/viaro.org\/wp-content\/uploads\/2024\/09\/cabecera-inicio-bachillerato-dual-24-25-150x150.jpg",150,150,true],"medium":["https:\/\/viaro.org\/wp-content\/uploads\/2024\/09\/cabecera-inicio-bachillerato-dual-24-25-300x190.jpg",300,190,true],"medium_large":["https:\/\/viaro.org\/wp-content\/uploads\/2024\/09\/cabecera-inicio-bachillerato-dual-24-25-768x487.jpg",640,406,true],"large":["https:\/\/viaro.org\/wp-content\/uploads\/2024\/09\/cabecera-inicio-bachillerato-dual-24-25-1024x649.jpg",640,406,true],"1536x1536":["https:\/\/viaro.org\/wp-content\/uploads\/2024\/09\/cabecera-inicio-bachillerato-dual-24-25.jpg",1500,951,false],"2048x2048":["https:\/\/viaro.org\/wp-content\/uploads\/2024\/09\/cabecera-inicio-bachillerato-dual-24-25.jpg",1500,951,false],"related-content":["https:\/\/viaro.org\/wp-content\/uploads\/2024\/09\/cabecera-inicio-bachillerato-dual-24-25-297x167.jpg",297,167,true]},"uagb_author_info":{"display_name":"Ignacio Malmierca","author_link":"https:\/\/viaro.org\/ca\/author\/imalmierca\/"},"uagb_comment_info":0,"uagb_excerpt":"&#13; &#13; Inici del Batxillerat Dual 24-25 amb 12 alumnes de Secund\u00e0ria que han realitzat la prova d&#8217;acc\u00e9s al programa Diploma Dual. Un pas clau per a obtenir el American High School Diploma, el mateix t\u00edtol que reben els estudiants als Estats Units en finalitzar els seus estudis. &#13; &#13; &#13; &#13; &#13; &#13; &#13;&hellip;","_links":{"self":[{"href":"https:\/\/viaro.org\/ca\/wp-json\/wp\/v2\/posts\/22777","targetHints":{"allow":["GET"]}}],"collection":[{"href":"https:\/\/viaro.org\/ca\/wp-json\/wp\/v2\/posts"}],"about":[{"href":"https:\/\/viaro.org\/ca\/wp-json\/wp\/v2\/types\/post"}],"author":[{"embeddable":true,"href":"https:\/\/viaro.org\/ca\/wp-json\/wp\/v2\/users\/12"}],"replies":[{"embeddable":true,"href":"https:\/\/viaro.org\/ca\/wp-json\/wp\/v2\/comments?post=22777"}],"version-history":[{"count":1,"href":"https:\/\/viaro.org\/ca\/wp-json\/wp\/v2\/posts\/22777\/revisions"}],"predecessor-version":[{"id":22778,"href":"https:\/\/viaro.org\/ca\/wp-json\/wp\/v2\/posts\/22777\/revisions\/22778"}],"wp:featuredmedia":[{"embeddable":true,"href":"https:\/\/viaro.org\/ca\/wp-json\/wp\/v2\/media\/22768"}],"wp:attachment":[{"href":"https:\/\/viaro.org\/ca\/wp-json\/wp\/v2\/media?parent=22777"}],"wp:term":[{"taxonomy":"category","embeddable":true,"href":"https:\/\/viaro.org\/ca\/wp-json\/wp\/v2\/categories?post=22777"},{"taxonomy":"post_tag","embeddable":true,"href":"https:\/\/viaro.org\/ca\/wp-json\/wp\/v2\/tags?post=22777"}],"curies":[{"name":"wp","href":"https:\/\/api.w.org\/{rel}","templated":true}]}}