{"id":2279,"date":"2019-04-05T08:08:28","date_gmt":"2019-04-05T08:08:28","guid":{"rendered":"http:\/\/viaro.org\/?p=2279"},"modified":"2019-04-05T13:08:09","modified_gmt":"2019-04-05T13:08:09","slug":"summer-camp-2019","status":"publish","type":"post","link":"https:\/\/viaro.org\/ca\/summer-camp-2019\/","title":{"rendered":"Summer Camp 2019"},"content":{"rendered":"\n<p><strong>Qu\u00e8\n\u00e9s el l\u2019English Summer Camp?<\/strong><\/p>\n\n\n\n<p><em>L\u2019English Summer Camp <\/em>&nbsp;\u00e9s la nostra proposta per al mes de juliol a\nViar\u00f3. Consisteix en un bon nombre d\u2019<strong>activitats\ndi\u00e0ries<\/strong> que es programen amb uns objectius espec\u00edfics. \u00c9s una forma d\u2019aprofitar el temps i passar-s\u2019ho b\u00e9 mentre s\u2019apr\u00e8n\ni es juga. Per aix\u00f2 plantegem l\u2019<em>English\nSummer Camp <\/em>com un seguit d\u2019esports,jocs, lectures i tallers que es\nviuen a trav\u00e9s de l\u2019angl\u00e8s.<\/p>\n\n\n\n<p><strong>Per\nqu\u00e8 el Summer Camp?<\/strong><\/p>\n\n\n\n<p>Viar\u00f3 \u00e9s\nun lloc ideal per aventurar-nos, i fins i tot per <strong>acampar<\/strong>&nbsp;; hi podem circular en <strong>bicicleta<\/strong> i tamb\u00e9 tenim <strong>piscina<\/strong>.\nPer\u00f2 no tot s\u00f3n jocs, esports i tallers (de pl\u00e0stica, de cuina, etc\u2026); cada dia\nhi haur\u00e0 un <strong>temps per als deures<\/strong>. A\nm\u00e9s, els nens <strong>aprofundiran en el domini de l\u2019angl\u00e8s<\/strong> a l\u2019<em>English Summer Camp <\/em>amb\nles mateixes activitats per\u00f2 amb immersi\u00f3 ling\u00fc\u00edstica en angl\u00e8s, que inclou tamb\u00e9 sessions did\u00e0ctiques, en\ngrups redu\u00efts i professors especialitzats, i un seguiment setmanal de la\nprogressi\u00f3 de cada noi.<\/p>\n\n\n\n<p><strong>Quan?<\/strong><\/p>\n\n\n\n<p>Les\ndates de l\u2019<strong><em>English Summer Camp <\/em><\/strong>s\u00f3n des del <strong>dimarts 25 de juny a divendres 19 de juliol<\/strong>, de 9.10 a 16.25 hores.\nI s\u2019ha de tenir en compte que ens agrada l\u2019aventura. \u00c9s per aix\u00f2 que els dijous\nfarem pla de tot el dia i acamparem a l\u2019escola!<\/p>\n\n\n\n<p><strong>Per a qui?<\/strong><\/p>\n\n\n\n<p><strong><em>L\u2019English Summer Camp<\/em><\/strong> est\u00e0\ndestinat &nbsp;a nens d\u2019entre <strong>5 i 12 anys<\/strong>. A m\u00e9s dels vostres fills <strong>poden venir-hi amics<\/strong> que no siguin\nalumnes del Col\u00b7legi.<\/p>\n\n\n\n<p><strong>Quant?<\/strong><\/p>\n\n\n\n<p>Els preus de <em>l\u2019English Summer Camp <\/em>\u00a0varien depenent de quan es fa la inscripci\u00f3 i de quants dies s\u2019inscriu un alumne. Si es fa l\u2019inscripci\u00f3 abans del 17 de maig hi ha un 3% de descompte. Teniu els preus tant en el fullet\u00f3 informatiu com en la fitxa d\u2019inscripci\u00f3. <\/p>\n\n\n\n<p>Pots descarregar el fullet\u00f3 d&#8217;informaci\u00f3 i la fitxa d&#8217;inscripci\u00f3 aqu\u00ed:<\/p>\n\n\n\n<div class=\"wp-block-columns has-2-columns is-layout-flex wp-container-core-columns-is-layout-9d6595d7 wp-block-columns-is-layout-flex\">\n<div class=\"wp-block-column is-layout-flow wp-block-column-is-layout-flow\">\n<div class=\"wp-block-button is-style-squared\"><a class=\"wp-block-button__link has-background\" href=\"http:\/\/viaro.org\/wp-content\/uploads\/2019\/04\/SummerCamp_2019.pdf\" style=\"background-color:#181937\">Fullet\u00f3 Summer Camp<\/a><\/div>\n<\/div>\n\n\n\n<div class=\"wp-block-column is-layout-flow wp-block-column-is-layout-flow\">\n<div class=\"wp-block-button is-style-squared\"><a class=\"wp-block-button__link has-background\" href=\"http:\/\/viaro.org\/wp-content\/uploads\/2019\/04\/Ficha-inscripcions-ENGLISH-2019.xlsx\" style=\"background-color:#181937\">Fitxa d&#8217;inscripci\u00f3<\/a><\/div>\n<\/div>\n<\/div>\n","protected":false},"excerpt":{"rendered":"<p>Qu\u00e8 \u00e9s el l\u2019English Summer Camp? L\u2019English Summer Camp &nbsp;\u00e9s la nostra proposta per al mes de juliol a Viar\u00f3. Consisteix en un bon nombre d\u2019activitats di\u00e0ries que es programen amb uns objectius espec\u00edfics. \u00c9s una forma d\u2019aprofitar el temps i passar-s\u2019ho b\u00e9 mentre s\u2019apr\u00e8n i es juga. Per aix\u00f2 plantegem l\u2019English Summer Camp com [&hellip;]<\/p>\n","protected":false},"author":11,"featured_media":2269,"comment_status":"closed","ping_status":"closed","sticky":false,"template":"","format":"standard","meta":{"_uag_custom_page_level_css":"","_joinchat":[],"footnotes":""},"categories":[951],"tags":[],"class_list":["post-2279","post","type-post","status-publish","format-standard","has-post-thumbnail","hentry","category-primaria-ca"],"uagb_featured_image_src":{"full":["https:\/\/viaro.org\/wp-content\/uploads\/2019\/04\/SummerCamp.jpg",3324,2212,false],"thumbnail":["https:\/\/viaro.org\/wp-content\/uploads\/2019\/04\/SummerCamp-150x150.jpg",150,150,true],"medium":["https:\/\/viaro.org\/wp-content\/uploads\/2019\/04\/SummerCamp-300x200.jpg",300,200,true],"medium_large":["https:\/\/viaro.org\/wp-content\/uploads\/2019\/04\/SummerCamp-768x511.jpg",640,426,true],"large":["https:\/\/viaro.org\/wp-content\/uploads\/2019\/04\/SummerCamp-1024x681.jpg",640,426,true],"1536x1536":["https:\/\/viaro.org\/wp-content\/uploads\/2019\/04\/SummerCamp.jpg",1536,1022,false],"2048x2048":["https:\/\/viaro.org\/wp-content\/uploads\/2019\/04\/SummerCamp.jpg",2048,1363,false],"related-content":["https:\/\/viaro.org\/wp-content\/uploads\/2019\/04\/SummerCamp-297x167.jpg",297,167,true]},"uagb_author_info":{"display_name":"Comunicaci\u00f3 Viar\u00f3","author_link":"https:\/\/viaro.org\/ca\/author\/viarocom\/"},"uagb_comment_info":0,"uagb_excerpt":"Qu\u00e8 \u00e9s el l\u2019English Summer Camp? L\u2019English Summer Camp &nbsp;\u00e9s la nostra proposta per al mes de juliol a Viar\u00f3. Consisteix en un bon nombre d\u2019activitats di\u00e0ries que es programen amb uns objectius espec\u00edfics. \u00c9s una forma d\u2019aprofitar el temps i passar-s\u2019ho b\u00e9 mentre s\u2019apr\u00e8n i es juga. Per aix\u00f2 plantegem l\u2019English Summer Camp com&hellip;","_links":{"self":[{"href":"https:\/\/viaro.org\/ca\/wp-json\/wp\/v2\/posts\/2279","targetHints":{"allow":["GET"]}}],"collection":[{"href":"https:\/\/viaro.org\/ca\/wp-json\/wp\/v2\/posts"}],"about":[{"href":"https:\/\/viaro.org\/ca\/wp-json\/wp\/v2\/types\/post"}],"author":[{"embeddable":true,"href":"https:\/\/viaro.org\/ca\/wp-json\/wp\/v2\/users\/11"}],"replies":[{"embeddable":true,"href":"https:\/\/viaro.org\/ca\/wp-json\/wp\/v2\/comments?post=2279"}],"version-history":[{"count":1,"href":"https:\/\/viaro.org\/ca\/wp-json\/wp\/v2\/posts\/2279\/revisions"}],"predecessor-version":[{"id":2280,"href":"https:\/\/viaro.org\/ca\/wp-json\/wp\/v2\/posts\/2279\/revisions\/2280"}],"wp:featuredmedia":[{"embeddable":true,"href":"https:\/\/viaro.org\/ca\/wp-json\/wp\/v2\/media\/2269"}],"wp:attachment":[{"href":"https:\/\/viaro.org\/ca\/wp-json\/wp\/v2\/media?parent=2279"}],"wp:term":[{"taxonomy":"category","embeddable":true,"href":"https:\/\/viaro.org\/ca\/wp-json\/wp\/v2\/categories?post=2279"},{"taxonomy":"post_tag","embeddable":true,"href":"https:\/\/viaro.org\/ca\/wp-json\/wp\/v2\/tags?post=2279"}],"curies":[{"name":"wp","href":"https:\/\/api.w.org\/{rel}","templated":true}]}}