{"id":23787,"date":"2024-11-12T10:04:08","date_gmt":"2024-11-12T10:04:08","guid":{"rendered":"https:\/\/viaro.org\/catequesi-familiar-24-25\/"},"modified":"2024-11-19T10:40:54","modified_gmt":"2024-11-19T10:40:54","slug":"catequesi-familiar-24-25","status":"publish","type":"post","link":"https:\/\/viaro.org\/ca\/catequesi-familiar-24-25\/","title":{"rendered":"Catequesi Familiar 24-25"},"content":{"rendered":"\n<p><div class=\"traductor-textarea form-group\">&#13;\n<div class=\"textarea-desti col-xs-12 col-sm-6\">&#13;\n<div class=\"form-control second-textarea\">Aquest dissabte, els pares i mares de 2n de Prim\u00e0ria han participat en la Jornada d&#8217;Inici de <a href=\"https:\/\/viaro.org\/ca\/jornada-familiar-de-formacio-24-25\/\"><strong>Catequesi Familiar<\/strong><\/a> 24-25, una ocasi\u00f3 per a aprofundir en la viv\u00e8ncia de la fe en el si de la fam\u00edlia i el valor del sagrament de la Confessi\u00f3.<\/div>&#13;\n<\/div>&#13;\n<\/div><\/p>\n\n<p>En Llu\u00eds Carreras, alumni, pare i avi de l&#8217;escola, ha dirigit una sessi\u00f3 que ha ajudat les fam\u00edlies a reflexionar sobre les diferents manifestacions de la fe a la pr\u00f2pia llar.<\/p>\n\n<p><div class=\"traductor-textarea form-group\">&#13;\n<div class=\"textarea-desti col-xs-12 col-sm-6\">&#13;\n<div class=\"form-control second-textarea\">Seguint el m\u00e8tode del cas, amb l&#8217;ajuda dels materials de <a href=\"https:\/\/www.fert.es\/\" target=\"_blank\" rel=\"noopener\"><strong>l&#8217;Associaci\u00f3 FERT<\/strong><\/a>, han reflexionat junts sobre la responsabilitat i el comprom\u00eds d&#8217;acompanyar els seus fills en el cam\u00ed de la fe.<\/div>&#13;\n<\/div>&#13;\n<\/div>&#13;\n<div class=\"traductor-checkbox form-group\">&#13;\n<div class=\"row\">&#13;\n<div class=\"col-sm-offset-2 col-sm-5\"><\/div>&#13;\n<\/div>&#13;\n<\/div><\/p>\n\n<h3 class=\"wp-block-heading\">Fotos de la Catequesi Familiar 24-25<\/h3>\n\n<div class=\"wp-block-columns is-layout-flex wp-container-core-columns-is-layout-9d6595d7 wp-block-columns-is-layout-flex\">\n<div class=\"wp-block-column is-layout-flow wp-block-column-is-layout-flow\" style=\"flex-basis:70%\">\n<figure class=\"wp-block-image size-full\"><img decoding=\"async\" width=\"600\" height=\"450\" src=\"https:\/\/viaro.org\/wp-content\/uploads\/2024\/11\/Catequesis-Familiar-24-25-a.jpeg\" alt=\"Catequesi Familiar 24-25 a\" class=\"wp-image-23776\" srcset=\"https:\/\/viaro.org\/wp-content\/uploads\/2024\/11\/Catequesis-Familiar-24-25-a.jpeg 600w, https:\/\/viaro.org\/wp-content\/uploads\/2024\/11\/Catequesis-Familiar-24-25-a-300x225.jpeg 300w\" sizes=\"(max-width: 600px) 100vw, 600px\" \/><\/figure>\n<\/div>\n\n\n\n<div class=\"wp-block-column is-vertically-aligned-bottom is-layout-flow wp-block-column-is-layout-flow\" style=\"flex-basis:30%\">\n<figure class=\"wp-block-image size-large\"><img decoding=\"async\" width=\"1024\" height=\"768\" src=\"https:\/\/viaro.org\/wp-content\/uploads\/2024\/11\/Catequesis-Familiar-24-25-b-1024x768.jpeg\" alt=\"Catequesi Familiar 24-25 b\" class=\"wp-image-23779\" srcset=\"https:\/\/viaro.org\/wp-content\/uploads\/2024\/11\/Catequesis-Familiar-24-25-b-1024x768.jpeg 1024w, https:\/\/viaro.org\/wp-content\/uploads\/2024\/11\/Catequesis-Familiar-24-25-b-300x225.jpeg 300w, https:\/\/viaro.org\/wp-content\/uploads\/2024\/11\/Catequesis-Familiar-24-25-b-768x576.jpeg 768w, https:\/\/viaro.org\/wp-content\/uploads\/2024\/11\/Catequesis-Familiar-24-25-b-1536x1152.jpeg 1536w, https:\/\/viaro.org\/wp-content\/uploads\/2024\/11\/Catequesis-Familiar-24-25-b.jpeg 1600w\" sizes=\"(max-width: 1024px) 100vw, 1024px\" \/><\/figure>\n\n\n\n<figure class=\"wp-block-image size-large\"><img decoding=\"async\" width=\"1024\" height=\"768\" src=\"https:\/\/viaro.org\/wp-content\/uploads\/2024\/11\/Catequesis-Familiar-24-25-c-1024x768.jpeg\" alt=\"Catequesi Familiar 24-25 c\" class=\"wp-image-23782\" srcset=\"https:\/\/viaro.org\/wp-content\/uploads\/2024\/11\/Catequesis-Familiar-24-25-c-1024x768.jpeg 1024w, https:\/\/viaro.org\/wp-content\/uploads\/2024\/11\/Catequesis-Familiar-24-25-c-300x225.jpeg 300w, https:\/\/viaro.org\/wp-content\/uploads\/2024\/11\/Catequesis-Familiar-24-25-c-768x576.jpeg 768w, https:\/\/viaro.org\/wp-content\/uploads\/2024\/11\/Catequesis-Familiar-24-25-c-1536x1152.jpeg 1536w, https:\/\/viaro.org\/wp-content\/uploads\/2024\/11\/Catequesis-Familiar-24-25-c.jpeg 1600w\" sizes=\"(max-width: 1024px) 100vw, 1024px\" \/><\/figure>\n<\/div>\n<\/div>\n","protected":false},"excerpt":{"rendered":"<p>&#13; &#13; Aquest dissabte, els pares i mares de 2n de Prim\u00e0ria han participat en la Jornada d&#8217;Inici de Catequesi Familiar 24-25, una ocasi\u00f3 per a aprofundir en la viv\u00e8ncia de la fe en el si de la fam\u00edlia i el valor del sagrament de la Confessi\u00f3. &#13; &#13; En Llu\u00eds Carreras, alumni, pare i [&hellip;]<\/p>\n","protected":false},"author":12,"featured_media":23774,"comment_status":"closed","ping_status":"closed","sticky":false,"template":"","format":"standard","meta":{"_uag_custom_page_level_css":"","_joinchat":[],"footnotes":""},"categories":[951],"tags":[1119],"class_list":["post-23787","post","type-post","status-publish","format-standard","has-post-thumbnail","hentry","category-primaria-ca","tag-primera-comunio"],"uagb_featured_image_src":{"full":["https:\/\/viaro.org\/wp-content\/uploads\/2024\/11\/Catequesis-Familiar-24-25-header.jpeg",1500,950,false],"thumbnail":["https:\/\/viaro.org\/wp-content\/uploads\/2024\/11\/Catequesis-Familiar-24-25-header-150x150.jpeg",150,150,true],"medium":["https:\/\/viaro.org\/wp-content\/uploads\/2024\/11\/Catequesis-Familiar-24-25-header-300x190.jpeg",300,190,true],"medium_large":["https:\/\/viaro.org\/wp-content\/uploads\/2024\/11\/Catequesis-Familiar-24-25-header-768x486.jpeg",640,405,true],"large":["https:\/\/viaro.org\/wp-content\/uploads\/2024\/11\/Catequesis-Familiar-24-25-header-1024x649.jpeg",640,406,true],"1536x1536":["https:\/\/viaro.org\/wp-content\/uploads\/2024\/11\/Catequesis-Familiar-24-25-header.jpeg",1500,950,false],"2048x2048":["https:\/\/viaro.org\/wp-content\/uploads\/2024\/11\/Catequesis-Familiar-24-25-header.jpeg",1500,950,false],"related-content":["https:\/\/viaro.org\/wp-content\/uploads\/2024\/11\/Catequesis-Familiar-24-25-header-297x167.jpeg",297,167,true]},"uagb_author_info":{"display_name":"Ignacio Malmierca","author_link":"https:\/\/viaro.org\/ca\/author\/imalmierca\/"},"uagb_comment_info":0,"uagb_excerpt":"&#13; &#13; Aquest dissabte, els pares i mares de 2n de Prim\u00e0ria han participat en la Jornada d&#8217;Inici de Catequesi Familiar 24-25, una ocasi\u00f3 per a aprofundir en la viv\u00e8ncia de la fe en el si de la fam\u00edlia i el valor del sagrament de la Confessi\u00f3. &#13; &#13; En Llu\u00eds Carreras, alumni, pare i&hellip;","_links":{"self":[{"href":"https:\/\/viaro.org\/ca\/wp-json\/wp\/v2\/posts\/23787","targetHints":{"allow":["GET"]}}],"collection":[{"href":"https:\/\/viaro.org\/ca\/wp-json\/wp\/v2\/posts"}],"about":[{"href":"https:\/\/viaro.org\/ca\/wp-json\/wp\/v2\/types\/post"}],"author":[{"embeddable":true,"href":"https:\/\/viaro.org\/ca\/wp-json\/wp\/v2\/users\/12"}],"replies":[{"embeddable":true,"href":"https:\/\/viaro.org\/ca\/wp-json\/wp\/v2\/comments?post=23787"}],"version-history":[{"count":1,"href":"https:\/\/viaro.org\/ca\/wp-json\/wp\/v2\/posts\/23787\/revisions"}],"predecessor-version":[{"id":23788,"href":"https:\/\/viaro.org\/ca\/wp-json\/wp\/v2\/posts\/23787\/revisions\/23788"}],"wp:featuredmedia":[{"embeddable":true,"href":"https:\/\/viaro.org\/ca\/wp-json\/wp\/v2\/media\/23774"}],"wp:attachment":[{"href":"https:\/\/viaro.org\/ca\/wp-json\/wp\/v2\/media?parent=23787"}],"wp:term":[{"taxonomy":"category","embeddable":true,"href":"https:\/\/viaro.org\/ca\/wp-json\/wp\/v2\/categories?post=23787"},{"taxonomy":"post_tag","embeddable":true,"href":"https:\/\/viaro.org\/ca\/wp-json\/wp\/v2\/tags?post=23787"}],"curies":[{"name":"wp","href":"https:\/\/api.w.org\/{rel}","templated":true}]}}