{"id":2447,"date":"2019-05-02T14:02:05","date_gmt":"2019-05-02T14:02:05","guid":{"rendered":"http:\/\/viaro.org\/?p=2447"},"modified":"2019-05-02T15:10:22","modified_gmt":"2019-05-02T15:10:22","slug":"conferencia-del-dr-jaime-perez-esquerdo-2","status":"publish","type":"post","link":"https:\/\/viaro.org\/ca\/conferencia-del-dr-jaime-perez-esquerdo-2\/","title":{"rendered":"Confer\u00e8ncia del Dr. Jaime P\u00e9rez Esquerdo"},"content":{"rendered":"\n<p>El 30 d&#8217;abril vam rebre la visita del Dr. Jaime P\u00e9rez Esquerdo, metge forense i pare de l&#8217;escola.<\/p>\n\n\n\n<p>El Dr. P\u00e9rez Esquerdo va parlar als alumnes que estudien qu\u00edmica sobre la medicina preventiva, assistencial i pericial, les m\u00faltiples tasques que realitza un metge forense i quins tipus de casos relacionats amb els joves es troba en el seu dia a dia.<\/p>\n","protected":false},"excerpt":{"rendered":"<p>El 30 d&#8217;abril vam rebre la visita del Dr. Jaime P\u00e9rez Esquerdo, metge forense i pare de l&#8217;escola. El Dr. P\u00e9rez Esquerdo va parlar als alumnes que estudien qu\u00edmica sobre la medicina preventiva, assistencial i pericial, les m\u00faltiples tasques que realitza un metge forense i quins tipus de casos relacionats amb els joves es troba [&hellip;]<\/p>\n","protected":false},"author":11,"featured_media":2444,"comment_status":"closed","ping_status":"closed","sticky":false,"template":"","format":"standard","meta":{"_uag_custom_page_level_css":"","_joinchat":[],"footnotes":""},"categories":[939],"tags":[],"class_list":["post-2447","post","type-post","status-publish","format-standard","has-post-thumbnail","hentry","category-esdeveniments"],"uagb_featured_image_src":{"full":["https:\/\/viaro.org\/wp-content\/uploads\/2019\/05\/Conf_drperezesq.jpg",3648,2048,false],"thumbnail":["https:\/\/viaro.org\/wp-content\/uploads\/2019\/05\/Conf_drperezesq-150x150.jpg",150,150,true],"medium":["https:\/\/viaro.org\/wp-content\/uploads\/2019\/05\/Conf_drperezesq-300x168.jpg",300,168,true],"medium_large":["https:\/\/viaro.org\/wp-content\/uploads\/2019\/05\/Conf_drperezesq-768x431.jpg",640,359,true],"large":["https:\/\/viaro.org\/wp-content\/uploads\/2019\/05\/Conf_drperezesq-1024x575.jpg",640,359,true],"1536x1536":["https:\/\/viaro.org\/wp-content\/uploads\/2019\/05\/Conf_drperezesq.jpg",1536,862,false],"2048x2048":["https:\/\/viaro.org\/wp-content\/uploads\/2019\/05\/Conf_drperezesq.jpg",2048,1150,false],"related-content":["https:\/\/viaro.org\/wp-content\/uploads\/2019\/05\/Conf_drperezesq-297x167.jpg",297,167,true]},"uagb_author_info":{"display_name":"Comunicaci\u00f3 Viar\u00f3","author_link":"https:\/\/viaro.org\/ca\/author\/viarocom\/"},"uagb_comment_info":0,"uagb_excerpt":"El 30 d&#8217;abril vam rebre la visita del Dr. Jaime P\u00e9rez Esquerdo, metge forense i pare de l&#8217;escola. El Dr. P\u00e9rez Esquerdo va parlar als alumnes que estudien qu\u00edmica sobre la medicina preventiva, assistencial i pericial, les m\u00faltiples tasques que realitza un metge forense i quins tipus de casos relacionats amb els joves es troba&hellip;","_links":{"self":[{"href":"https:\/\/viaro.org\/ca\/wp-json\/wp\/v2\/posts\/2447","targetHints":{"allow":["GET"]}}],"collection":[{"href":"https:\/\/viaro.org\/ca\/wp-json\/wp\/v2\/posts"}],"about":[{"href":"https:\/\/viaro.org\/ca\/wp-json\/wp\/v2\/types\/post"}],"author":[{"embeddable":true,"href":"https:\/\/viaro.org\/ca\/wp-json\/wp\/v2\/users\/11"}],"replies":[{"embeddable":true,"href":"https:\/\/viaro.org\/ca\/wp-json\/wp\/v2\/comments?post=2447"}],"version-history":[{"count":1,"href":"https:\/\/viaro.org\/ca\/wp-json\/wp\/v2\/posts\/2447\/revisions"}],"predecessor-version":[{"id":2448,"href":"https:\/\/viaro.org\/ca\/wp-json\/wp\/v2\/posts\/2447\/revisions\/2448"}],"wp:featuredmedia":[{"embeddable":true,"href":"https:\/\/viaro.org\/ca\/wp-json\/wp\/v2\/media\/2444"}],"wp:attachment":[{"href":"https:\/\/viaro.org\/ca\/wp-json\/wp\/v2\/media?parent=2447"}],"wp:term":[{"taxonomy":"category","embeddable":true,"href":"https:\/\/viaro.org\/ca\/wp-json\/wp\/v2\/categories?post=2447"},{"taxonomy":"post_tag","embeddable":true,"href":"https:\/\/viaro.org\/ca\/wp-json\/wp\/v2\/tags?post=2447"}],"curies":[{"name":"wp","href":"https:\/\/api.w.org\/{rel}","templated":true}]}}