{"id":26448,"date":"2026-04-23T19:07:54","date_gmt":"2026-04-23T19:07:54","guid":{"rendered":"https:\/\/viaro.org\/la-mostra-darts-2026\/"},"modified":"2026-04-23T19:18:54","modified_gmt":"2026-04-23T19:18:54","slug":"la-mostra-darts-2026","status":"publish","type":"post","link":"https:\/\/viaro.org\/ca\/la-mostra-darts-2026\/","title":{"rendered":"La Mostra d\u2019Arts 2026"},"content":{"rendered":"\n<p>Al Col\u00b7legi Viar\u00f3, a Sant Cugat, hem celebrat una nova edici\u00f3 de <strong><a href=\"https:\/\/viaro.org\/ca\/mostra-darts\/\">La Mostra d\u2019Arts<\/a><\/strong>, un esdeveniment ja consolidat en la vida del col\u00b7legi que ens permet posar en valor la creativitat, el talent i l\u2019expressi\u00f3 art\u00edstica dels nostres alumnes, alhora que oferim a les fam\u00edlies una oportunitat per con\u00e8ixer de prop el treball realitzat durant el curs.<\/p>\n\n<div class=\"wp-block-columns is-layout-flex wp-container-core-columns-is-layout-9d6595d7 wp-block-columns-is-layout-flex\">\n<div class=\"wp-block-column is-layout-flow wp-block-column-is-layout-flow\">\n<div class=\"wp-block-uagb-image uagb-block-cc534422 wp-block-uagb-image--layout-default wp-block-uagb-image--effect-static wp-block-uagb-image--align-none\"><figure class=\"wp-block-uagb-image__figure\"><img decoding=\"async\" srcset=\"https:\/\/viaro.org\/wp-content\/uploads\/2026\/04\/Fotos_MAV_Nota_de_prensa_25-26_4-1024x683.png ,https:\/\/viaro.org\/wp-content\/uploads\/2026\/04\/Fotos_MAV_Nota_de_prensa_25-26_4-scaled.png 780w, https:\/\/viaro.org\/wp-content\/uploads\/2026\/04\/Fotos_MAV_Nota_de_prensa_25-26_4-scaled.png 360w\" sizes=\"auto, (max-width: 480px) 150px\" src=\"https:\/\/viaro.org\/wp-content\/uploads\/2026\/04\/Fotos_MAV_Nota_de_prensa_25-26_4-1024x683.png\" alt=\"\" class=\"uag-image-26422\" width=\"344\" height=\"229\" title=\"Fotos_MAV_Nota_de_prensa_25-26_4\" loading=\"lazy\" role=\"img\"\/><\/figure><\/div><br>\n<\/div>\n\n\n\n<div class=\"wp-block-column is-layout-flow wp-block-column-is-layout-flow\">\n<p>En aquesta edici\u00f3, <strong>La Mostra d\u2019Arts<\/strong> ha reunit m\u00e9s de 950 persones, entre fam\u00edlies, alumnes i visitants, en una jornada marcada per l\u2019ambient festiu i la participaci\u00f3 de tota la nostra comunitat educativa.<\/p>\n<\/div>\n<\/div>\n\n<h2 class=\"wp-block-heading\">Activitats i tallers per a tota la fam\u00edlia<\/h2>\n\n<p>Despr\u00e9s de la gran acollida de les fam\u00edlies, a <strong>La Mostra d\u2019Arts<\/strong> hem ofert un ampli programa d\u2019activitats i tallers pensats per a totes les edats. Entre ells, han destacat el pintacares, el taller \u201cCrea el teu propi avi\u00f3 de paper\u201d, la sala de llum negra i les sessions d\u2019estimulaci\u00f3 musical. A m\u00e9s, durant el mat\u00ed, un alumne de 1r de Batxillerat, amb inquietuds art\u00edstiques, ha exposat una selecci\u00f3 dels seus propis quadres, enriquint la proposta cultural de l\u2019esdeveniment.<\/p>\n\t\t\t\t\t<div\n\t\t\t\t\t\tclass=\"wp-block-uagb-image-gallery uagb-block-bf6e08be     \"\n\t\t\t\t\t\tstyle=\"\"\n\t\t\t\t\t>\n\t\t\t\t\t\t\t\t\t\t\t<div class=\"spectra-image-gallery spectra-image-gallery__layout--masonry spectra-image-gallery__layout--masonry-col-4 spectra-image-gallery__layout--masonry-col-tab-3 spectra-image-gallery__layout--masonry-col-mob-2\">\n\t\t\t\t\t\t\t\t\t\t\t<div class='spectra-image-gallery__media-wrapper--isotope'>\n\t\t\t\t\t\t\t<div class='spectra-image-gallery__media-wrapper' data-spectra-gallery-image-id='26426' tabindex=\"0\">\n\t\t\t\t\t\t\t<div class=\"spectra-image-gallery__media spectra-image-gallery__media--masonry\">\n\t\t\t\t<picture>\n\t\t\t\t\t<source media=\"(min-width: 1024px)\" srcset=\"https:\/\/viaro.org\/wp-content\/uploads\/2026\/04\/Fotos_MAV_Nota_de_prensa_25-26_1-1024x683.png\">\n\t\t\t\t\t<source media=\"(min-width: 768px)\" srcset=\"https:\/\/viaro.org\/wp-content\/uploads\/2026\/04\/Fotos_MAV_Nota_de_prensa_25-26_1-1024x683.png\">\n\t\t\t\t\t<img decoding=\"async\" class=\"spectra-image-gallery__media-thumbnail spectra-image-gallery__media-thumbnail--masonry\" src=\"https:\/\/viaro.org\/wp-content\/uploads\/2026\/04\/Fotos_MAV_Nota_de_prensa_25-26_1-300x200.png\" alt=\"Familia pintando un cuadro en la muestra de artes\" loading=\"lazy\" \/>\n\t\t\t\t<\/picture>\n\t\t\t\t<div class=\"spectra-image-gallery__media-thumbnail-blurrer\"><\/div>\n\t\t\t\t\t\t\t\t\t\t\t<div class=\"spectra-image-gallery__media-thumbnail-caption-wrapper spectra-image-gallery__media-thumbnail-caption-wrapper--overlay\"><\/div>\n\t\t\t\t\t\t\t\t<\/div>\n\t\t\t\t\t\t<\/div>\n\t\t\t\t\t\t<\/div>\n\t\t\t\t\t\t<div class='spectra-image-gallery__media-wrapper--isotope'>\n\t\t\t\t\t\t\t<div class='spectra-image-gallery__media-wrapper' data-spectra-gallery-image-id='26429' tabindex=\"0\">\n\t\t\t\t\t\t\t<div class=\"spectra-image-gallery__media spectra-image-gallery__media--masonry\">\n\t\t\t\t<picture>\n\t\t\t\t\t<source media=\"(min-width: 1024px)\" srcset=\"https:\/\/viaro.org\/wp-content\/uploads\/2026\/04\/Fotos_MAV_Nota_de_prensa_25-26_21-1024x683.png\">\n\t\t\t\t\t<source media=\"(min-width: 768px)\" srcset=\"https:\/\/viaro.org\/wp-content\/uploads\/2026\/04\/Fotos_MAV_Nota_de_prensa_25-26_21-1024x683.png\">\n\t\t\t\t\t<img decoding=\"async\" class=\"spectra-image-gallery__media-thumbnail spectra-image-gallery__media-thumbnail--masonry\" src=\"https:\/\/viaro.org\/wp-content\/uploads\/2026\/04\/Fotos_MAV_Nota_de_prensa_25-26_21-300x200.png\" alt=\"Familias disfrutando el dia en el colegio viaro de sant cugat mientras celebran la Muestra de artes\" loading=\"lazy\" \/>\n\t\t\t\t<\/picture>\n\t\t\t\t<div class=\"spectra-image-gallery__media-thumbnail-blurrer\"><\/div>\n\t\t\t\t\t\t\t\t\t\t\t<div class=\"spectra-image-gallery__media-thumbnail-caption-wrapper spectra-image-gallery__media-thumbnail-caption-wrapper--overlay\"><\/div>\n\t\t\t\t\t\t\t\t<\/div>\n\t\t\t\t\t\t<\/div>\n\t\t\t\t\t\t<\/div>\n\t\t\t\t\t\t<div class='spectra-image-gallery__media-wrapper--isotope'>\n\t\t\t\t\t\t\t<div class='spectra-image-gallery__media-wrapper' data-spectra-gallery-image-id='26432' tabindex=\"0\">\n\t\t\t\t\t\t\t<div class=\"spectra-image-gallery__media spectra-image-gallery__media--masonry\">\n\t\t\t\t<picture>\n\t\t\t\t\t<source media=\"(min-width: 1024px)\" srcset=\"https:\/\/viaro.org\/wp-content\/uploads\/2026\/04\/Fotos_MAV_Nota_de_prensa_25-26_24-1024x683.png\">\n\t\t\t\t\t<source media=\"(min-width: 768px)\" srcset=\"https:\/\/viaro.org\/wp-content\/uploads\/2026\/04\/Fotos_MAV_Nota_de_prensa_25-26_24-1024x683.png\">\n\t\t\t\t\t<img decoding=\"async\" class=\"spectra-image-gallery__media-thumbnail spectra-image-gallery__media-thumbnail--masonry\" src=\"https:\/\/viaro.org\/wp-content\/uploads\/2026\/04\/Fotos_MAV_Nota_de_prensa_25-26_24-300x200.png\" alt=\"Alumna de infantil de viar\u00f3 en el taller de pinta caras de la muestra de artes\" loading=\"lazy\" \/>\n\t\t\t\t<\/picture>\n\t\t\t\t<div class=\"spectra-image-gallery__media-thumbnail-blurrer\"><\/div>\n\t\t\t\t\t\t\t\t\t\t\t<div class=\"spectra-image-gallery__media-thumbnail-caption-wrapper spectra-image-gallery__media-thumbnail-caption-wrapper--overlay\"><\/div>\n\t\t\t\t\t\t\t\t<\/div>\n\t\t\t\t\t\t<\/div>\n\t\t\t\t\t\t<\/div>\n\t\t\t\t\t\t<div class='spectra-image-gallery__media-wrapper--isotope'>\n\t\t\t\t\t\t\t<div class='spectra-image-gallery__media-wrapper' data-spectra-gallery-image-id='26435' tabindex=\"0\">\n\t\t\t\t\t\t\t<div class=\"spectra-image-gallery__media spectra-image-gallery__media--masonry\">\n\t\t\t\t<picture>\n\t\t\t\t\t<source media=\"(min-width: 1024px)\" srcset=\"https:\/\/viaro.org\/wp-content\/uploads\/2026\/04\/Fotos_MAV_Nota_de_prensa_25-26_25-1024x683.png\">\n\t\t\t\t\t<source media=\"(min-width: 768px)\" srcset=\"https:\/\/viaro.org\/wp-content\/uploads\/2026\/04\/Fotos_MAV_Nota_de_prensa_25-26_25-1024x683.png\">\n\t\t\t\t\t<img decoding=\"async\" class=\"spectra-image-gallery__media-thumbnail spectra-image-gallery__media-thumbnail--masonry\" src=\"https:\/\/viaro.org\/wp-content\/uploads\/2026\/04\/Fotos_MAV_Nota_de_prensa_25-26_25-300x200.png\" alt=\"\" loading=\"lazy\" \/>\n\t\t\t\t<\/picture>\n\t\t\t\t<div class=\"spectra-image-gallery__media-thumbnail-blurrer\"><\/div>\n\t\t\t\t\t\t\t\t\t\t\t<div class=\"spectra-image-gallery__media-thumbnail-caption-wrapper spectra-image-gallery__media-thumbnail-caption-wrapper--overlay\"><\/div>\n\t\t\t\t\t\t\t\t<\/div>\n\t\t\t\t\t\t<\/div>\n\t\t\t\t\t\t<\/div>\n\t\t\t\t\t\t\t\t\t\t<\/div>\n\t\t\t\t\t\t\t\t\t\t\t\t\t\t\t\t\t\t<\/div>\n\t\t\t\t\t\t\t\t\t\n<h2 class=\"wp-block-heading\">L\u2019Escola de M\u00fasica i el vincle amb el Liceu<\/h2>\n\n<p>La dimensi\u00f3 musical ha tingut un protagonisme especial a <strong>La Mostra d\u2019Arts 2025<\/strong>, coincidint amb l\u2019<a href=\"https:\/\/viaro.org\/ca\/vida-academica\/musica-emv\/\">aniversari de la nostra Escola de M\u00fasica<\/a>. Aquest projecte educatiu, integrat en la vida acad\u00e8mica del col\u00b7legi, permet als nostres alumnes compaginar la seva formaci\u00f3 general amb els estudis musicals mitjan\u00e7ant un itinerari progressiu adaptat a cada etapa. A trav\u00e9s de l\u2019aprenentatge instrumental, el llenguatge musical i la pr\u00e0ctica de conjunt, fomentem la sensibilitat art\u00edstica, la const\u00e0ncia i el treball en equip.<\/p>\n\n<p>En aquest context, vam ser pioners a establir un conveni amb la <a href=\"https:\/\/www.conservatoriliceu.es\/\" target=\"_blank\" rel=\"noopener\">Fundaci\u00f3 Conservatori del Liceu<\/a> a trav\u00e9s de la Prim\u00e0ria Musical, refor\u00e7ant aix\u00ed la nostra aposta per una formaci\u00f3 musical de qualitat des de les primeres edats. En el marc de <strong>La Mostra d\u2019Arts<\/strong>, hem comptat amb la pres\u00e8ncia de Carmen Passolas, directora del Centre Professional i de la xarxa d\u2019escoles de la fundaci\u00f3 del Liceu, qui ha acompanyat les fam\u00edlies \u2014tant del col\u00b7legi com externes\u2014 durant les activitats art\u00edstiques i musicals dirigides a totes les edats.<\/p>\n\n<div class=\"wp-block-columns is-layout-flex wp-container-core-columns-is-layout-9d6595d7 wp-block-columns-is-layout-flex\">\n<div class=\"wp-block-column is-layout-flow wp-block-column-is-layout-flow\">\n<div class=\"wp-block-uagb-image uagb-block-46fbd46c wp-block-uagb-image--layout-default wp-block-uagb-image--effect-static wp-block-uagb-image--align-none\"><figure class=\"wp-block-uagb-image__figure\"><img decoding=\"async\" srcset=\"https:\/\/viaro.org\/wp-content\/uploads\/2026\/04\/Fotos_MAV_Nota_de_prensa_25-26_9-1024x683.png ,https:\/\/viaro.org\/wp-content\/uploads\/2026\/04\/Fotos_MAV_Nota_de_prensa_25-26_9-scaled.png 780w, https:\/\/viaro.org\/wp-content\/uploads\/2026\/04\/Fotos_MAV_Nota_de_prensa_25-26_9-scaled.png 360w\" sizes=\"auto, (max-width: 480px) 150px\" src=\"https:\/\/viaro.org\/wp-content\/uploads\/2026\/04\/Fotos_MAV_Nota_de_prensa_25-26_9-1024x683.png\" alt=\"\" class=\"uag-image-26438\" width=\"2738\" height=\"1825\" title=\"Fotos_MAV_Nota_de_prensa_25-26_9\" loading=\"lazy\" role=\"img\"\/><\/figure><\/div><br>\n<\/div>\n\n\n\n<div class=\"wp-block-column is-layout-flow wp-block-column-is-layout-flow\">\n<div class=\"wp-block-uagb-image uagb-block-4882a787 wp-block-uagb-image--layout-default wp-block-uagb-image--effect-static wp-block-uagb-image--align-none\"><figure class=\"wp-block-uagb-image__figure\"><img decoding=\"async\" srcset=\"https:\/\/viaro.org\/wp-content\/uploads\/2026\/04\/Fotos_MAV_Nota_de_prensa_25-26_13-1024x683.png ,https:\/\/viaro.org\/wp-content\/uploads\/2026\/04\/Fotos_MAV_Nota_de_prensa_25-26_13-scaled.png 780w, https:\/\/viaro.org\/wp-content\/uploads\/2026\/04\/Fotos_MAV_Nota_de_prensa_25-26_13-scaled.png 360w\" sizes=\"auto, (max-width: 480px) 150px\" src=\"https:\/\/viaro.org\/wp-content\/uploads\/2026\/04\/Fotos_MAV_Nota_de_prensa_25-26_13-1024x683.png\" alt=\"La muestra de artes de viaro\" class=\"uag-image-26441\" width=\"2738\" height=\"1825\" title=\"Fotos_MAV_Nota_de_prensa_25-26_13\" loading=\"lazy\" role=\"img\"\/><\/figure><\/div><br>\n<\/div>\n<\/div>\n\n<h2 class=\"wp-block-heading\">La mostra d\u2019arts: comunitat i comprom\u00eds<\/h2>\n\n<p>Com en cada edici\u00f3, <strong>La Mostra d\u2019Arts<\/strong> ha estat tamb\u00e9 un espai de trobada per a tota la nostra comunitat educativa a Sant Cugat. Fam\u00edlies, professors i alumnes hem compartit una jornada en qu\u00e8 l\u2019art s\u2019ha convertit en un llenguatge com\u00fa capa\u00e7 de transmetre emocions i reflectir la mirada personal de cada estudiant.<\/p>\n\n<p>Volem destacar tamb\u00e9 la implicaci\u00f3 dels alumnes de 2n de Batxillerat, encarregats del servei de bar durant <strong>La Mostra d\u2019Arts<\/strong>. Tot el que s\u2019ha recaptat es destinar\u00e0 a finan\u00e7ar el <a href=\"https:\/\/www.youtube.com\/watch?v=iipIsI6ezKk&amp;t=\" target=\"_blank\" rel=\"noopener\">projecte educatiu i assistencial que desenvolupen a Nairobi<\/a> juntament amb Eastlands College. En concret, els fons contribuiran a beques d\u2019estudi, alimentaci\u00f3 i materials de construcci\u00f3, refor\u00e7ant aix\u00ed el nostre comprom\u00eds solidari.<\/p>\n\n<h2 class=\"wp-block-heading\">Comprom\u00eds amb una educaci\u00f3 integral<\/h2>\n\n<p>La qualitat i diversitat de les obres i actuacions presentades a <strong>La Mostra d\u2019Arts<\/strong> reflecteixen el treball constant realitzat al llarg del curs i l\u2019acompanyament proper del professorat. Amb iniciatives com aquesta, reafirmem el nostre comprom\u00eds amb una educaci\u00f3 integral a Sant Cugat, que impulsa tant el desenvolupament acad\u00e8mic com el creixement art\u00edstic, personal i social dels nostres alumnes.<\/p>\n\n<p>Al final d\u2019aquesta p\u00e0gina, en el seg\u00fcent bot\u00f3, podeu accedir a la galeria completa d\u2019imatges de <strong>La Mostra d\u2019Arts 2025<\/strong>, on es recullen els millors moments de la jornada.<\/p>\n\n<div class=\"wp-block-uagb-buttons uagb-buttons__outer-wrap uagb-btn__default-btn uagb-btn-tablet__default-btn uagb-btn-mobile__default-btn uagb-block-c01c06da\"><div class=\"uagb-buttons__wrap uagb-buttons-layout-wrap \">\n<div class=\"wp-block-uagb-buttons-child uagb-buttons__outer-wrap uagb-block-71d1b300 wp-block-button\"><div class=\"uagb-button__wrapper\"><a class=\"uagb-buttons-repeater wp-block-button__link\" aria-label=\"\" href=\"https:\/\/viaro.smugmug.com\/Curs-2025-26\/MAV-25-26\/n-tdH5gW\" rel=\"follow noopener\" target=\"_self\" role=\"button\"><div class=\"uagb-button__link\">Veure fotos<\/div><\/a><\/div><\/div>\n<\/div><\/div>\n\n<p><\/p>\n","protected":false},"excerpt":{"rendered":"<p>Al Col\u00b7legi Viar\u00f3, a Sant Cugat, hem celebrat una nova edici\u00f3 de La Mostra d\u2019Arts, un esdeveniment ja consolidat en la vida del col\u00b7legi que ens permet posar en valor la creativitat, el talent i l\u2019expressi\u00f3 art\u00edstica dels nostres alumnes, alhora que oferim a les fam\u00edlies una oportunitat per con\u00e8ixer de prop el treball realitzat [&hellip;]<\/p>\n","protected":false},"author":11,"featured_media":26423,"comment_status":"closed","ping_status":"closed","sticky":false,"template":"","format":"standard","meta":{"_uag_custom_page_level_css":"","_joinchat":[],"footnotes":""},"categories":[6],"tags":[1064],"class_list":["post-26448","post","type-post","status-publish","format-standard","has-post-thumbnail","hentry","category-sense-categoritzar","tag-families"],"uagb_featured_image_src":{"full":["https:\/\/viaro.org\/wp-content\/uploads\/2026\/04\/Fotos_MAV_Nota_de_prensa_25-26_4-scaled.png",2560,1706,false],"thumbnail":["https:\/\/viaro.org\/wp-content\/uploads\/2026\/04\/Fotos_MAV_Nota_de_prensa_25-26_4-150x150.png",150,150,true],"medium":["https:\/\/viaro.org\/wp-content\/uploads\/2026\/04\/Fotos_MAV_Nota_de_prensa_25-26_4-300x200.png",300,200,true],"medium_large":["https:\/\/viaro.org\/wp-content\/uploads\/2026\/04\/Fotos_MAV_Nota_de_prensa_25-26_4-768x512.png",640,427,true],"large":["https:\/\/viaro.org\/wp-content\/uploads\/2026\/04\/Fotos_MAV_Nota_de_prensa_25-26_4-1024x683.png",640,427,true],"1536x1536":["https:\/\/viaro.org\/wp-content\/uploads\/2026\/04\/Fotos_MAV_Nota_de_prensa_25-26_4-1536x1024.png",1536,1024,true],"2048x2048":["https:\/\/viaro.org\/wp-content\/uploads\/2026\/04\/Fotos_MAV_Nota_de_prensa_25-26_4-2048x1365.png",2048,1365,true],"related-content":["https:\/\/viaro.org\/wp-content\/uploads\/2026\/04\/Fotos_MAV_Nota_de_prensa_25-26_4-297x167.png",297,167,true]},"uagb_author_info":{"display_name":"Comunicaci\u00f3 Viar\u00f3","author_link":"https:\/\/viaro.org\/ca\/author\/viarocom\/"},"uagb_comment_info":0,"uagb_excerpt":"Al Col\u00b7legi Viar\u00f3, a Sant Cugat, hem celebrat una nova edici\u00f3 de La Mostra d\u2019Arts, un esdeveniment ja consolidat en la vida del col\u00b7legi que ens permet posar en valor la creativitat, el talent i l\u2019expressi\u00f3 art\u00edstica dels nostres alumnes, alhora que oferim a les fam\u00edlies una oportunitat per con\u00e8ixer de prop el treball realitzat&hellip;","_links":{"self":[{"href":"https:\/\/viaro.org\/ca\/wp-json\/wp\/v2\/posts\/26448","targetHints":{"allow":["GET"]}}],"collection":[{"href":"https:\/\/viaro.org\/ca\/wp-json\/wp\/v2\/posts"}],"about":[{"href":"https:\/\/viaro.org\/ca\/wp-json\/wp\/v2\/types\/post"}],"author":[{"embeddable":true,"href":"https:\/\/viaro.org\/ca\/wp-json\/wp\/v2\/users\/11"}],"replies":[{"embeddable":true,"href":"https:\/\/viaro.org\/ca\/wp-json\/wp\/v2\/comments?post=26448"}],"version-history":[{"count":2,"href":"https:\/\/viaro.org\/ca\/wp-json\/wp\/v2\/posts\/26448\/revisions"}],"predecessor-version":[{"id":26452,"href":"https:\/\/viaro.org\/ca\/wp-json\/wp\/v2\/posts\/26448\/revisions\/26452"}],"wp:featuredmedia":[{"embeddable":true,"href":"https:\/\/viaro.org\/ca\/wp-json\/wp\/v2\/media\/26423"}],"wp:attachment":[{"href":"https:\/\/viaro.org\/ca\/wp-json\/wp\/v2\/media?parent=26448"}],"wp:term":[{"taxonomy":"category","embeddable":true,"href":"https:\/\/viaro.org\/ca\/wp-json\/wp\/v2\/categories?post=26448"},{"taxonomy":"post_tag","embeddable":true,"href":"https:\/\/viaro.org\/ca\/wp-json\/wp\/v2\/tags?post=26448"}],"curies":[{"name":"wp","href":"https:\/\/api.w.org\/{rel}","templated":true}]}}