{"id":6257,"date":"2020-07-02T09:43:18","date_gmt":"2020-07-02T09:43:18","guid":{"rendered":"http:\/\/viaro.org\/el-cadet-a-campio-de-lliga-i-ascens\/"},"modified":"2020-07-02T16:45:38","modified_gmt":"2020-07-02T16:45:38","slug":"el-cadet-a-campio-de-lliga-i-ascens","status":"publish","type":"post","link":"https:\/\/viaro.org\/ca\/el-cadet-a-campio-de-lliga-i-ascens\/","title":{"rendered":"El Cadet A, campi\u00f3 de Lliga i ascens"},"content":{"rendered":"\n<h4 class=\"wp-block-heading\">Entrenat per Pablo Arn\u00e1iz, el Cadet A de futbol s&#8217;ha proclamat campi\u00f3 de Lliga, obtenint l&#8217;ascens de categoria.<\/h4>\n\n<h4 class=\"wp-block-heading\">Continuem impulsant l&#8217;esport federat amb un total de 6 equips per a la propera temporada.<\/h4>\n\n<p>El Cadet A de\u00a0Viar\u00f3\u00a0Global\u00a0School\u00a0(4t ESO) <strong>s&#8217;ha proclamat campi\u00f3 de lliga en el seu primer any en la competici\u00f3<\/strong> de la Federaci\u00f3 Catalana de Futbol. L&#8217;equip, dirigit per Pablo\u00a0Arn\u00e1iz, obt\u00e9 a m\u00e9s l&#8217;ascens a la primera divisi\u00f3, ja que ha estat l&#8217;equip amb millor coeficient de punts i gols de 2a divisi\u00f3 catalana i ocupar\u00e0 una vacant en la primera categoria.<\/p>\n\n<p>Des del col\u00b7legi continuem apostant per l&#8217;esport al m\u00e0xim nivell i per a la temporada 2020-21 augmentem el nombre d&#8217;equips que competeixen a la Federaci\u00f3, passant de 3 a 6 equips (infantil, cadet i juvenil).<\/p>\n","protected":false},"excerpt":{"rendered":"<p>Entrenat per Pablo Arn\u00e1iz, el Cadet A de futbol s&#8217;ha proclamat campi\u00f3 de Lliga, obtenint l&#8217;ascens de categoria. Continuem impulsant l&#8217;esport federat amb un total de 6 equips per a la propera temporada. El Cadet A de\u00a0Viar\u00f3\u00a0Global\u00a0School\u00a0(4t ESO) s&#8217;ha proclamat campi\u00f3 de lliga en el seu primer any en la competici\u00f3 de la Federaci\u00f3 Catalana [&hellip;]<\/p>\n","protected":false},"author":11,"featured_media":6237,"comment_status":"closed","ping_status":"closed","sticky":false,"template":"","format":"standard","meta":{"_uag_custom_page_level_css":"","_joinchat":[],"footnotes":""},"categories":[949],"tags":[],"class_list":["post-6257","post","type-post","status-publish","format-standard","has-post-thumbnail","hentry","category-premis"],"uagb_featured_image_src":{"full":["https:\/\/viaro.org\/wp-content\/uploads\/2020\/07\/CadeteA.jpg",1500,1000,false],"thumbnail":["https:\/\/viaro.org\/wp-content\/uploads\/2020\/07\/CadeteA-150x150.jpg",150,150,true],"medium":["https:\/\/viaro.org\/wp-content\/uploads\/2020\/07\/CadeteA-300x200.jpg",300,200,true],"medium_large":["https:\/\/viaro.org\/wp-content\/uploads\/2020\/07\/CadeteA-768x512.jpg",640,427,true],"large":["https:\/\/viaro.org\/wp-content\/uploads\/2020\/07\/CadeteA-1024x683.jpg",640,427,true],"1536x1536":["https:\/\/viaro.org\/wp-content\/uploads\/2020\/07\/CadeteA.jpg",1500,1000,false],"2048x2048":["https:\/\/viaro.org\/wp-content\/uploads\/2020\/07\/CadeteA.jpg",1500,1000,false],"related-content":["https:\/\/viaro.org\/wp-content\/uploads\/2020\/07\/CadeteA-297x167.jpg",297,167,true]},"uagb_author_info":{"display_name":"Comunicaci\u00f3 Viar\u00f3","author_link":"https:\/\/viaro.org\/ca\/author\/viarocom\/"},"uagb_comment_info":0,"uagb_excerpt":"Entrenat per Pablo Arn\u00e1iz, el Cadet A de futbol s&#8217;ha proclamat campi\u00f3 de Lliga, obtenint l&#8217;ascens de categoria. Continuem impulsant l&#8217;esport federat amb un total de 6 equips per a la propera temporada. El Cadet A de\u00a0Viar\u00f3\u00a0Global\u00a0School\u00a0(4t ESO) s&#8217;ha proclamat campi\u00f3 de lliga en el seu primer any en la competici\u00f3 de la Federaci\u00f3 Catalana&hellip;","_links":{"self":[{"href":"https:\/\/viaro.org\/ca\/wp-json\/wp\/v2\/posts\/6257","targetHints":{"allow":["GET"]}}],"collection":[{"href":"https:\/\/viaro.org\/ca\/wp-json\/wp\/v2\/posts"}],"about":[{"href":"https:\/\/viaro.org\/ca\/wp-json\/wp\/v2\/types\/post"}],"author":[{"embeddable":true,"href":"https:\/\/viaro.org\/ca\/wp-json\/wp\/v2\/users\/11"}],"replies":[{"embeddable":true,"href":"https:\/\/viaro.org\/ca\/wp-json\/wp\/v2\/comments?post=6257"}],"version-history":[{"count":3,"href":"https:\/\/viaro.org\/ca\/wp-json\/wp\/v2\/posts\/6257\/revisions"}],"predecessor-version":[{"id":6262,"href":"https:\/\/viaro.org\/ca\/wp-json\/wp\/v2\/posts\/6257\/revisions\/6262"}],"wp:featuredmedia":[{"embeddable":true,"href":"https:\/\/viaro.org\/ca\/wp-json\/wp\/v2\/media\/6237"}],"wp:attachment":[{"href":"https:\/\/viaro.org\/ca\/wp-json\/wp\/v2\/media?parent=6257"}],"wp:term":[{"taxonomy":"category","embeddable":true,"href":"https:\/\/viaro.org\/ca\/wp-json\/wp\/v2\/categories?post=6257"},{"taxonomy":"post_tag","embeddable":true,"href":"https:\/\/viaro.org\/ca\/wp-json\/wp\/v2\/tags?post=6257"}],"curies":[{"name":"wp","href":"https:\/\/api.w.org\/{rel}","templated":true}]}}