{"id":7214,"date":"2020-11-16T13:22:42","date_gmt":"2020-11-16T13:22:42","guid":{"rendered":"http:\/\/viaro.org\/confirmacions-2020\/"},"modified":"2020-11-19T17:53:54","modified_gmt":"2020-11-19T17:53:54","slug":"confirmacions-2020","status":"publish","type":"post","link":"https:\/\/viaro.org\/ca\/confirmacions-2020\/","title":{"rendered":"Confirmacions 2020"},"content":{"rendered":"\n<p>Despr\u00e9s de ser ajornades per la pand\u00e8mia de COVID19, finalment van tenir lloc les celebracions de Confirmaci\u00f3 dels alumnes que aquest any cursen 3r ESO.<\/p>\n\n<p>Els alumnes van rebre el sagrament en tres torns diferents, acompanyats pels seus pares i padrins en la Catedral del Sant Esperit de Terrassa.<\/p>\n\n<p>En aquests enlla\u00e7os (clic en les imatges) podeu veure i adquirir les fotografies de la cerim\u00f2nia, <a href=\"https:\/\/www.fotolux.es\/\" target=\"_blank\" rel=\"noopener noreferrer\">realitzades per Jos\u00e9\u00a0Falc\u00f3n\u00a0(fotolux)<\/a>.<\/p>\n\n<p class=\"has-text-align-center\"><p style=\"text-align: center;\"><strong>Torn 1<\/strong><\/p><\/p>\n\n<figure class=\"wp-block-image size-large\"><a href=\"https:\/\/www.fotolux.es\/JFF_Menu.php?tipo=2&amp;cole=03\" target=\"_blank\" rel=\"noopener noreferrer\"><img decoding=\"async\" width=\"1024\" height=\"681\" src=\"https:\/\/viaro.org\/wp-content\/uploads\/2020\/11\/GRUPO-VIARO-1T-1024x681.jpg\" alt=\"\" class=\"wp-image-7205\" srcset=\"https:\/\/viaro.org\/wp-content\/uploads\/2020\/11\/GRUPO-VIARO-1T-1024x681.jpg 1024w, https:\/\/viaro.org\/wp-content\/uploads\/2020\/11\/GRUPO-VIARO-1T-300x200.jpg 300w, https:\/\/viaro.org\/wp-content\/uploads\/2020\/11\/GRUPO-VIARO-1T-768x511.jpg 768w, https:\/\/viaro.org\/wp-content\/uploads\/2020\/11\/GRUPO-VIARO-1T-391x260.jpg 391w, https:\/\/viaro.org\/wp-content\/uploads\/2020\/11\/GRUPO-VIARO-1T-1536x1022.jpg 1536w, https:\/\/viaro.org\/wp-content\/uploads\/2020\/11\/GRUPO-VIARO-1T-2048x1362.jpg 2048w\" sizes=\"(max-width: 1024px) 100vw, 1024px\" \/><\/a><\/figure>\n<p class=\"has-text-align-center\"><p style=\"text-align: center;\"><strong>Torn 2<\/strong><\/p><\/p>\n\n<figure class=\"wp-block-image size-large\"><a href=\"https:\/\/www.fotolux.es\/JFF_Menu.php?tipo=2&amp;cole=03\" target=\"_blank\" rel=\"noopener noreferrer\"><img decoding=\"async\" width=\"1024\" height=\"681\" src=\"https:\/\/viaro.org\/wp-content\/uploads\/2020\/11\/GRUPO-VIARO-2T-1024x681.jpg\" alt=\"\" class=\"wp-image-7208\" srcset=\"https:\/\/viaro.org\/wp-content\/uploads\/2020\/11\/GRUPO-VIARO-2T-1024x681.jpg 1024w, https:\/\/viaro.org\/wp-content\/uploads\/2020\/11\/GRUPO-VIARO-2T-300x200.jpg 300w, https:\/\/viaro.org\/wp-content\/uploads\/2020\/11\/GRUPO-VIARO-2T-768x511.jpg 768w, https:\/\/viaro.org\/wp-content\/uploads\/2020\/11\/GRUPO-VIARO-2T-391x260.jpg 391w, https:\/\/viaro.org\/wp-content\/uploads\/2020\/11\/GRUPO-VIARO-2T-1536x1022.jpg 1536w, https:\/\/viaro.org\/wp-content\/uploads\/2020\/11\/GRUPO-VIARO-2T-2048x1363.jpg 2048w\" sizes=\"(max-width: 1024px) 100vw, 1024px\" \/><\/a><\/figure>\n<p class=\"has-text-align-center\"><strong>Torn <\/strong>3<\/p>\n\n<div class=\"wp-block-columns is-layout-flex wp-container-core-columns-is-layout-9d6595d7 wp-block-columns-is-layout-flex\">\n<div class=\"wp-block-column is-layout-flow wp-block-column-is-layout-flow\">\n<figure class=\"wp-block-image size-large\"><img decoding=\"async\" width=\"1024\" height=\"682\" src=\"https:\/\/viaro.org\/wp-content\/uploads\/2020\/11\/GRUPO-VIARO-3T-1024x682.jpg\" alt=\"\" class=\"wp-image-7228\" srcset=\"https:\/\/viaro.org\/wp-content\/uploads\/2020\/11\/GRUPO-VIARO-3T-1024x682.jpg 1024w, https:\/\/viaro.org\/wp-content\/uploads\/2020\/11\/GRUPO-VIARO-3T-300x200.jpg 300w, https:\/\/viaro.org\/wp-content\/uploads\/2020\/11\/GRUPO-VIARO-3T-768x511.jpg 768w, https:\/\/viaro.org\/wp-content\/uploads\/2020\/11\/GRUPO-VIARO-3T-391x260.jpg 391w, https:\/\/viaro.org\/wp-content\/uploads\/2020\/11\/GRUPO-VIARO-3T-1536x1022.jpg 1536w, https:\/\/viaro.org\/wp-content\/uploads\/2020\/11\/GRUPO-VIARO-3T.jpg 1600w\" sizes=\"(max-width: 1024px) 100vw, 1024px\" \/><\/figure>\n\n\n<p><\/p>\n<\/div>\n<\/div>\n","protected":false},"excerpt":{"rendered":"<p>Despr\u00e9s de ser ajornades per la pand\u00e8mia de COVID19, finalment van tenir lloc les celebracions de Confirmaci\u00f3 dels alumnes que aquest any cursen 3r ESO. Els alumnes van rebre el sagrament en tres torns diferents, acompanyats pels seus pares i padrins en la Catedral del Sant Esperit de Terrassa. En aquests enlla\u00e7os (clic en les [&hellip;]<\/p>\n","protected":false},"author":11,"featured_media":7208,"comment_status":"closed","ping_status":"closed","sticky":false,"template":"","format":"standard","meta":{"_uag_custom_page_level_css":"","_joinchat":[],"footnotes":""},"categories":[955],"tags":[],"class_list":["post-7214","post","type-post","status-publish","format-standard","has-post-thumbnail","hentry","category-secundaria-ca"],"uagb_featured_image_src":{"full":["https:\/\/viaro.org\/wp-content\/uploads\/2020\/11\/GRUPO-VIARO-2T-scaled.jpg",2560,1704,false],"thumbnail":["https:\/\/viaro.org\/wp-content\/uploads\/2020\/11\/GRUPO-VIARO-2T-150x150.jpg",150,150,true],"medium":["https:\/\/viaro.org\/wp-content\/uploads\/2020\/11\/GRUPO-VIARO-2T-300x200.jpg",300,200,true],"medium_large":["https:\/\/viaro.org\/wp-content\/uploads\/2020\/11\/GRUPO-VIARO-2T-768x511.jpg",640,426,true],"large":["https:\/\/viaro.org\/wp-content\/uploads\/2020\/11\/GRUPO-VIARO-2T-1024x681.jpg",640,426,true],"1536x1536":["https:\/\/viaro.org\/wp-content\/uploads\/2020\/11\/GRUPO-VIARO-2T-1536x1022.jpg",1536,1022,true],"2048x2048":["https:\/\/viaro.org\/wp-content\/uploads\/2020\/11\/GRUPO-VIARO-2T-2048x1363.jpg",2048,1363,true],"related-content":["https:\/\/viaro.org\/wp-content\/uploads\/2020\/11\/GRUPO-VIARO-2T-297x167.jpg",297,167,true]},"uagb_author_info":{"display_name":"Comunicaci\u00f3 Viar\u00f3","author_link":"https:\/\/viaro.org\/ca\/author\/viarocom\/"},"uagb_comment_info":0,"uagb_excerpt":"Despr\u00e9s de ser ajornades per la pand\u00e8mia de COVID19, finalment van tenir lloc les celebracions de Confirmaci\u00f3 dels alumnes que aquest any cursen 3r ESO. Els alumnes van rebre el sagrament en tres torns diferents, acompanyats pels seus pares i padrins en la Catedral del Sant Esperit de Terrassa. En aquests enlla\u00e7os (clic en les&hellip;","_links":{"self":[{"href":"https:\/\/viaro.org\/ca\/wp-json\/wp\/v2\/posts\/7214","targetHints":{"allow":["GET"]}}],"collection":[{"href":"https:\/\/viaro.org\/ca\/wp-json\/wp\/v2\/posts"}],"about":[{"href":"https:\/\/viaro.org\/ca\/wp-json\/wp\/v2\/types\/post"}],"author":[{"embeddable":true,"href":"https:\/\/viaro.org\/ca\/wp-json\/wp\/v2\/users\/11"}],"replies":[{"embeddable":true,"href":"https:\/\/viaro.org\/ca\/wp-json\/wp\/v2\/comments?post=7214"}],"version-history":[{"count":3,"href":"https:\/\/viaro.org\/ca\/wp-json\/wp\/v2\/posts\/7214\/revisions"}],"predecessor-version":[{"id":7232,"href":"https:\/\/viaro.org\/ca\/wp-json\/wp\/v2\/posts\/7214\/revisions\/7232"}],"wp:featuredmedia":[{"embeddable":true,"href":"https:\/\/viaro.org\/ca\/wp-json\/wp\/v2\/media\/7208"}],"wp:attachment":[{"href":"https:\/\/viaro.org\/ca\/wp-json\/wp\/v2\/media?parent=7214"}],"wp:term":[{"taxonomy":"category","embeddable":true,"href":"https:\/\/viaro.org\/ca\/wp-json\/wp\/v2\/categories?post=7214"},{"taxonomy":"post_tag","embeddable":true,"href":"https:\/\/viaro.org\/ca\/wp-json\/wp\/v2\/tags?post=7214"}],"curies":[{"name":"wp","href":"https:\/\/api.w.org\/{rel}","templated":true}]}}