{"id":8610,"date":"2021-05-07T07:45:00","date_gmt":"2021-05-07T07:45:00","guid":{"rendered":"http:\/\/viaro.org\/apuntat-al-summer-i-country-camp-2021\/"},"modified":"2021-05-07T08:57:01","modified_gmt":"2021-05-07T08:57:01","slug":"apuntat-al-summer-i-country-camp-2021","status":"publish","type":"post","link":"https:\/\/viaro.org\/ca\/apuntat-al-summer-i-country-camp-2021\/","title":{"rendered":"Apunta&#8217;t al Summer i Country Camp 2021"},"content":{"rendered":"\n<p id=\"block-19cdc160-b183-460d-8ddf-f031c7a21f49\"><strong>Arriben el Summer Camp i el Country Camp, les propostes per a l&#8217;estiu a Viar\u00f3 Global School!<\/strong><\/p>\n\n<p><a href=\"https:\/\/viaro.org\/ca\/vida-academica\/summer-camp-2021\/\"><strong>Veure informaci\u00f3 detallada.<\/strong><\/a><\/p>\n\n<h3 class=\"wp-block-heading\" id=\"block-bb3705a0-3e74-41b7-b840-85c0f40ec040\"><strong>Qu\u00e8 \u00e9s el <em>English Summer Camp<\/em>?<\/strong><\/h3>\n\n<p id=\"block-d66abed9-eac8-42f2-b7d5-f1f51bec3521\"><em>L\u2019English Summer Camp <\/em>\u00a0\u00e9s la nostra proposta per al mes de juliol a Viar\u00f3. Consisteix en un bon nombre d\u2019<strong>activitats di\u00e0ries<\/strong> que es programen amb uns objectius espec\u00edfics. \u00c9s una forma d\u2019aprofitar el temps i passar-s\u2019ho b\u00e9 mentre s\u2019apr\u00e8n i es juga. Per aix\u00f2 plantegem l\u2019<em>English Summer Camp <\/em>com un seguit d\u2019esports, jocs, lectures i tallers que es viuen a trav\u00e9s de l\u2019angl\u00e8s.<\/p>\n\n<h3 class=\"wp-block-heading\" id=\"block-f838ad82-1eaa-4ab9-9566-b116f4a03d86\"><strong>Qu\u00e8 \u00e9s el <em>Country Camp<\/em>?<\/strong><\/h3>\n\n<p id=\"block-a449c254-f0f8-44d4-916e-4a289c7b169b\">El\u00a0Country\u00a0Camp \u00e9s la proposta per als m\u00e9s petits: nens i nenes de 2 a 5 anys que viuran una aut\u00e8ntica experi\u00e8ncia de granja en\u00a0Viar\u00f3\u00a0Infantil. Cuidar animals i l&#8217;hort, activitats tem\u00e0tiques i tallers per a aprendre i experimentar d&#8217;una manera pr\u00e0ctica.<\/p>\n\n<h3 class=\"wp-block-heading\" id=\"block-341bca7c-10d6-4554-86dc-bf1f44b600b1\"><strong>Per qu\u00e8 el<em>\u00a0Summer Camp<\/em>?<\/strong><\/h3>\n\n<p id=\"block-25b2042b-914d-42e6-bf54-760f3cf7d53f\">Viar\u00f3 \u00e9s un lloc ideal per aventurar-nos, i fins i tot per <strong>acampar<\/strong>\u00a0; hi podem circular en <strong>bicicleta<\/strong> i tamb\u00e9 tenim <strong>piscina<\/strong>. Per\u00f2 no tot s\u00f3n jocs, esports i tallers (de pl\u00e0stica, de cuina, etc\u2026); cada dia hi haur\u00e0 un <strong>temps per als deures<\/strong>. A m\u00e9s, els nens <strong>aprofundiran en el domini de l\u2019angl\u00e8s<\/strong> a l\u2019<em>English Summer Camp <\/em>amb les mateixes activitats per\u00f2 amb immersi\u00f3 ling\u00fc\u00edstica en angl\u00e8s, que inclou tamb\u00e9 sessions did\u00e0ctiques, en grups redu\u00efts i professors especialitzats, i un seguiment setmanal de la progressi\u00f3 de cada noi.<\/p>\n\n<h3 class=\"wp-block-heading\" id=\"block-f5541346-fcf0-47d2-8e2d-6ccb3028a94e\"><strong>Quan?<\/strong><\/h3>\n\n<p id=\"block-1ce88f21-d9d5-4243-bec3-818f8ff77463\">L&#8217;<strong><em>English Summer Camp <\/em><\/strong>y el <strong><em>Country Camp<\/em><\/strong> es desenvolupen des del <strong>dilluns 28 de juny fins al divendres 23 de juliol<\/strong>.<\/p>\n\n<h3 class=\"wp-block-heading\" id=\"block-539b17df-dba8-48ab-9c90-2b1f7957c3b2\"><strong>Per a qui?<\/strong><\/h3>\n\n<ul class=\"wp-block-list\" id=\"block-fb70b8f9-8cb1-4bbf-a472-ca2ba71d4885\"><li><strong>Country Camp:<\/strong> D&#8217;Infantil P2 a Infantil P4.<\/li><li><strong>Summer Camp:<\/strong> D&#8217;Infantil P5 a 6\u00e8 Prim\u00e0ria.<\/li><\/ul>\n<p id=\"block-9f0a4681-12be-487b-8b35-8f0c064fdb06\">A m\u00e9s dels vostres fills poden venir-hi amics que no siguin alumnes del Col\u00b7legi.<\/p>\n\n<h3 class=\"wp-block-heading\" id=\"block-83ee356f-6fa6-4b05-afa2-85ec04137194\"><strong>Quant?<\/strong><\/h3>\n\n<p id=\"block-665a35e7-f401-4dc3-ac9e-7651aba2b091\">Els preus varien depenent de quan es fa la inscripci\u00f3 i de quants dies s\u2019inscriu un alumne. Si es fa l\u2019inscripci\u00f3 abans del 17 de maig hi ha un 3% de descompte. <\/p>\n\n<p id=\"block-d172b151-4224-4863-b357-76edfa5e33ee\"><strong>Teniu els preus tant en el fullet\u00f3 informatiu com en el formulari d\u2019inscripci\u00f3:<\/strong><\/p>\n\n<div class=\"wp-block-buttons is-layout-flex wp-block-buttons-is-layout-flex\">\n<div class=\"wp-block-button\"><a class=\"wp-block-button__link has-background no-border-radius\" href=\"http:\/\/viaro.org\/wp-content\/uploads\/2021\/03\/Summer_Camp_21.pdf\" style=\"background-color:#b5123f\" target=\"_blank\" rel=\"noreferrer noopener\">Informaci\u00f3 Summer Camp<\/a><\/div>\n\n\n\n<div class=\"wp-block-button\"><a class=\"wp-block-button__link has-background no-border-radius\" href=\"https:\/\/comunicacioviaro.typeform.com\/to\/rAsGxRTZ\" style=\"background-color:#b5123f\" target=\"_blank\" rel=\"noreferrer noopener\">Formulari d&#8217;Inscripci\u00f3<\/a><\/div>\n<\/div>\n","protected":false},"excerpt":{"rendered":"<p>Arriben el Summer Camp i el Country Camp, les propostes per a l&#8217;estiu a Viar\u00f3 Global School! Veure informaci\u00f3 detallada. Qu\u00e8 \u00e9s el English Summer Camp? L\u2019English Summer Camp \u00a0\u00e9s la nostra proposta per al mes de juliol a Viar\u00f3. Consisteix en un bon nombre d\u2019activitats di\u00e0ries que es programen amb uns objectius espec\u00edfics. \u00c9s [&hellip;]<\/p>\n","protected":false},"author":11,"featured_media":8225,"comment_status":"closed","ping_status":"closed","sticky":false,"template":"","format":"standard","meta":{"_uag_custom_page_level_css":"","_joinchat":[],"footnotes":""},"categories":[943,951],"tags":[],"class_list":["post-8610","post","type-post","status-publish","format-standard","has-post-thumbnail","hentry","category-infantil-ca","category-primaria-ca"],"uagb_featured_image_src":{"full":["https:\/\/viaro.org\/wp-content\/uploads\/2021\/03\/Summer_Camp_2021.jpg",918,516,false],"thumbnail":["https:\/\/viaro.org\/wp-content\/uploads\/2021\/03\/Summer_Camp_2021-150x150.jpg",150,150,true],"medium":["https:\/\/viaro.org\/wp-content\/uploads\/2021\/03\/Summer_Camp_2021-300x169.jpg",300,169,true],"medium_large":["https:\/\/viaro.org\/wp-content\/uploads\/2021\/03\/Summer_Camp_2021-768x432.jpg",640,360,true],"large":["https:\/\/viaro.org\/wp-content\/uploads\/2021\/03\/Summer_Camp_2021.jpg",640,360,false],"1536x1536":["https:\/\/viaro.org\/wp-content\/uploads\/2021\/03\/Summer_Camp_2021.jpg",918,516,false],"2048x2048":["https:\/\/viaro.org\/wp-content\/uploads\/2021\/03\/Summer_Camp_2021.jpg",918,516,false],"related-content":["https:\/\/viaro.org\/wp-content\/uploads\/2021\/03\/Summer_Camp_2021-297x167.jpg",297,167,true]},"uagb_author_info":{"display_name":"Comunicaci\u00f3 Viar\u00f3","author_link":"https:\/\/viaro.org\/ca\/author\/viarocom\/"},"uagb_comment_info":0,"uagb_excerpt":"Arriben el Summer Camp i el Country Camp, les propostes per a l&#8217;estiu a Viar\u00f3 Global School! Veure informaci\u00f3 detallada. Qu\u00e8 \u00e9s el English Summer Camp? L\u2019English Summer Camp \u00a0\u00e9s la nostra proposta per al mes de juliol a Viar\u00f3. Consisteix en un bon nombre d\u2019activitats di\u00e0ries que es programen amb uns objectius espec\u00edfics. \u00c9s&hellip;","_links":{"self":[{"href":"https:\/\/viaro.org\/ca\/wp-json\/wp\/v2\/posts\/8610","targetHints":{"allow":["GET"]}}],"collection":[{"href":"https:\/\/viaro.org\/ca\/wp-json\/wp\/v2\/posts"}],"about":[{"href":"https:\/\/viaro.org\/ca\/wp-json\/wp\/v2\/types\/post"}],"author":[{"embeddable":true,"href":"https:\/\/viaro.org\/ca\/wp-json\/wp\/v2\/users\/11"}],"replies":[{"embeddable":true,"href":"https:\/\/viaro.org\/ca\/wp-json\/wp\/v2\/comments?post=8610"}],"version-history":[{"count":1,"href":"https:\/\/viaro.org\/ca\/wp-json\/wp\/v2\/posts\/8610\/revisions"}],"predecessor-version":[{"id":8611,"href":"https:\/\/viaro.org\/ca\/wp-json\/wp\/v2\/posts\/8610\/revisions\/8611"}],"wp:featuredmedia":[{"embeddable":true,"href":"https:\/\/viaro.org\/ca\/wp-json\/wp\/v2\/media\/8225"}],"wp:attachment":[{"href":"https:\/\/viaro.org\/ca\/wp-json\/wp\/v2\/media?parent=8610"}],"wp:term":[{"taxonomy":"category","embeddable":true,"href":"https:\/\/viaro.org\/ca\/wp-json\/wp\/v2\/categories?post=8610"},{"taxonomy":"post_tag","embeddable":true,"href":"https:\/\/viaro.org\/ca\/wp-json\/wp\/v2\/tags?post=8610"}],"curies":[{"name":"wp","href":"https:\/\/api.w.org\/{rel}","templated":true}]}}