{"id":4368,"date":"2019-10-01T07:58:01","date_gmt":"2019-10-01T07:58:01","guid":{"rendered":"http:\/\/viaro.org\/?p=4368"},"modified":"2023-12-01T16:22:46","modified_gmt":"2023-12-01T16:22:46","slug":"adan-excellence-scholarships-were-awarded","status":"publish","type":"post","link":"https:\/\/viaro.org\/en\/adan-excellence-scholarships-were-awarded\/","title":{"rendered":"Se concede la Beca Ad\u00e1n 2019 a la Excelencia"},"content":{"rendered":"\n<p>Los Alumni de la promoci\u00f3n AD\u00c1N (1\u00aa promoci\u00f3n de Viar\u00f3, 1963-1969) han otorgado la <a href=\"https:\/\/fundaciovellametller.com\/beca-adan-excelencia\/\" target=\"_blank\" data-type=\"URL\" data-id=\"https:\/\/fundaciovellametller.com\/beca-adan-excelencia\/#:~:text=La%20Beca%20Ad%C3%A1n%20a%20la,su%20excelencia%20acad%C3%A9mica%20y%20humana.\" rel=\"noreferrer noopener\">Beca Ad\u00e1n 2019<\/a> a 3 alumnos de Bachillerato, en reconocimiento a su brillante expediente acad\u00e9mico y por representar fielmente los valores de <a href=\"https:\/\/viaro.org\/en\/\" data-type=\"URL\" data-id=\"https:\/\/viaro.org\/en\/\">Viar\u00f3.<\/a><\/p>\n\n<p>\u00a1Muchas gracias por esta iniciativa!<\/p>\n","protected":false},"excerpt":{"rendered":"<p>Los Alumni de la promoci\u00f3n AD\u00c1N (1\u00aa promoci\u00f3n de Viar\u00f3, 1963-1969) han otorgado la Beca Ad\u00e1n 2019 a 3 alumnos de Bachillerato, en reconocimiento a su brillante expediente acad\u00e9mico y por representar fielmente los valores de Viar\u00f3. \u00a1Muchas gracias por esta iniciativa!<\/p>\n","protected":false},"author":11,"featured_media":4362,"comment_status":"closed","ping_status":"closed","sticky":false,"template":"","format":"standard","meta":{"_uag_custom_page_level_css":"","_joinchat":[],"footnotes":""},"categories":[938],"tags":[1036,1061],"class_list":["post-4368","post","type-post","status-publish","format-standard","has-post-thumbnail","hentry","category-baccalaureate","tag-adan-scholarship-awards","tag-excellence"],"uagb_featured_image_src":{"full":["https:\/\/viaro.org\/wp-content\/uploads\/2019\/10\/BecasAdan-7.jpg",2560,1706,false],"thumbnail":["https:\/\/viaro.org\/wp-content\/uploads\/2019\/10\/BecasAdan-7-150x150.jpg",150,150,true],"medium":["https:\/\/viaro.org\/wp-content\/uploads\/2019\/10\/BecasAdan-7-300x200.jpg",300,200,true],"medium_large":["https:\/\/viaro.org\/wp-content\/uploads\/2019\/10\/BecasAdan-7-768x512.jpg",640,427,true],"large":["https:\/\/viaro.org\/wp-content\/uploads\/2019\/10\/BecasAdan-7-1024x683.jpg",640,427,true],"1536x1536":["https:\/\/viaro.org\/wp-content\/uploads\/2019\/10\/BecasAdan-7.jpg",1536,1024,false],"2048x2048":["https:\/\/viaro.org\/wp-content\/uploads\/2019\/10\/BecasAdan-7.jpg",2048,1365,false],"related-content":["https:\/\/viaro.org\/wp-content\/uploads\/2019\/10\/BecasAdan-7-297x167.jpg",297,167,true]},"uagb_author_info":{"display_name":"Comunicaci\u00f3 Viar\u00f3","author_link":"https:\/\/viaro.org\/en\/author\/viarocom\/"},"uagb_comment_info":0,"uagb_excerpt":"Los Alumni de la promoci\u00f3n AD\u00c1N (1\u00aa promoci\u00f3n de Viar\u00f3, 1963-1969) han otorgado la Beca Ad\u00e1n 2019 a 3 alumnos de Bachillerato, en reconocimiento a su brillante expediente acad\u00e9mico y por representar fielmente los valores de Viar\u00f3. \u00a1Muchas gracias por esta iniciativa!","_links":{"self":[{"href":"https:\/\/viaro.org\/en\/wp-json\/wp\/v2\/posts\/4368","targetHints":{"allow":["GET"]}}],"collection":[{"href":"https:\/\/viaro.org\/en\/wp-json\/wp\/v2\/posts"}],"about":[{"href":"https:\/\/viaro.org\/en\/wp-json\/wp\/v2\/types\/post"}],"author":[{"embeddable":true,"href":"https:\/\/viaro.org\/en\/wp-json\/wp\/v2\/users\/11"}],"replies":[{"embeddable":true,"href":"https:\/\/viaro.org\/en\/wp-json\/wp\/v2\/comments?post=4368"}],"version-history":[{"count":3,"href":"https:\/\/viaro.org\/en\/wp-json\/wp\/v2\/posts\/4368\/revisions"}],"predecessor-version":[{"id":19796,"href":"https:\/\/viaro.org\/en\/wp-json\/wp\/v2\/posts\/4368\/revisions\/19796"}],"wp:featuredmedia":[{"embeddable":true,"href":"https:\/\/viaro.org\/en\/wp-json\/wp\/v2\/media\/4362"}],"wp:attachment":[{"href":"https:\/\/viaro.org\/en\/wp-json\/wp\/v2\/media?parent=4368"}],"wp:term":[{"taxonomy":"category","embeddable":true,"href":"https:\/\/viaro.org\/en\/wp-json\/wp\/v2\/categories?post=4368"},{"taxonomy":"post_tag","embeddable":true,"href":"https:\/\/viaro.org\/en\/wp-json\/wp\/v2\/tags?post=4368"}],"curies":[{"name":"wp","href":"https:\/\/api.w.org\/{rel}","templated":true}]}}