{"id":1141,"date":"2023-01-12T15:03:48","date_gmt":"2023-01-12T14:03:48","guid":{"rendered":"https:\/\/viaro.org\/research\/el-projecte-deducacio-musical-de-viaro\/"},"modified":"2024-09-23T12:19:02","modified_gmt":"2024-09-23T11:19:02","slug":"el-projecte-deducacio-musical-de-viaro","status":"publish","type":"post","link":"https:\/\/viaro.org\/research\/ca\/el-projecte-deducacio-musical-de-viaro\/","title":{"rendered":"El projecte d&#8217;educaci\u00f3 musical de Viar\u00f3"},"content":{"rendered":"\n<p>En els seus inicis, el projecte d&#8217;educaci\u00f3 musical de Viar\u00f3 es va plantejar com una escola de m\u00fasica extraescolar. Des de Viar\u00f3 sempre s&#8217;ha considerat que, per a garantir una formaci\u00f3 integral de l&#8217;alumnat, aix\u00ed com per a assegurar el desenvolupament de la personalitat, \u00e9s necess\u00e0ria l&#8217;adquisici\u00f3 d&#8217;un aprenentatge art\u00edstic com la m\u00fasica.&#13;\n<\/p>\n\n<p><div class=\"traductor-textarea form-group\">&#13;\n<div class=\"textarea-desti col-xs-12 col-sm-6\">&#13;\n<div class=\"form-control second-textarea\">Per\u00f2 uns anys m\u00e9s tard es contempla la idea de fer un pas endavant i incloure aquesta formaci\u00f3 com un pilar m\u00e9s de l&#8217;educaci\u00f3 dels alumnes. Curiosament, Howard Gardner, professor i investigador en la Universitat Harvard, en la seva <strong><a href=\"https:\/\/es.wikipedia.org\/wiki\/Teor%C3%ADa_de_las_inteligencias_m%C3%BAltiples#Inteligencia_musical-auditiva\" target=\"_blank\" rel=\"noopener\">teoria de les intel\u00b7lig\u00e8ncies m\u00faltiples<\/a><\/strong> inclou la intel\u00b7lig\u00e8ncia musical com una habilitat potencial de l&#8217;\u00e9sser hum\u00e0 que es relaciona amb la seva capacitat de percebre, discriminar i expressar-se a trav\u00e9s de la m\u00fasica i les diverses formes musicals.<\/div>&#13;\n<\/div>&#13;\n<\/div>&#13;\n<div class=\"traductor-checkbox form-group\">&#13;\n<div class=\"row\">&#13;\n<div class=\"col-sm-offset-2 col-sm-5\"><\/div>&#13;\n<\/div>&#13;\n<\/div><\/p>\n\n<div style=\"height:10px\" aria-hidden=\"true\" class=\"wp-block-spacer\"><\/div>\n\n<div class=\"wp-block-columns is-layout-flex wp-container-core-columns-is-layout-1 wp-block-columns-is-layout-flex\">\n<div class=\"wp-block-column is-layout-flow wp-block-column-is-layout-flow\">\n<figure class=\"wp-block-image size-large\"><img loading=\"lazy\" decoding=\"async\" width=\"751\" height=\"500\" src=\"https:\/\/viaro.org\/research\/wp-content\/uploads\/proyecto-de-educacion-musical-de-viaro-flauta-751x500.jpg\" alt=\"\" class=\"wp-image-1110\" title=\"\" srcset=\"https:\/\/viaro.org\/research\/wp-content\/uploads\/proyecto-de-educacion-musical-de-viaro-flauta-751x500.jpg 751w, https:\/\/viaro.org\/research\/wp-content\/uploads\/proyecto-de-educacion-musical-de-viaro-flauta-500x333.jpg 500w, https:\/\/viaro.org\/research\/wp-content\/uploads\/proyecto-de-educacion-musical-de-viaro-flauta-768x511.jpg 768w, https:\/\/viaro.org\/research\/wp-content\/uploads\/proyecto-de-educacion-musical-de-viaro-flauta.jpg 1070w\" sizes=\"auto, (max-width: 751px) 100vw, 751px\" \/><\/figure><\/div>\n\n\n\n<div class=\"wp-block-column is-layout-flow wp-block-column-is-layout-flow\">\n<figure class=\"wp-block-image size-large\"><img loading=\"lazy\" decoding=\"async\" width=\"754\" height=\"500\" src=\"https:\/\/viaro.org\/research\/wp-content\/uploads\/proyecto-de-educacion-musical-de-viaro-guitarra-754x500.jpg\" alt=\"\" class=\"wp-image-1113\" title=\"\" srcset=\"https:\/\/viaro.org\/research\/wp-content\/uploads\/proyecto-de-educacion-musical-de-viaro-guitarra-754x500.jpg 754w, https:\/\/viaro.org\/research\/wp-content\/uploads\/proyecto-de-educacion-musical-de-viaro-guitarra-502x333.jpg 502w, https:\/\/viaro.org\/research\/wp-content\/uploads\/proyecto-de-educacion-musical-de-viaro-guitarra-768x510.jpg 768w, https:\/\/viaro.org\/research\/wp-content\/uploads\/proyecto-de-educacion-musical-de-viaro-guitarra.jpg 1073w\" sizes=\"auto, (max-width: 754px) 100vw, 754px\" \/><\/figure><\/div>\n<\/div>\n\n<div style=\"height:10px\" aria-hidden=\"true\" class=\"wp-block-spacer\"><\/div>\n\n<h3 class=\"wp-block-heading\"><div class=\"traductor-textarea form-group\">&#13;\n<div class=\"textarea-desti col-xs-12 col-sm-6\">&#13;\n<div class=\"form-control second-textarea\">ORIGEN DEL PROJECTE D&#8217;EDUCACI\u00d3 MUSICAL DE\u00a0VIAR\u00d3: PRIM\u00c0RIA MUSICAL<\/div>&#13;\n<\/div>&#13;\n<\/div>&#13;\n<div class=\"traductor-checkbox form-group\">&#13;\n<div class=\"row\">&#13;\n<div class=\"col-sm-offset-2 col-sm-5\"><\/div>&#13;\n<\/div>&#13;\n<\/div><\/h3>\n\n<p><div class=\"traductor-textarea form-group\">&#13;\n<div class=\"textarea-desti col-xs-12 col-sm-6\">&#13;\n<div class=\"form-control second-textarea\">El 2009, Viar\u00f3 decideix iniciar el desenvolupament del programa de Prim\u00e0ria Musical al costat del <a href=\"https:\/\/www.conservatoriliceu.es\/\" target=\"_blank\" rel=\"noopener\"><strong>Conservatori Liceu<\/strong><\/a>, a partir del qual es duu a terme el projecte d&#8217;educaci\u00f3 musical de Viar\u00f3 de manera paral\u00b7lela i simult\u00e0nia a les etapes d&#8217;educaci\u00f3 obligat\u00f2ria \u2013Prim\u00e0ria i Secund\u00e0ria. Aquest programa, del qual \u00e9s pioner Viar\u00f3, permet al col\u00b7legi treballar la m\u00fasica de manera completa entre l&#8217;assignatura de m\u00fasica espec\u00edfica del curr\u00edculum d&#8217;Educaci\u00f3 Prim\u00e0ria i el Pla d&#8217;Estudis de la xarxa d&#8217;escoles vinculades al Conservatori Liceu. Amb aquest projecte, Viar\u00f3 aconsegueix tenir integrada l&#8217;escola de m\u00fasica dins de la pr\u00f2pia escola.<\/div>&#13;\n<\/div>&#13;\n<\/div>&#13;\n<div class=\"traductor-checkbox form-group\">&#13;\n<div class=\"row\">&#13;\n<div class=\"col-sm-offset-2 col-sm-5\"><\/div>&#13;\n<\/div>&#13;\n<\/div><\/p>\n\n<h3 class=\"wp-block-heading\"><strong>EDUCACI\u00d3 MUSICAL OFICIAL I REGLADA<\/strong><\/h3>\n\n<p>Fruit d&#8217;aquesta col\u00b7laboraci\u00f3, comptem amb un material propi creat pel Conservatori Liceu, tant per a les activitats curriculars del projecte d&#8217;educaci\u00f3 musical de Viar\u00f3, com per a aquells alumnes que decideixen estudiar un instrument \u2013viol\u00ed, piano o flauta travessera, a partir de 2n de Prim\u00e0ria; i guitarra cl\u00e0ssica, violoncel, clarinet o saxofon, a partir de 3r de Prim\u00e0ria\u2013 juntament amb l&#8217;assignatura de llenguatge musical i cant coral, sempre dins de l&#8217;horari escolar. En conseq\u00fc\u00e8ncia, totes les escoles vinculades comparteixen el mateix pla d&#8217;estudis i unes eines pedag\u00f2giques comunes per a realitzar-lo amb \u00e8xit i qualitat.&#13;\n<\/p>\n\n<h3 class=\"wp-block-heading\"><strong>AVALUACI\u00d3 INTERNA I EXTERNA<\/strong><\/h3>\n\n<p>Per assegurar-nos que els alumnes adquireixen els coneixements i les compet\u00e8ncies concretes de l&#8217;\u00e0rea de m\u00fasica, no sols s\u00f3n avaluats pels professors de Viar\u00f3, sin\u00f3 que existeix un pla d&#8217;avaluaci\u00f3 que certifica la consecuci\u00f3 del Programa d&#8217;Estudis, a trav\u00e9s del professorat del Conservatori Liceu. Fins a 2n de Prim\u00e0ria, s\u00f3n avaluats de manera externa tots els alumnes; i a partir de 3r de Prim\u00e0ria, aquells alumnes que han decidit cursar els seus estudis musicals enfocats a l&#8217;adquisici\u00f3 del diploma del nivell B\u00e0sic, ensenyaments elementals els capaciten a continuar amb el Grau Professional.&#13;\n<\/p>\n\n<h3 class=\"wp-block-heading\">NIVELL B\u00c0SIC<\/h3>\n\n<p>El pla d&#8217;estudis del nivell B\u00e0sic consta de 6 cursos. Aquest s&#8217;inicia a 1r de Prim\u00e0ria i sol acabar-se entre 6\u00e8 de Prim\u00e0ria i 1r de Secund\u00e0ria. Les assignatures obligat\u00f2ries s\u00f3n:&#13;\n<\/p>\n\n<ul class=\"wp-block-list\"><li><div class=\"traductor-textarea form-group\">&#13;\n<div class=\"textarea-desti col-xs-12 col-sm-6\">&#13;\n<div class=\"form-control second-textarea\"><strong>Llenguatge musical<\/strong>: 2 sessions a la setmana en grup.<\/div>&#13;\n<\/div>&#13;\n<\/div>&#13;\n<div class=\"traductor-checkbox form-group\">&#13;\n<div class=\"row\">&#13;\n<div class=\"col-sm-offset-2 col-sm-5\"><\/div>&#13;\n<\/div>&#13;\n<\/div><\/li><li><div class=\"traductor-textarea form-group\">&#13;\n<div class=\"textarea-desti col-xs-12 col-sm-6\">&#13;\n<div class=\"form-control second-textarea\"><strong>Cant coral<\/strong>: integrat en les sessions de llenguatge musical.<\/div>&#13;\n<\/div>&#13;\n<\/div>&#13;\n<div class=\"traductor-checkbox form-group\">&#13;\n<div class=\"row\">&#13;\n<div class=\"col-sm-offset-2 col-sm-5\"><\/div>&#13;\n<\/div>&#13;\n<\/div><\/li><li><div class=\"traductor-textarea form-group\">&#13;\n<div class=\"textarea-desti col-xs-12 col-sm-6\">&#13;\n<div class=\"form-control second-textarea\"><strong>Instrument<\/strong>: en sessions de 30 minuts amb 2 alumnes a l&#8217;inici, i que passen a ser individuals i de 45 minuts o 60 minuts a mesura que avancen els cursos.<\/div>&#13;\n<\/div>&#13;\n<\/div>&#13;\n<div class=\"traductor-checkbox form-group\">&#13;\n<div class=\"row\">&#13;\n<div class=\"col-sm-offset-2 col-sm-5\"><\/div>&#13;\n<\/div>&#13;\n<\/div><\/li><\/ul>\n<p>A part d&#8217;aquestes assignatures, l&#8217;alumne continua cursant l&#8217;assignatura de m\u00fasica, ja que els curr\u00edculums s\u00f3n complementaris.&#13;\n<\/p>\n\n<div style=\"height:10px\" aria-hidden=\"true\" class=\"wp-block-spacer\"><\/div>\n\n<div class=\"wp-block-columns is-layout-flex wp-container-core-columns-is-layout-2 wp-block-columns-is-layout-flex\">\n<div class=\"wp-block-column is-layout-flow wp-block-column-is-layout-flow\">\n<figure class=\"wp-block-image size-large\"><img loading=\"lazy\" decoding=\"async\" width=\"752\" height=\"500\" src=\"https:\/\/viaro.org\/research\/wp-content\/uploads\/proyecto-de-educacion-musical-de-viaro-piano-752x500.jpg\" alt=\"\" class=\"wp-image-1116\" title=\"\" srcset=\"https:\/\/viaro.org\/research\/wp-content\/uploads\/proyecto-de-educacion-musical-de-viaro-piano-752x500.jpg 752w, https:\/\/viaro.org\/research\/wp-content\/uploads\/proyecto-de-educacion-musical-de-viaro-piano-501x333.jpg 501w, https:\/\/viaro.org\/research\/wp-content\/uploads\/proyecto-de-educacion-musical-de-viaro-piano-768x511.jpg 768w, https:\/\/viaro.org\/research\/wp-content\/uploads\/proyecto-de-educacion-musical-de-viaro-piano.jpg 1072w\" sizes=\"auto, (max-width: 752px) 100vw, 752px\" \/><\/figure><\/div>\n\n\n\n<div class=\"wp-block-column is-layout-flow wp-block-column-is-layout-flow\">\n<figure class=\"wp-block-image size-large\"><img loading=\"lazy\" decoding=\"async\" width=\"755\" height=\"500\" src=\"https:\/\/viaro.org\/research\/wp-content\/uploads\/proyecto-de-educacion-musical-de-viaro-coro-755x500.jpg\" alt=\"\" class=\"wp-image-1122\" title=\"\" srcset=\"https:\/\/viaro.org\/research\/wp-content\/uploads\/proyecto-de-educacion-musical-de-viaro-coro-755x500.jpg 755w, https:\/\/viaro.org\/research\/wp-content\/uploads\/proyecto-de-educacion-musical-de-viaro-coro-503x333.jpg 503w, https:\/\/viaro.org\/research\/wp-content\/uploads\/proyecto-de-educacion-musical-de-viaro-coro-768x509.jpg 768w, https:\/\/viaro.org\/research\/wp-content\/uploads\/proyecto-de-educacion-musical-de-viaro-coro.jpg 1069w\" sizes=\"auto, (max-width: 755px) 100vw, 755px\" \/><\/figure><\/div>\n\n\n\n<div class=\"wp-block-column is-layout-flow wp-block-column-is-layout-flow\">\n<figure class=\"wp-block-image size-large\"><img loading=\"lazy\" decoding=\"async\" width=\"750\" height=\"500\" src=\"https:\/\/viaro.org\/research\/wp-content\/uploads\/proyecto-de-educacion-musical-de-viaro-conjunto-750x500.jpg\" alt=\"\" class=\"wp-image-1125\" title=\"\" srcset=\"https:\/\/viaro.org\/research\/wp-content\/uploads\/proyecto-de-educacion-musical-de-viaro-conjunto-750x500.jpg 750w, https:\/\/viaro.org\/research\/wp-content\/uploads\/proyecto-de-educacion-musical-de-viaro-conjunto-500x333.jpg 500w, https:\/\/viaro.org\/research\/wp-content\/uploads\/proyecto-de-educacion-musical-de-viaro-conjunto-768x512.jpg 768w, https:\/\/viaro.org\/research\/wp-content\/uploads\/proyecto-de-educacion-musical-de-viaro-conjunto.jpg 1068w\" sizes=\"auto, (max-width: 750px) 100vw, 750px\" \/><\/figure><\/div>\n<\/div>\n\n<div style=\"height:10px\" aria-hidden=\"true\" class=\"wp-block-spacer\"><\/div>\n\n<h3 class=\"wp-block-heading\">ACTIVITATS ART\u00cdSTIQUES<\/h3>\n\n<p>El projecte d&#8217;educaci\u00f3 musical de Viar\u00f3 pret\u00e9n que la m\u00fasica surti de les aules i els alumnes puguin expressar-se en p\u00fablic. Per aquest motiu, s&#8217;organitzen audicions internes on els nois interpreten davant d&#8217;altres companys, com el tradicional Concert de Santa Cecilia o la mostra d&#8217;instruments d&#8217;Infantil i Prim\u00e0ria com una manera de sensibilitzar en la m\u00fasica als m\u00e9s petits. Aix\u00ed mateix, els alumnes participen en audicions externes, com les Audicions de Tardor o la Mostra d&#8217;Arts de Viar\u00f3.&#13;\n<\/p>\n\n<p>D&#8217;altra banda, el Conservatori Liceu promou activitats participatives en les quals els nostres alumnes comparteixen experi\u00e8ncies amb estudiants d&#8217;altres escoles vinculades: cantates al Palau de la M\u00fasica, a l&#8217;Auditori Nacional de Catalunya, i diverses trobades de conjunts instrumentals \u2013orquestra de guitarres, banda, orquestra simf\u00f2nica, etc.\u2013 que complementen la seva formaci\u00f3 musical.&#13;\n<\/p>\n\n<h3 class=\"wp-block-heading\">COMPROM\u00cdS AMB L&#8217;EXCEL\u00b7L\u00c8NCIA EDUCATIVA<\/h3>\n\n<p>Viar\u00f3 aspira a generar excel\u00b7l\u00e8ncia i aconseguir una educaci\u00f3 multidisciplin\u00e0ria i global. Mitjan\u00e7ant el projecte d&#8217;educaci\u00f3 musical de Viar\u00f3 no sols creiem que els alumnes gaudeixen de la pr\u00e0ctica musical des d&#8217;una edat primerenca, sin\u00f3 que a m\u00e9s participen del desenvolupament art\u00edstic, cultural i creatiu del seu entorn.&#13;\n<\/p>\n\n<p>El projecte d&#8217;educaci\u00f3 musical de Viar\u00f3 potencia el proc\u00e9s cognitiu del nen i amplia els seus coneixements, per\u00f2 tamb\u00e9 persegueix donar valor la iniciativa personal, la capacitat de creativitat i el talent que cadasc\u00fa t\u00e9. El nen est\u00e0 cont\u00ednuament creant maneres de comunicar-se, i amb la m\u00fasica eduquem aquesta sensibilitat i col\u00b7laborem amb la seva capacitat creativa: manipula els sons, coneix les formes, escolta de manera conscient el que sona al seu voltant i descobrim comportaments nous. L&#8217;expressi\u00f3 musical desenvolupa les capacitats auditives (percepci\u00f3 de l&#8217;altura dels sons, la durada, la intensitat i el timbre), les capacitats r\u00edtmiques (jocs r\u00edtmics) i les capacitats vocals (articulacions amb la veu).&#13;\n<\/p>\n\n<p><div class=\"traductor-textarea form-group\">&#13;\n<div class=\"textarea-desti col-xs-12 col-sm-6\">&#13;\n<div class=\"form-control second-textarea\">A l&#8217;inici coment\u00e0vem que ja Howard\u00a0Gardner\u00a0va incloure la intel\u00b7lig\u00e8ncia musical com una de les set intel\u00b7lig\u00e8ncies m\u00faltiples que conformen el seu model d&#8217;enteniment de la ment. El pedagog divulgador <a href=\"https:\/\/www.youtube.com\/watch?v=ZOpCl4EBqTg\" target=\"_blank\" rel=\"noopener\"><strong>Antonio Domingo<\/strong><\/a> argumenta que la m\u00fasica \u00e9s l&#8217;\u00fanica mat\u00e8ria que s&#8217;estudia capa\u00e7 d&#8217;activar i potenciar la resta de les intel\u00b7lig\u00e8ncies, per aix\u00f2 \u00e9s fonamental desenvolupar-la per a crear \u00e9ssers humans complets.<\/div>&#13;\n<\/div>&#13;\n<\/div>&#13;\n<div class=\"traductor-checkbox form-group\">&#13;\n<div class=\"row\">&#13;\n<div class=\"col-sm-offset-2 col-sm-5\"><\/div>&#13;\n<\/div>&#13;\n<\/div><\/p>\n\n<div style=\"height:10px\" aria-hidden=\"true\" class=\"wp-block-spacer\"><\/div>\n\n<figure class=\"wp-block-image size-large\"><img loading=\"lazy\" decoding=\"async\" width=\"960\" height=\"364\" src=\"https:\/\/viaro.org\/research\/wp-content\/uploads\/proyecto-de-educacion-musical-de-viaro-mostra-960x364.jpg\" alt=\"\" class=\"wp-image-1128\" title=\"\" srcset=\"https:\/\/viaro.org\/research\/wp-content\/uploads\/proyecto-de-educacion-musical-de-viaro-mostra-960x364.jpg 960w, https:\/\/viaro.org\/research\/wp-content\/uploads\/proyecto-de-educacion-musical-de-viaro-mostra-640x243.jpg 640w, https:\/\/viaro.org\/research\/wp-content\/uploads\/proyecto-de-educacion-musical-de-viaro-mostra-768x291.jpg 768w, https:\/\/viaro.org\/research\/wp-content\/uploads\/proyecto-de-educacion-musical-de-viaro-mostra.jpg 1440w\" sizes=\"auto, (max-width: 960px) 100vw, 960px\" \/><\/figure>\n<p><\/p>\n\n<div style=\"height:10px\" aria-hidden=\"true\" class=\"wp-block-spacer\"><\/div>\n\n<h3 class=\"wp-block-heading\">M\u00daSICA I NEUROCI\u00c8NCIA<\/h3>\n\n<p><div class=\"traductor-textarea form-group\">&#13;\n<div class=\"textarea-desti col-xs-12 col-sm-6\">&#13;\n<div class=\"form-control second-textarea\"><a href=\"https:\/\/www.jordijauset.es\/\" target=\"_blank\" rel=\"noopener\"><strong>Jordi A.\u00a0Jauset<\/strong><\/a>, doctor en comunicaci\u00f3, enginyer i m\u00fasic, s&#8217;ha dedicat a l&#8217;estudi de la m\u00fasica i la neuroci\u00e8ncia i explica com les aportacions de les actuals t\u00e8cniques de neuroimatge permeten relacionar l&#8217;activitat neuronal d&#8217;unes certes \u00e0rees del cervell amb l&#8217;exposici\u00f3 a est\u00edmuls musicals. En el seu article de La Vanguardia, M\u00fasica i cervell, deia:<\/div>&#13;\n<\/div>&#13;\n<\/div>&#13;\n<div class=\"traductor-checkbox form-group\">&#13;\n<div class=\"row\">&#13;\n<div class=\"col-sm-offset-2 col-sm-5\"><\/div>&#13;\n<\/div>&#13;\n<\/div><\/p>\n\n<blockquote class=\"wp-block-quote is-layout-flow wp-block-quote-is-layout-flow\"><p>La simple escolta musical activa connexions neuronals, estimula la segregaci\u00f3 de neurotransmissors, hormones i endorfines, modifica els ritmes card\u00edacs i respiratori\u2026, tot aix\u00f2 derivat del mecanisme de percepci\u00f3 del que denominem \u201cm\u00fasica\u201d. Una cosa aparentment m\u00e0gica que avui dia ja \u00e9s ci\u00e8ncia.&#13;\n<\/p><cite>(Jauset, Jordi A., 2013)<\/cite><\/blockquote>\n\n<p>Estudiar m\u00fasica no nom\u00e9s proporciona plasticitat al cervell, sin\u00f3 que estructura la manera de treballar i t\u00e9 un reflex directe sobre altres mat\u00e8ries com l&#8217;aprenentatge de les matem\u00e0tiques i el llenguatge.&#13;\n<\/p>\n\n<p><div class=\"traductor-textarea form-group\">&#13;\n<div class=\"textarea-desti col-xs-12 col-sm-6\">&#13;\n<div class=\"form-control second-textarea\">D&#8217;altra banda, segons ha concl\u00f2s\u00a0<a href=\"https:\/\/communication.northwestern.edu\/faculty\/nina-kraus.html\" target=\"_blank\" rel=\"noopener\"><strong>Nina\u00a0Krauss<\/strong><\/a>, autora principal d&#8217;un <a href=\"https:\/\/www.pnas.org\/doi\/10.1073\/pnas.1505114112\" target=\"_blank\" rel=\"noopener\"><strong>estudi<\/strong><\/a> de la Universitat\u00a0Northwestern, i directora del\u00a0Northwestern\u2019s\u00a0Auditory\u00a0Neuroscience\u00a0Laboratory\u00a0at\u00a0the\u00a0School\u00a0of\u00a0Communication, la formaci\u00f3 musical a l&#8217;escola canvia el curs del desenvolupament del cervell infantil i\/o adolescent. Els alumnes que realitzen entrenament musical a l&#8217;escola mantenen una major consist\u00e8ncia neuronal durant la seva educaci\u00f3, i suggereix que la m\u00fasica a l&#8217;escola accelera el desenvolupament neurol\u00f2gic, aix\u00ed com tamb\u00e9 es veuen beneficiades les habilitats d&#8217;alfabetitzaci\u00f3.<\/div>&#13;\n<\/div>&#13;\n<\/div>&#13;\n<div class=\"traductor-checkbox form-group\">&#13;\n<div class=\"row\">&#13;\n<div class=\"col-sm-offset-2 col-sm-5\"><\/div>&#13;\n<\/div>&#13;\n<\/div><\/p>\n\n<p>L&#8217;estudi sost\u00e9 la idea que el cervell adolescent roman receptiu a l&#8217;entrenament, la qual cosa subratlla la import\u00e0ncia de l&#8217;enriquiment durant l&#8217;adolesc\u00e8ncia. Encara que aprendre a tocar un instrument no ensenya destreses que semblen directament destacables per a la majoria de les carreres professionals, els resultats suggereixen que la m\u00fasica pot ensenyar el que els educadors anomenen \u2018aprendre a aprendre&#8217;, una compet\u00e8ncia molt present en els nostres dies que permet a l&#8217;alumne organitzar el seu propi aprenentatge i gestionar-se el temps.&#13;\n<\/p>\n\n<h3 class=\"wp-block-heading\">EDUCACI\u00d3 EN VALORS A TRAV\u00c9S DEL PROJECTE D&#8217;EDUCACI\u00d3 MUSICAL DE VIAR\u00d3<\/h3>\n\n<div class=\"wp-block-columns is-layout-flex wp-container-core-columns-is-layout-3 wp-block-columns-is-layout-flex\">\n<div class=\"wp-block-column is-layout-flow wp-block-column-is-layout-flow\" style=\"flex-basis:33.33%\">\n<figure class=\"wp-block-image size-large\"><img loading=\"lazy\" decoding=\"async\" width=\"372\" height=\"500\" src=\"https:\/\/viaro.org\/research\/wp-content\/uploads\/proyecto-de-educacion-musical-de-viaro-VALORES-372x500.jpg\" alt=\"\" class=\"wp-image-1131\" title=\"\" srcset=\"https:\/\/viaro.org\/research\/wp-content\/uploads\/proyecto-de-educacion-musical-de-viaro-VALORES-372x500.jpg 372w, https:\/\/viaro.org\/research\/wp-content\/uploads\/proyecto-de-educacion-musical-de-viaro-VALORES-248x333.jpg 248w, https:\/\/viaro.org\/research\/wp-content\/uploads\/proyecto-de-educacion-musical-de-viaro-VALORES.jpg 528w\" sizes=\"auto, (max-width: 372px) 100vw, 372px\" \/><\/figure><\/div>\n\n\n\n<div class=\"wp-block-column is-layout-flow wp-block-column-is-layout-flow\" style=\"flex-basis:66.66%\">\n<p>El projecte d&#8217;educaci\u00f3 musical de Viar\u00f3 \u00e9s un instrument que va m\u00e9s enll\u00e0 de l&#8217;aprenentatge de les assignatures obligat\u00f2ries; es planteja objectius relacionats amb la superaci\u00f3, l&#8217;esfor\u00e7 i la const\u00e0ncia, el respecte als altres, la igualtat, la inclusi\u00f3 o les idees solid\u00e0ries. Des de la m\u00fasica impulsem models basats en la conviv\u00e8ncia amb la intenci\u00f3 de fomentar el millor de cadasc\u00fa i que contribueixin a construir una societat millor.&#13;\n<\/p>\n<\/div>\n<\/div>\n\n<p><div class=\"traductor-textarea form-group\">&#13;\n<div class=\"textarea-desti col-xs-12 col-sm-6\">&#13;\n<div class=\"form-control second-textarea\">Un altre <a href=\"https:\/\/dialnet.unirioja.es\/descarga\/articulo\/3825651.pdf\" target=\"_blank\" rel=\"noopener\"><strong>estudi<\/strong><\/a> de Conejo Rodr\u00edguez conclou que encara que acostumem a relacionar l&#8217;\u00e0rea d&#8217;educaci\u00f3 art\u00edstica amb l&#8217;adquisici\u00f3 de la compet\u00e8ncia cultural i art\u00edstica, aquesta tamb\u00e9 est\u00e0 lligada a una compet\u00e8ncia social i ciutadana, i \u00e9s un mitj\u00e0 d&#8217;expressi\u00f3 i comunicaci\u00f3. Entre els seus avantatges m\u00e9s significatius est\u00e0 el desenvolupament de l&#8217;aspecte intel\u00b7lectual, socioafectiu, psicomotor, de creixement personal i formaci\u00f3 d&#8217;h\u00e0bits.<\/div>&#13;\n<\/div>&#13;\n<\/div>&#13;\n<div class=\"traductor-checkbox form-group\">&#13;\n<div class=\"row\">&#13;\n<div class=\"col-sm-offset-2 col-sm-5\"><\/div>&#13;\n<\/div>&#13;\n<\/div><\/p>\n\n<p>1. En l&#8217;aspecte intel\u00b7lectual, la m\u00fasica permet la improvisaci\u00f3 de respostes creatives a situacions imprevistes; afavoreix l&#8217;atenci\u00f3, observaci\u00f3, concentraci\u00f3, memoritzaci\u00f3, experimentaci\u00f3, l&#8217;agilitat mental i la creativitat, permet avaluar resultats, mesura capacitats, ajuda al coneixement de si mateix, i ensenya a pensar.&#13;\n<\/p>\n\n<p>2. En l&#8217;aspecte psicomotor, la m\u00fasica condiciona el cos, desenvolupa la psicomotricitat fina i gruixuda, l&#8217;agilitat corporal i autonomia, i el combat o energia constructora.&#13;\n<\/p>\n\n<p>3. En l&#8217;aspecte relatiu al creixement personal, desenvolupa el sentit de la just\u00edcia, promou la llibertat, alleuja el temor i la timidesa, canalitza l&#8217;agressi\u00f3, desenvolupa voluntat i autocontrol, ensenya a delimitar llibertats i a prendre decisions, ofereix una visi\u00f3 del m\u00f3n i canalitza l&#8217;assoliment de metes.&#13;\n<\/p>\n\n<p><div class=\"traductor-textarea form-group\">&#13;\n<div class=\"textarea-desti col-xs-12 col-sm-6\">&#13;\n<div class=\"form-control second-textarea\">L&#8217;educaci\u00f3 musical t\u00e9 un paper fonamental en el desenvolupament socioafectiu del nen, ja que li atorga capacitat per participar a l&#8217;aula i interactuar amb els seus companys a trav\u00e9s <a href=\"https:\/\/viaro.org\/research\/ca\/musica-maestro-experiencies-musicals-curriculars\/\"><strong>d&#8217;activitats musicals<\/strong><\/a>.<\/div>&#13;\n<\/div>&#13;\n<\/div>&#13;\n<div class=\"traductor-checkbox form-group\">&#13;\n<div class=\"row\">&#13;\n<div class=\"col-sm-offset-2 col-sm-5\"><\/div>&#13;\n<\/div>&#13;\n<\/div><\/p>\n\n<p><div class=\"traductor-textarea form-group\">&#13;\n<div class=\"textarea-desti col-xs-12 col-sm-6\">&#13;\n<div class=\"form-control second-textarea\">De la mateixa manera, l&#8217;estudiant de m\u00fasica viu un creixement dels sentiments: satisfacci\u00f3, gust per all\u00f2 que l&#8217;envolta, integraci\u00f3 en el grup i, alhora, millora les seves habilitats de cooperaci\u00f3 i treball en equip en assumir diferents rols per a poder interpretar m\u00fasica en conjunt, sigui cantant o tocant els instruments. Per conseg\u00fcent, el nen se sensibilitza amb l&#8217;art, millora la gesti\u00f3 d&#8217;emocions, enforteix la seva autoestima i l&#8217;habilitat per a enfrontar-se a un p\u00fablic. A m\u00e9s, demostra tenacitat per a aconseguir les seves fites. La Dra. Rosa Casafont (2014), en el seu llibre <em>Viatge al cervell emocional<\/em> fa diverses al\u00b7lusions a la m\u00fasica i diu:<\/div>&#13;\n<\/div>&#13;\n<\/div>&#13;\n<div class=\"traductor-checkbox form-group\">&#13;\n<div class=\"row\">&#13;\n<div class=\"col-sm-offset-2 col-sm-5\"><\/div>&#13;\n<\/div>&#13;\n<\/div><\/p>\n\n<blockquote class=\"wp-block-quote is-layout-flow wp-block-quote-is-layout-flow\"><p>Les nostres emocions i sentiments esculpeixen \u201cel nostre m\u00f3n m\u00e9s personal\u201d, s\u00f3n fonamentals en el nostre comportament, per a crear la nostra identitat i el nostre estat de salut f\u00edsic i mental.&#13;\n<\/p><\/blockquote>\n\n<p>Finalment, no podem oblidar que la m\u00fasica permet al nen relaxar-se, expressar i canalitzar els seus sentiments, enfrontar-se a les seves pr\u00f2pies destreses i limitacions, aix\u00ed com fer un \u00fas constructiu del seu temps lliure.&#13;\n<\/p>\n\n<p>La m\u00fasica \u00e9s un mitj\u00e0 de cohesi\u00f3 social, a partir del qual ens relacionem amb els altres, \u00e9s un canal de comunicaci\u00f3, un llenguatge universal que ens fa sentir b\u00e9, i que, per tant, \u00e9s necessari en el proc\u00e9s d&#8217;educaci\u00f3 del nen, traspassa les fronteres d&#8217;un simple entreteniment i afavoreix aix\u00ed el desenvolupament integral de l&#8217;alumne.&#13;\n<\/p>\n\n<blockquote class=\"wp-block-quote is-layout-flow wp-block-quote-is-layout-flow\"><p>Viure \u00e9s sentir, per\u00f2 es tracta de viure construint: una fam\u00edlia, una comunitat, una societat, un m\u00f3n millor dia rere dia.&#13;\n<\/p><cite>(Casafont, 2014)<\/cite><\/blockquote>\n\n<p>Continuem apostant m\u00e9s que mai per aquest projecte d&#8217;educaci\u00f3 musical de Viar\u00f3 integrat en l&#8217;educaci\u00f3 dels nostres alumnes per a aconseguir una educaci\u00f3 integral, de qualitat i inclusiva.&#13;\n<\/p>\n\n<h4 class=\"wp-block-heading\">REFER\u00c8NCIES<\/h4>\n\n<p>Casafont, Rosa (2014). <em>Viaje a tu cerebro emocional<\/em>. Ediciones B, Barcelona.<\/p>\n\n<p>Jauset, Jordi A. (12.08.2013). M\u00fasica y cerebro. <em>La Vanguardia.<\/em><\/p>\n\n<p>Schafer, R.Murray (1988): <em>Cuando las palabras cantan<\/em>. Ricordi, Buenos Aires.<\/p>\n\n<p>Podcast: <em>A l\u2019\u00fater ja som musicals<\/em>. <a href=\"https:\/\/www.ccma.cat\/catradio\/alacarta\/lofici-deducar\/a-luter-ja-som-musicals-dra-rosa-casafont\/audio\/1025758\/ \" target=\"_blank\" rel=\"noopener\">https:\/\/www.ccma.cat\/catradio\/alacarta\/lofici-deducar\/a-luter-ja-som-musicals-dra-rosa-casafont\/audio\/1025758\/ <\/a><\/p>\n\n<p><\/p>\n","protected":false},"excerpt":{"rendered":"<p>En els seus inicis, el projecte d&#8217;educaci\u00f3 musical de Viar\u00f3 es va plantejar com una escola de m\u00fasica extraescolar. Des de Viar\u00f3 sempre s&#8217;ha considerat que, per a garantir una formaci\u00f3 integral de l&#8217;alumnat, aix\u00ed com per a assegurar el desenvolupament de la personalitat, \u00e9s necess\u00e0ria l&#8217;adquisici\u00f3 d&#8217;un aprenentatge art\u00edstic com la m\u00fasica.&#13; &#13; &#13;&nbsp; <a href=\"https:\/\/viaro.org\/research\/ca\/el-projecte-deducacio-musical-de-viaro\/\">&hellip; Read more <i class=\"glyphicon glyphicon-arrow-right\"><\/i><\/a><\/p>\n","protected":false},"author":4,"featured_media":1106,"comment_status":"closed","ping_status":"closed","sticky":false,"template":"","format":"standard","meta":{"_acf_changed":false,"footnotes":""},"categories":[11],"class_list":["post-1141","post","type-post","status-publish","format-standard","has-post-thumbnail","hentry","category-uncategorized-ca","autor-andres_cat"],"acf":[],"_links":{"self":[{"href":"https:\/\/viaro.org\/research\/ca\/wp-json\/wp\/v2\/posts\/1141","targetHints":{"allow":["GET"]}}],"collection":[{"href":"https:\/\/viaro.org\/research\/ca\/wp-json\/wp\/v2\/posts"}],"about":[{"href":"https:\/\/viaro.org\/research\/ca\/wp-json\/wp\/v2\/types\/post"}],"author":[{"embeddable":true,"href":"https:\/\/viaro.org\/research\/ca\/wp-json\/wp\/v2\/users\/4"}],"replies":[{"embeddable":true,"href":"https:\/\/viaro.org\/research\/ca\/wp-json\/wp\/v2\/comments?post=1141"}],"version-history":[{"count":1,"href":"https:\/\/viaro.org\/research\/ca\/wp-json\/wp\/v2\/posts\/1141\/revisions"}],"predecessor-version":[{"id":1142,"href":"https:\/\/viaro.org\/research\/ca\/wp-json\/wp\/v2\/posts\/1141\/revisions\/1142"}],"wp:featuredmedia":[{"embeddable":true,"href":"https:\/\/viaro.org\/research\/ca\/wp-json\/wp\/v2\/media\/1106"}],"wp:attachment":[{"href":"https:\/\/viaro.org\/research\/ca\/wp-json\/wp\/v2\/media?parent=1141"}],"wp:term":[{"taxonomy":"category","embeddable":true,"href":"https:\/\/viaro.org\/research\/ca\/wp-json\/wp\/v2\/categories?post=1141"}],"curies":[{"name":"wp","href":"https:\/\/api.w.org\/{rel}","templated":true}]}}