{"id":1264,"date":"2023-02-17T15:03:33","date_gmt":"2023-02-17T14:03:33","guid":{"rendered":"https:\/\/viaro.org\/research\/educar-en-la-llibertat-a-adolescents-1-situacio-i-2-idees\/"},"modified":"2024-09-23T12:18:04","modified_gmt":"2024-09-23T11:18:04","slug":"educar-en-la-llibertat-a-adolescents-1-situacio-i-2-idees","status":"publish","type":"post","link":"https:\/\/viaro.org\/research\/ca\/educar-en-la-llibertat-a-adolescents-1-situacio-i-2-idees\/","title":{"rendered":"Educar en la llibertat a adolescents: 1 situaci\u00f3 i 2 idees"},"content":{"rendered":"\n<h3 class=\"wp-block-heading\">Educar en la llibertat a adolescents<\/h3>\n\n<p>\u201cFer el que em dona la gana\u201d \u00e9s probablement la definici\u00f3 de llibertat preferida de l&#8217;adolescent. A m\u00e9s de ser c\u00f2moda, resulta molt pr\u00e0ctica per als seus interessos i, sobretot, les seves apet\u00e8ncies.&#13;\n<\/p>\n\n<p>Quan el teu fill \u00e9s un nad\u00f3, gaireb\u00e9 tot resulta adorable. Quan \u00e9s un nen, gaireb\u00e9 tot \u00e9s agradable. Els teus fills et veuen com un gegant, un heroi que t\u00e9 solucions per a tot i que els dona seguretat a cada pas.&#13;\n<\/p>\n\n<p>Un dia, sense adonar-te&#8217;n, la pubertat truca a la porta. I encara que t&#8217;hagis llegit tots els manuals al teu abast, sembla que res no et prepara del tot per a l&#8217;adolescent. Aquest projecte d&#8217;\u00e9sser hum\u00e0 que ja et mira a l&#8217;altura dels ulls i per sobre de l&#8217;espatlla quan pot.&#13;\n<\/p>\n\n<p>Ha arribat el moment de recordar que \u00e9s el mateix de sempre i que \u00e9s una meravella en desenvolupament, encara que sembli que estigui barallat amb tot. En el seu cos i en el seu interior tot \u00e9s desequilibri. Podr\u00edem parlar llargament de tots els \u201cproblemes\u201d que el teu fill representa. Pot resultar \u00fatil centrar-se en un d&#8217;ells i treure d&#8217;aqu\u00ed principis aplicables en qualsevol moment.&#13;\n<\/p>\n\n<div style=\"height:5px\" aria-hidden=\"true\" class=\"wp-block-spacer\"><\/div>\n\n<div class=\"wp-block-columns is-layout-flex wp-container-core-columns-is-layout-1 wp-block-columns-is-layout-flex\">\n<div class=\"wp-block-column is-layout-flow wp-block-column-is-layout-flow\">\n<figure class=\"wp-block-image size-full\"><img loading=\"lazy\" decoding=\"async\" width=\"500\" height=\"281\" src=\"https:\/\/viaro.org\/research\/wp-content\/uploads\/Educar-en-la-libertad-a-adolescentes-pingpong-edited.jpg\" alt=\"Educar en la llibertat a adolescents ping pong\" class=\"wp-image-1245\" title=\"\"><\/figure><\/div>\n\n\n\n<div class=\"wp-block-column is-layout-flow wp-block-column-is-layout-flow\">\n<figure class=\"wp-block-image size-large\"><img loading=\"lazy\" decoding=\"async\" width=\"1066\" height=\"599\" src=\"https:\/\/viaro.org\/research\/wp-content\/uploads\/Educar-en-la-libertad-a-adolescentes-edited.jpg\" alt=\"Educar en la llibertat a adolescents\" class=\"wp-image-1254\" title=\"\" srcset=\"https:\/\/viaro.org\/research\/wp-content\/uploads\/Educar-en-la-libertad-a-adolescentes-edited.jpg 1066w, https:\/\/viaro.org\/research\/wp-content\/uploads\/Educar-en-la-libertad-a-adolescentes-edited-593x333.jpg 593w, https:\/\/viaro.org\/research\/wp-content\/uploads\/Educar-en-la-libertad-a-adolescentes-edited-890x500.jpg 890w, https:\/\/viaro.org\/research\/wp-content\/uploads\/Educar-en-la-libertad-a-adolescentes-edited-768x432.jpg 768w\" sizes=\"auto, (max-width: 1066px) 100vw, 1066px\" \/><\/figure><\/div>\n<\/div>\n\n<div style=\"height:5px\" aria-hidden=\"true\" class=\"wp-block-spacer\"><\/div>\n\n<h3 class=\"wp-block-heading\">Una situaci\u00f3<\/h3>\n\n<p>El teu fill et diu que vol anar a un pla, per\u00f2 tu no ho veus gens clar. La falta de detalls en la seva explicaci\u00f3 tampoc ajuda. Llavors li dius:&#13;\n<\/p>\n\n<p>&#8211; No ho veig convenient.<\/p>\n\n<p>&#8211; Per\u00f2 \u00e9s que tots hi van!<\/p>\n\n<p>&#8211; A veure, qui s\u00f3n tots?<\/p>\n\n<p>&#8230; I ja sabem com continua.<\/p>\n\n<h3 class=\"wp-block-heading\">Dues idees<\/h3>\n\n<p><div class=\"traductor-textarea form-group\">&#13;\n<div class=\"textarea-desti col-xs-12 col-sm-6\">&#13;\n<div class=\"form-control second-textarea\">Per a educar en la llibertat a adolescents, pot resultar molt \u00fatil acudir a <a href=\"https:\/\/es.wikipedia.org\/wiki\/S%C3%B3crates\" target=\"_blank\" rel=\"noopener\"><strong>S\u00f2crates<\/strong><\/a> i passar-li la pilota a aquest fill que creu que ja ho sap tot.<\/div>&#13;\n<\/div>&#13;\n<\/div>&#13;\n<div class=\"traductor-checkbox form-group\">&#13;\n<div class=\"row\">&#13;\n<div class=\"col-sm-offset-2 col-sm-5\"><\/div>&#13;\n<\/div>&#13;\n<\/div><\/p>\n\n<p>&#8211; Per qu\u00e8 \u00e9s bo que vagis a aquest pla?<\/p>\n\n<p>I a trav\u00e9s de preguntes, fer-li pensar fins que arribi al fons de les raons que el mouen.&#13;\nD&#8217;alguna manera, el convidem a posar al descobert els seus principis i a expressar les seves necessitats (curiositat, necessitat d&#8217;acceptaci\u00f3 social\u2026). Aix\u00ed, tamb\u00e9 podrem oferir-li alternatives que no el portin a renunciar als seus principis.<\/p>\n\n<p>El resultat final d&#8217;aquest intercanvi dep\u00e8n de la claredat de principis i, en molts casos, de les ganes de resistir que es tinguin. \u00c9s bonic veure com aquestes dues coses van de la m\u00e0: com m\u00e9s clar es tingui el criteri, m\u00e9s capacitat es t\u00e9 per defensar-lo i caminar els quil\u00f2metres que faci falta.&#13;\n<\/p>\n\n<p><div class=\"traductor-textarea form-group\">&#13;\n<div class=\"textarea-desti col-xs-12 col-sm-6\">&#13;\n<div class=\"form-control second-textarea\">Com que tinc molt clar que el criteri obeeix a un <a href=\"https:\/\/viaro.org\/research\/ca\/els-millors-regals-que-es-poden-fer\/\"><strong>regal que vull fer-te<\/strong> <\/a>a tu com a persona, perqu\u00e8 s\u00e9 que t&#8217;enriquir\u00e0, no tindr\u00e9 problemes a defensar-lo fins on calgui. No es tracta de contenir a l&#8217;adolescent, sin\u00f3 d&#8217;ajudar-lo a construir-se.<\/div>&#13;\n<\/div>&#13;\n<\/div>&#13;\n<div class=\"traductor-checkbox form-group\">&#13;\n<div class=\"row\">&#13;\n<div class=\"col-sm-offset-2 col-sm-5\"><\/div>&#13;\n<\/div>&#13;\n<\/div><\/p>\n\n<p>Quan tenim aix\u00f2 clar, no nom\u00e9s es veuen beneficiats els criteris, sin\u00f3 tamb\u00e9 la seva comunicaci\u00f3. Les normes ja mai seran regles buides basades en el \u201cperqu\u00e8 s\u00ed\u201d, sin\u00f3 raons que marquen les coordenades cap al b\u00e9.&#13;\n<\/p>\n\n<div style=\"height:5px\" aria-hidden=\"true\" class=\"wp-block-spacer\"><\/div>\n<div class=\"wp-block-image\">\n<figure class=\"aligncenter size-large\"><img loading=\"lazy\" decoding=\"async\" width=\"668\" height=\"500\" src=\"https:\/\/viaro.org\/research\/wp-content\/uploads\/Educar-en-la-libertad-a-adolescentes-voluntariado-1-668x500.jpg\" alt=\"\" class=\"wp-image-1257\" title=\"\" srcset=\"https:\/\/viaro.org\/research\/wp-content\/uploads\/Educar-en-la-libertad-a-adolescentes-voluntariado-1-668x500.jpg 668w, https:\/\/viaro.org\/research\/wp-content\/uploads\/Educar-en-la-libertad-a-adolescentes-voluntariado-1-445x333.jpg 445w, https:\/\/viaro.org\/research\/wp-content\/uploads\/Educar-en-la-libertad-a-adolescentes-voluntariado-1-768x575.jpg 768w, https:\/\/viaro.org\/research\/wp-content\/uploads\/Educar-en-la-libertad-a-adolescentes-voluntariado-1.jpg 1205w\" sizes=\"auto, (max-width: 668px) 100vw, 668px\" \/><\/figure><\/div>\n<div style=\"height:5px\" aria-hidden=\"true\" class=\"wp-block-spacer\"><\/div>\n\n<p>I \u00e9s que aqu\u00ed est\u00e0 en el fons la clau d&#8217;educar en la llibertat a adolescents. Aquest b\u00e9 representa el dest\u00ed al qual vull arribar. Ho defineix tot i fa que totes les dimensions de la persona es desenvolupin d&#8217;una manera \u00fanica i irrepetible en cada persona.&#13;\n<\/p>\n\n<p>Per aix\u00f2, la pregunta que conv\u00e9 fer-se no \u00e9s \u201cfins a on li deixo llibertat al meu fill?\u201d sin\u00f3 \u201ccap a on va dirigida aquesta llibertat?\u201d \u00c9s a dir, \u201cquines s\u00f3n les coordenades?\u201d Perqu\u00e8 una vegada estiguin definides, educar en la llibertat a adolescents \u00e9s ajudar a recalcular la ruta a cada moment, en cada \u00e8xit i despr\u00e9s de tota caiguda.&#13;\n<\/p>\n","protected":false},"excerpt":{"rendered":"<p>Educar en la llibertat a adolescents \u201cFer el que em dona la gana\u201d \u00e9s probablement la definici\u00f3 de llibertat preferida de l&#8217;adolescent. A m\u00e9s de ser c\u00f2moda, resulta molt pr\u00e0ctica per als seus interessos i, sobretot, les seves apet\u00e8ncies.&#13; Quan el teu fill \u00e9s un nad\u00f3, gaireb\u00e9 tot resulta adorable. Quan \u00e9s un nen, gaireb\u00e9&nbsp; <a href=\"https:\/\/viaro.org\/research\/ca\/educar-en-la-llibertat-a-adolescents-1-situacio-i-2-idees\/\">&hellip; Read more <i class=\"glyphicon glyphicon-arrow-right\"><\/i><\/a><\/p>\n","protected":false},"author":4,"featured_media":1231,"comment_status":"closed","ping_status":"closed","sticky":false,"template":"","format":"standard","meta":{"_acf_changed":false,"footnotes":""},"categories":[11],"class_list":["post-1264","post","type-post","status-publish","format-standard","has-post-thumbnail","hentry","category-uncategorized-ca","autor-borja_valls_esp"],"acf":[],"_links":{"self":[{"href":"https:\/\/viaro.org\/research\/ca\/wp-json\/wp\/v2\/posts\/1264","targetHints":{"allow":["GET"]}}],"collection":[{"href":"https:\/\/viaro.org\/research\/ca\/wp-json\/wp\/v2\/posts"}],"about":[{"href":"https:\/\/viaro.org\/research\/ca\/wp-json\/wp\/v2\/types\/post"}],"author":[{"embeddable":true,"href":"https:\/\/viaro.org\/research\/ca\/wp-json\/wp\/v2\/users\/4"}],"replies":[{"embeddable":true,"href":"https:\/\/viaro.org\/research\/ca\/wp-json\/wp\/v2\/comments?post=1264"}],"version-history":[{"count":2,"href":"https:\/\/viaro.org\/research\/ca\/wp-json\/wp\/v2\/posts\/1264\/revisions"}],"predecessor-version":[{"id":1267,"href":"https:\/\/viaro.org\/research\/ca\/wp-json\/wp\/v2\/posts\/1264\/revisions\/1267"}],"wp:featuredmedia":[{"embeddable":true,"href":"https:\/\/viaro.org\/research\/ca\/wp-json\/wp\/v2\/media\/1231"}],"wp:attachment":[{"href":"https:\/\/viaro.org\/research\/ca\/wp-json\/wp\/v2\/media?parent=1264"}],"wp:term":[{"taxonomy":"category","embeddable":true,"href":"https:\/\/viaro.org\/research\/ca\/wp-json\/wp\/v2\/categories?post=1264"}],"curies":[{"name":"wp","href":"https:\/\/api.w.org\/{rel}","templated":true}]}}