{"id":804,"date":"2022-03-07T10:50:16","date_gmt":"2022-03-07T09:50:16","guid":{"rendered":"https:\/\/viaro.org\/research\/latencio-a-lalula-de-lalumne-amb-tdah\/"},"modified":"2022-09-17T13:07:34","modified_gmt":"2022-09-17T12:07:34","slug":"latencio-a-lalula-de-lalumne-amb-tdah","status":"publish","type":"post","link":"https:\/\/viaro.org\/research\/ca\/latencio-a-lalula-de-lalumne-amb-tdah\/","title":{"rendered":"L&#8217;atenci\u00f3 a l&#8217;alula de l&#8217;alumne amb TDAH"},"content":{"rendered":"\n<h2 class=\"wp-block-heading\">Tinc un alumne amb TDAH. I ara qu\u00e8?<\/h2>\n\n<p><b>Com atendre l&#8217;alumne amb TDAH? Com ajudem a Viar\u00f3 els nens amb TDAH a l&#8217;aula i amb el projecte educatiu del centre?<\/b><\/p>\n\n<p>Afortunadament, parlar avui de TDAH ja no \u00e9s gens estrany o desconegut; fins i tot han desaparegut gaireb\u00e9 tots els estigmes associats a aquest trastorn conductual: \u00e9s molt m\u00e9s com\u00fa i corrent del que potser es creia fa uns anys, fins al punt que algun \u201cpresumeix\u201d de saber desenvolupar-se malgrat la seva hiperactivitat.&#13;\n<\/p>\n\n<p>La part negativa d&#8217;aquesta nova situaci\u00f3 \u00e9s que es pugui frivolitzar o relativitzar un trastorn que condiciona la vida de les persones -especialment a la inf\u00e0ncia i l&#8217;adolesc\u00e8ncia- i que ha de ser tractat convenientment.&#13;\n<\/p>\n\n<h2 class=\"wp-block-heading\"><b>Qu\u00e8 \u00e9s i com afecta el TDAH?<\/b><\/h2>\n\n<p><span style=\"font-weight: 400;\">L&#8217;Associaci\u00f3 Americana de Psiquiatria va publicar <\/span><a href=\"https:\/\/www.psychiatry.org\/patients-families\/adhd\/what-is-adhd\" target=\"_blank\" rel=\"noopener\"><span style=\"font-weight: 400;\">el 2013<\/span><\/a><span style=\"font-weight: 400;\"> una definici\u00f3 -avui can\u00f2nica- del TDAH: <\/span><i><span style=\"font-weight: 400;\">\u201ctrastorn conductual complex i heterogeni de car\u00e0cter cr\u00f2nic, les causes del qual es deuen a factors principalment gen\u00e8tics i ambientals. T\u00e9 l&#8217;origen en la inf\u00e0ncia i segueix un patr\u00f3 persistent de conductes de falta d&#8217;atenci\u00f3 i\/o hiperactivitat i impulsivitat amb una freq\u00fc\u00e8ncia i intensitat m\u00e9s grans del que \u00e9s habitual. Aix\u00f2 interfereix de manera significativa no sols en el rendiment escolar del nen i adolescent, sin\u00f3 tamb\u00e9 en altres activitats quotidianes\u201d<\/span><\/i><span style=\"font-weight: 400;\">.<\/span><\/p>\n\n<p>S&#8217;estima que als pa\u00efsos desenvolupats el 5% de la poblaci\u00f3 infantil i el 2,5% de l&#8217;adulta pateix TDAH; aix\u00f2 significa que \u00e9s un trastorn que tendeix a moderar-se o fins i tot desapar\u00e8ixer, per\u00f2 que continua afectant d&#8217;alguna manera un 50-70% de persones a la seva vida adulta.&#13;\n<\/p>\n\n<p><span style=\"font-weight: 400;\">L&#8217;afectaci\u00f3 del trastorn \u00e9s tamb\u00e9 \u00e0mplia; ho explica la doctora <\/span><a href=\"https:\/\/en.wikipedia.org\/wiki\/Katya_Rubia\" target=\"_blank\" rel=\"noopener\"><span style=\"font-weight: 400;\">Katya Rubia<\/span><\/a><span style=\"font-weight: 400;\"> \u2013titular del Cognitive Neuroscience, al prestigi\u00f3s King&#8217;s College de Londres: \u201c<\/span><i><span style=\"font-weight: 400;\">Els pacients amb TDAH tenen d\u00e8ficits a diverses xarxes, a diverses regions, no nom\u00e9s en una \u00e0rea del cervell. S&#8217;ha demostrat l&#8217;exist\u00e8ncia d&#8217;un retard en el desenvolupament normal del cervell i estan particularment deteriorats a les regions que es desenvolupen tard a l&#8217;evoluci\u00f3 del nen i que intervinguin les funcions cognitives de nivell superior o el control de les emocions<\/span><\/i><span style=\"font-weight: 400;\">\u201d.\u00a0<\/span><\/p>\n\n<div style=\"height:20px\" aria-hidden=\"true\" class=\"wp-block-spacer\"><\/div>\n\n<figure class=\"wp-block-image size-large\"><img loading=\"lazy\" decoding=\"async\" width=\"751\" height=\"500\" src=\"https:\/\/viaro.org\/research\/wp-content\/uploads\/201221-PMACM-2979-751x500.jpg\" alt=\"El alumno con TDAH\" class=\"wp-image-790\" title=\"\" srcset=\"https:\/\/viaro.org\/research\/wp-content\/uploads\/201221-PMACM-2979-751x500.jpg 751w, https:\/\/viaro.org\/research\/wp-content\/uploads\/201221-PMACM-2979-500x333.jpg 500w, https:\/\/viaro.org\/research\/wp-content\/uploads\/201221-PMACM-2979-768x511.jpg 768w, https:\/\/viaro.org\/research\/wp-content\/uploads\/201221-PMACM-2979-1536x1022.jpg 1536w, https:\/\/viaro.org\/research\/wp-content\/uploads\/201221-PMACM-2979-2048x1363.jpg 2048w\" sizes=\"auto, (max-width: 751px) 100vw, 751px\" \/><\/figure>\n<div style=\"height:20px\" aria-hidden=\"true\" class=\"wp-block-spacer\"><\/div>\n\n<h2 class=\"wp-block-heading\"><b>Intervenci\u00f3 farmacol\u00f2gica per tractar el TDAH<\/b><\/h2>\n\n<p>Q\u00fcestionada durant molt de temps, avui hi ha un consens indiscutible sobre els beneficis d&#8217;una intervenci\u00f3 farmacol\u00f2gica adequada com a part de l&#8217;atenci\u00f3 a les persones que pateixen TDAH.&#13;\n<\/p>\n\n<p><span style=\"font-weight: 400;\">\u00c9s bo saber quin tipus de f\u00e0rmacs s&#8217;utilitzen i amb quina finalitat: d&#8217;una banda, hi ha els anomenats \u201cestimulants\u201d \u2013com per exemple el <\/span><a href=\"https:\/\/www.aeped.es\/comite-medicamentos\/pediamecum\/metilfenidato\" target=\"_blank\" rel=\"noopener\"><span style=\"font-weight: 400;\">Metilfenidat<\/span><\/a><span style=\"font-weight: 400;\">\u2013 que funcionen augmentant els nivells de dopamina, aix\u00ed com la noradrenalina a les regions corticals i subcorticals del cervell. Aix\u00f2 provoca la millora de la funci\u00f3 de diverses regions del cervell involucrades en el control i la regulaci\u00f3 de lactivitat i latenci\u00f3.\u00a0<\/span><\/p>\n\n<p><span style=\"font-weight: 400;\">D&#8217;altra banda, hi ha els \u201cno estimulants\u201d, que tamb\u00e9 milloren les funcions cerebrals, per\u00f2 particularment les regions de control cortical responsables de les funcions cognitives superiors i l&#8217;autoregulaci\u00f3 del comportament. L&#8217; <\/span><a href=\"https:\/\/www.aeped.es\/comite-medicamentos\/pediamecum\/atomoxetina\" target=\"_blank\" rel=\"noopener\"><span style=\"font-weight: 400;\">Atomoxetina<\/span><\/a><span style=\"font-weight: 400;\"> \u00e9s un exemple d&#8217;aquest darrer cas perqu\u00e8 actua bloquejant la recaptaci\u00f3 de noradrenalina i dopamina a les regions corticals frontals.\u00a0<\/span><\/p>\n\n<p>Una preocupaci\u00f3 t\u00edpica i l\u00f2gica tant en els nens que es mediquen com en els pares s\u00f3n els efectes secundaris. N&#8217;hi ha, i al col\u00b7legi \u00e9s f\u00e0cil percebre&#8217;ls: reducci\u00f3 de la gana, somnol\u00e8ncia, dolors abdominals, n\u00e0usees i v\u00f2mits\u2026&#13;\n<\/p>\n\n<p>Encara que sempre hi ha una prescripci\u00f3 m\u00e8dica i un seguiment estricte, trobar el f\u00e0rmac i la dosi m\u00e9s adequada en el nen no \u00e9s f\u00e0cil . Per a un docent \u2013igual que per als pares\u2013 no \u00e9s dif\u00edcil observar-ho: els efectes anteriorment descrits poden ser passatgers o lleus, per\u00f2 si s\u00f3n persistents cal donar part a la fam\u00edlia perqu\u00e8 es corregeixi la medicaci\u00f3: si el nen segueix amb el problema d&#8217;inatenci\u00f3 i la hiperactivitat es pot deure a una dosi massa baixa; si, per contra, la dosi \u00e9s excessiva, es traduir\u00e0 en una somnol\u00e8ncia permanent i pesada. &#13;\n<\/p>\n\n<p>En aquests casos ha de ser el tutor personal el que transmeti a la fam\u00edlia les observacions del professorat sobre el comportament personal i acad\u00e8mic de l&#8217;alumne i aix\u00ed tenir m\u00e9s dades per si cal parlar amb l&#8217;especialista per a un millor ajust en la dosi o canvi del f\u00e0rmac. &#13;\n<\/p>\n\n<h2 class=\"wp-block-heading\"><b>Intervencions no farmacol\u00f2giques en persones amb TDAH<\/b><\/h2>\n\n<p>Hi ha associacions de fam\u00edlies amb TDAH que proporcionen estrat\u00e8gies i regles per augmentar la capacitat dels pares a l&#8217;hora de manejar situacions familiars quotidianes que puguin posar a prova la pau dom\u00e8stica per culpa d&#8217;aquest trastorn. &#13;\n<\/p>\n\n<p>No s\u00f3n pocs els m\u00e8todes, els cursos, els tallers i altres recursos a l&#8217;abast de les fam\u00edlies. B\u00e0sicament, es tracta de brindar suport als pares perqu\u00e8 sovint es poden sentir superats i no sempre ser capa\u00e7os de racionalitzar conductes que s&#8217;escapen al mateix nen.&#13;\n<\/p>\n\n<p><span style=\"font-weight: 400;\">A Viar\u00f3 es dona aquest acompanyament a trav\u00e9s del <\/span><a href=\"https:\/\/viaro.org\/atencion-a-la-diversidad\/\"><span style=\"font-weight: 400;\">contacte estret que sempre hi ha entre tutor personal i pares<\/span><\/a><span style=\"font-weight: 400;\">, a banda dels cursos i reunions trimestrals per a pares i els cursos espec\u00edfics d&#8217;orientaci\u00f3 familiar; totes eines b\u00e0siques i molt elaborades per ajudar els pares a l&#8217;educaci\u00f3 dels seus fills.\u00a0<\/span><\/p>\n\n<p>A banda d&#8217;aquest entrenament per a pares hi ha tot l&#8217;entrenament cognitiu que aporten psic\u00f2legs, logopedes, terapeutes i psiquiatres i, en el cas de Viar\u00f3, el claustre de professors i en especial el tutor personal. Per a aquests darrers aquest \u201centrenament\u201d consisteix a millorar l&#8217;autoestima, entrenar la toler\u00e0ncia a la frustraci\u00f3 i desenvolupar estrat\u00e8gies de resoluci\u00f3 de problemes. &#13;\n<\/p>\n\n<p>Tamb\u00e9 es pot utilitzar a l&#8217;entorn escolar, on pot millorar potencialment els problemes associats amb les dificultats d&#8217;aprenentatge. L&#8217;objectiu \u00e9s millorar la mem\u00f2ria, l&#8217;atenci\u00f3, la percepci\u00f3, el raonament, la planificaci\u00f3, el judici, l&#8217;aprenentatge general i el funcionament executiu general. &#13;\n<\/p>\n\n<p>Hi ha a m\u00e9s altres elements que, sense ser determinants \u2013ja que no hi ha evid\u00e8ncies cient\u00edfiques al respecte\u2013 molt possiblement ajuden a l&#8217;objectiu de fer del nen o adolescent un individu m\u00e9s centrat en la seva tasca di\u00e0ria, com ara la reducci\u00f3 o eliminaci\u00f3 de colorants alimentaris artificials a la dieta o, al contrari, l&#8217;\u00fas de suplements rics en \u00e0cids grassos poliinsaturats &#8211; com ara l&#8217;\u00e0cid eicosapentanoic (EPA), l&#8217;\u00e0cid docosahexanoic (DHA) i l&#8217;\u00e0cid gamma-linoleic (GLA)- que semblen complementar l&#8217;acci\u00f3 de f\u00e0rmacs tradicionals o que poden ser fins i tot una alternativa a aquells per a les fam\u00edlies que rebutgen les opcions farmacol\u00f2giques. S\u00f3n aliments rics en aquests \u00e0cids grassos poliinsaturats el peix blau, algunes algues, l&#8217;oli de peix, el marisc, els olis vegetals, els lactis i l&#8217;ou.&#13;\n<\/p>\n\n<p>Les persones amb TDAH solen presentar alteraci\u00f3 del son (trastorn del ritme circadiari). Hi ha f\u00e0rmacs que ajuden a suavitzar aquest trastorn, per\u00f2 als aliments tamb\u00e9 trobem de forma natural els amino\u00e0cids, que ajuden a regular el ritme circadiari; n&#8217;hi ha a l&#8217;ou, els lactis, els llegums, els fruits secs i la fruita doncs contenen en abund\u00e0ncia tript\u00f2fan, precursor de la melatonina; o la L-teanina, present al te verd, i en m\u00e9s altes concentracions al te matxa.&#13;\n<\/p>\n\n<p> I encara que sigui de sentit com\u00fa no \u00e9s sobrer recordar aqu\u00ed la necessitat de portar una vida sana, en tots els aspectes i dimensions de la persona. El col\u00b7legi procura que es doni aquest equilibri (des de les classes d&#8217;Educaci\u00f3 F\u00edsica a les activitats esportives extraescolars; per\u00f2 tamb\u00e9 amb la potenciaci\u00f3 de la creativitat a trav\u00e9s de les arts esc\u00e8niques, pl\u00e0stiques i musicals; i, per descomptat, facilitant els mitjans per al creixement espiritual dels nois, amb cursos de retir i altres mitjans de formaci\u00f3 voluntaris). &#13;\n<\/p>\n\n<p>En resum, tot all\u00f2 que estigui al nostre abast per a un major control i maneig de les emocions, el manteniment d&#8217;una vida saludable i amb una ment sempre activa i en el marc d&#8217;un projecte de vida transcendental.  &#13;\n<\/p>\n\n<h2 class=\"wp-block-heading\"><b>Com actuem a l&#8217;aula per ajudar un alumne amb TDAH?<\/b><\/h2>\n\n<p>Encara que s&#8217;hagi de fer aix\u00ed, la \u201crecepta\u201d del \u201cdonar m\u00e9s temps a l&#8217;alumne amb TDAH per fer els ex\u00e0mens, explicar-li els enunciats i corregir-ho amb especial cura\u201d \u00e9s absolutament insuficient per atendre els alumnes de manera adequada; o, dit d&#8217;una altra manera: a m\u00e9s d&#8217;aquestes normes per als ex\u00e0mens, com cal actuar amb alumnes amb TDAH? &#13;\n<\/p>\n\n<p>Els PI (Plans individualitzats) ens permeten tenir unes pautes concretes i aplicables a les din\u00e0miques de treball dins i fora de l&#8217;aula; per\u00f2 a m\u00e9s cal ser sensibles a les dificultats de l&#8217;alumne, en especial fent el possible perqu\u00e8 millori la seva autoestima, els bons h\u00e0bits d&#8217;estudi i treball i en un lloc a l&#8217;aula on s&#8217;assegurin les distraccions m\u00ednimes per a l&#8217;alumne (lluny de portes i finestres, i a prop del professor).&#13;\n<\/p>\n\n<p><span style=\"font-weight: 400;\">Pel que fa a les din\u00e0miques d&#8217;aprenentatge s&#8217;aconsella per a aquests nois el treball cooperatiu \u2013en parella o en petits grups\u2013 o les sessions espec\u00edfiques com l&#8217;activitat de lectura que fan alumnes grans amb una parella del mateix <\/span><i><span style=\"font-weight: 400;\">team<\/span><\/i><span style=\"font-weight: 400;\"> de cursos inferiors.\u00a0<\/span><\/p>\n\n<p>B\u00e0sicament, tot all\u00f2 que signifiqui implicar l&#8217;alumne far\u00e0 que centri l&#8217;atenci\u00f3 en all\u00f2 que fa; i com m\u00e9s responsabilitat se li doni, m\u00e9s inter\u00e8s posar\u00e0 a dur-ho a terme. La satisfacci\u00f3 despr\u00e9s de l&#8217;esfor\u00e7 -especialment si es veuen els resultats- far\u00e0 augmentar l&#8217;autoestima del noi, una autoestima que en aquests casos sol estar \u201cen n\u00fameros vermells\u201d. I en edats en qu\u00e8 la imatge que es dona als altres importa tant, l&#8217;\u00e8xit \u2013encara que sigui compartit\u2013 augmenta exponencialment la visi\u00f3 positiva que se&#8217;n pot tenir. &#13;\n<\/p>\n\n<p><span style=\"font-weight: 400;\">Per\u00f2 \u00e9s que a m\u00e9s d&#8217;aquestes activitats ordin\u00e0ries Viar\u00f3 ofereix oportunitats per expressar i potenciar el talent individual en facetes que potser queden m\u00e9s amagades al dia a dia. Aix\u00ed, per exemple, destaca el <\/span><a href=\"https:\/\/viaro.org\/vida-academica\/musica-emv\/\"><span style=\"font-weight: 400;\">paper dels m\u00fasics<\/span><\/a><span style=\"font-weight: 400;\">, cantants, actors i ballarins per al musical de Nadal; o les representacions teatrals del certamen de Prim\u00e0ria; o els concursos de lletrejar, de lectura en veu alta o de poesia. Tot permet a aquests alumnes amb dificultats mostrar les seves capacitats, potenciar-ne la seguretat i augmentar-ne l&#8217;autoestima.<\/span><\/p>\n\n<div style=\"height:20px\" aria-hidden=\"true\" class=\"wp-block-spacer\"><\/div>\n\n<figure class=\"wp-block-image size-large\"><img loading=\"lazy\" decoding=\"async\" width=\"751\" height=\"500\" src=\"https:\/\/viaro.org\/research\/wp-content\/uploads\/20160310-_PMM0318-2-751x500.jpg\" alt=\"Alumno con TDAH - m&#xFA;sica\" class=\"wp-image-793\" title=\"\" srcset=\"https:\/\/viaro.org\/research\/wp-content\/uploads\/20160310-_PMM0318-2-751x500.jpg 751w, https:\/\/viaro.org\/research\/wp-content\/uploads\/20160310-_PMM0318-2-500x333.jpg 500w, https:\/\/viaro.org\/research\/wp-content\/uploads\/20160310-_PMM0318-2-768x511.jpg 768w, https:\/\/viaro.org\/research\/wp-content\/uploads\/20160310-_PMM0318-2-1536x1022.jpg 1536w, https:\/\/viaro.org\/research\/wp-content\/uploads\/20160310-_PMM0318-2-2048x1363.jpg 2048w\" sizes=\"auto, (max-width: 751px) 100vw, 751px\" \/><\/figure>\n<div style=\"height:20px\" aria-hidden=\"true\" class=\"wp-block-spacer\"><\/div>\n\n<p>D&#8217;altra banda, hi ha el tutor personal de cada alumne \u2013a Viar\u00f3 aquesta figura \u00e9s clau per fer un seguiment sistem\u00e0tic de cada noi\u2013 que pot incidir en el refor\u00e7 positiu dels alumnes, en el comprom\u00eds per aconseguir unes metes (h\u00e0bits de treball i virtuts) humanes), en l&#8217;acceptaci\u00f3 de les limitacions i el reconeixement de les seves aptituds, en la gesti\u00f3 emocional (acceptaci\u00f3 personal i social, v\u00e8ncer la por al frac\u00e0s o a qu\u00e8 diran\u2026), en l&#8217;aprenentatge d&#8217;habilitats socials per desenvolupar-se davant de complicacions o conflictes \u2026&#13;\n<\/p>\n\n<p>Per al treball a l&#8217;aula, el professorat ha de tractar cada alumne \u2013no nom\u00e9s els que presenten m\u00e9s dificultats d&#8217;aprenentatge\u2013 individualment, tenint en compte no nom\u00e9s els progressos sin\u00f3 tamb\u00e9 les peculiaritats de cadasc\u00fa, la seva sensibilitat i capacitats potencials. &#13;\n<\/p>\n\n<p>\u00c9s un objectiu que sembla ut\u00f2pic, ja que suposa un esfor\u00e7 afegit al professor per transcendir la mat\u00e8ria que imparteix i arribar a la persona que hi ha a cada alumne, a cada classe, a cada grup. Per\u00f2 cal tendir-hi. I si aix\u00f2 val per al conjunt de l&#8217;alumnat, t\u00e9 molt m\u00e9s sentit per als nois amb TDAH. &#13;\n<\/p>\n\n<p>Aix\u00ed doncs, els principis que enumerem a continuaci\u00f3 valen per a qualsevol alumne, per\u00f2 especialment per a aquests darrers: &#13;\n<\/p>\n\n<ul class=\"wp-block-list\"><li>Donar instruccions clares, concretes i curtes<\/li><li>Usar sempre un llenguatge positiu i motivador<\/li><li>Ambient organitzat, amb normes i l\u00edmits clars. <\/li><li>Deixar clares les conseq\u00fc\u00e8ncies d&#8217;incomplir les normes<\/li><li>Refor\u00e7ar comportaments adequats<\/li><li>Involucrar l&#8217;alumne en enc\u00e0rrecs, especialment aquells en qu\u00e8 es requereixin moviments. &#13;\n<\/li><li>Ajudar-lo a con\u00e8ixer les seves fortaleses i debilitats.<\/li><li>Cura del llenguatge a l&#8217;aula. Toler\u00e0ncia 0 amb alguns comentaris per part dels alumnes. &#13;\n<\/li><li>Valorar positivament l\u2019esfor\u00e7. <\/li><li>Ensenyar habilitats socials per relacionar-se de forma tranquil\u00b7la. Evitar amena\u00e7ar o cridar. &#13;\n<\/li><li>Fomentar la relaci\u00f3 entre tots els companys. <\/li><\/ul>\n<p><span style=\"font-weight: 400;\">Viar\u00f3 \u00e9s un <\/span><a href=\"https:\/\/viaro.org\/colegio\/mision-vision-y-valores\/\"><span style=\"font-weight: 400;\">col\u00b7legi de fam\u00edlies, inclusiu<\/span><\/a><span style=\"font-weight: 400;\">. Cada alumne \u00e9s \u00fanic, amb dificultats o sense; a tots se&#8217;ls ajuda \u2013des de la fam\u00edlia i amb el professorat\u2013 a v\u00e8ncer les seves dificultats i a preparar-los pel futur. N&#8217;\u00e9s una prova que un 80 % dels alumnes que van comen\u00e7ar la seva escolaritzaci\u00f3 a Viar\u00f3 aconsegueixen acabar el batxillerat al nostre col\u00b7legi; no es deixa ning\u00fa enrere.\u00a0<\/span><\/p>\n\n<p>Tot el col\u00b7legi es bolca a l&#8217;acompanyament a cada alumne i a la seva fam\u00edlia, aix\u00ed que els nens amb TDAH o amb qualsevol altra incid\u00e8ncia tindran a Viar\u00f3 no nom\u00e9s comprensi\u00f3 sin\u00f3 tot el suport, l&#8217;acompanyament, les eines i una dedicaci\u00f3 professional i humana absoluta.&#13;\n<\/p>\n\n<h3 class=\"wp-block-heading\"><b>Refer\u00e8ncies bibliogr\u00e0fiques d&#8217;inter\u00e8s:<\/b><\/h3>\n\n<p><span style=\"font-weight: 400;\">Vicari, MH, &amp; Santos, LS (2014). Trastorn per d\u00e8ficit datenci\u00f3 i hiperactivitat. Manifestacions cl\u00edniques i evoluci\u00f3. Diagn\u00f2stic des de l\u2019evid\u00e8ncia cient\u00edfica. <\/span><i><span style=\"font-weight: 400;\">Pediatria Integral<\/span><\/i><span style=\"font-weight: 400;\">, <\/span><i><span style=\"font-weight: 400;\">18<\/span><\/i><span style=\"font-weight: 400;\">(9), 609-23.<\/span><\/p>\n\n<p><span style=\"font-weight: 400;\">Arnsten, AF, &amp; Rubia, K. (2012). Neurobiological circuits regulant attention, cognitive control, motivaci\u00f3, emotion: disruptions in neurodevelopmental psychiatric disorders. <\/span><i><span style=\"font-weight: 400;\">Peri\u00f2dic d&#8217;American Academy of Child &amp; Adolescent Psychiatry<\/span><\/i><span style=\"font-weight: 400;\">, <\/span><i><span style=\"font-weight: 400;\">51<\/span><\/i><span style=\"font-weight: 400;\">(4), 356-367.<\/span><\/p>\n\n<p><span style=\"font-weight: 400;\">Ramos-Quiroga, JA (2009). <\/span><i><span style=\"font-weight: 400;\">TDAH en adults: factors gen\u00e8tics, avaluaci\u00f3 i tractament farmacol\u00f2gic<\/span><\/i><span style=\"font-weight: 400;\">. Universitat Aut\u00f2noma de Barcelona.<\/span><\/p>\n\n<p><span style=\"font-weight: 400;\">Atomoxetina: tractament no estimulant en el trastorn per d\u00e8ficit datenci\u00f3\/hiperactivitat (TDAH). (2017). Recuperat el 15 novembre 2021, de <\/span><a href=\"https:\/\/www.quironsalud.es\/blogs\/es\/neuropediatra\/atomoxetina-tratamiento-estimulante-trastorno-deficit-atenc\" target=\"_blank\" rel=\"noopener\"><span style=\"font-weight: 400;\">https:\/\/www.quironsalud.es\/blogs\/es\/neuropediatra\/atomoxetina-tratamiento-estimulante-trastorno-deficit-atenc<\/span><\/a><\/p>\n\n<p>Santa Cruz Hernando, L. (2017). Relaci\u00f3 dels colorants azoics i el trastorn per d\u00e8ficit datenci\u00f3 i hiperactivitat (TDAH). Situaci\u00f3 actual.&#13;\n<\/p>\n\n<p><span style=\"font-weight: 400;\">Ruiz-L\u00e1zaro, PM, &amp; d&#8217;especial inter\u00e8s, TG (2014). \u00c0cids grassos poliinsaturats (PUFAS) en el tractament del d\u00e8ficit d&#8217;atenci\u00f3 amb hiperactivitat i sense (TDAH). <\/span><i><span style=\"font-weight: 400;\">Revista de Psiquiatria Infanto-Juvenil<\/span><\/i><span style=\"font-weight: 400;\">, <\/span><i><span style=\"font-weight: 400;\">31<\/span><\/i><span style=\"font-weight: 400;\">(3), 11-22.<\/span><\/p>\n\n<p>Portes Costa, FJ, &amp; M\u00e8rida Donoso, S. (2016). Ritme circadiari de secreci\u00f3 de melatonina en nens amb Trastorn per D\u00e8ficit d&#8217;Atenci\u00f3 amb Hiperactivitat (TDAH)\/tesi doctoral presentada per Sra. Inmaculada Pitarch Castellano; dirigida per [el] Dr. D. Francisco Javier Puertas Cuesta [i el] Dr. D. Salvador M\u00e9rida Donoso.&#13;\n<\/p>\n","protected":false},"excerpt":{"rendered":"<p>Tinc un alumne amb TDAH. I ara qu\u00e8? Com atendre l&#8217;alumne amb TDAH? Com ajudem a Viar\u00f3 els nens amb TDAH a l&#8217;aula i amb el projecte educatiu del centre? Afortunadament, parlar avui de TDAH ja no \u00e9s gens estrany o desconegut; fins i tot han desaparegut gaireb\u00e9 tots els estigmes associats a aquest trastorn&nbsp; <a href=\"https:\/\/viaro.org\/research\/ca\/latencio-a-lalula-de-lalumne-amb-tdah\/\">&hellip; Read more <i class=\"glyphicon glyphicon-arrow-right\"><\/i><\/a><\/p>\n","protected":false},"author":4,"featured_media":797,"comment_status":"closed","ping_status":"closed","sticky":false,"template":"","format":"standard","meta":{"_acf_changed":false,"footnotes":""},"categories":[159,132],"class_list":["post-804","post","type-post","status-publish","format-standard","has-post-thumbnail","hentry","category-diversitat","category-global-education-ca","autor-javier-perez-ca"],"acf":[],"_links":{"self":[{"href":"https:\/\/viaro.org\/research\/ca\/wp-json\/wp\/v2\/posts\/804","targetHints":{"allow":["GET"]}}],"collection":[{"href":"https:\/\/viaro.org\/research\/ca\/wp-json\/wp\/v2\/posts"}],"about":[{"href":"https:\/\/viaro.org\/research\/ca\/wp-json\/wp\/v2\/types\/post"}],"author":[{"embeddable":true,"href":"https:\/\/viaro.org\/research\/ca\/wp-json\/wp\/v2\/users\/4"}],"replies":[{"embeddable":true,"href":"https:\/\/viaro.org\/research\/ca\/wp-json\/wp\/v2\/comments?post=804"}],"version-history":[{"count":1,"href":"https:\/\/viaro.org\/research\/ca\/wp-json\/wp\/v2\/posts\/804\/revisions"}],"predecessor-version":[{"id":805,"href":"https:\/\/viaro.org\/research\/ca\/wp-json\/wp\/v2\/posts\/804\/revisions\/805"}],"wp:featuredmedia":[{"embeddable":true,"href":"https:\/\/viaro.org\/research\/ca\/wp-json\/wp\/v2\/media\/797"}],"wp:attachment":[{"href":"https:\/\/viaro.org\/research\/ca\/wp-json\/wp\/v2\/media?parent=804"}],"wp:term":[{"taxonomy":"category","embeddable":true,"href":"https:\/\/viaro.org\/research\/ca\/wp-json\/wp\/v2\/categories?post=804"}],"curies":[{"name":"wp","href":"https:\/\/api.w.org\/{rel}","templated":true}]}}