{"id":860,"date":"2022-09-09T08:17:51","date_gmt":"2022-09-09T07:17:51","guid":{"rendered":"https:\/\/viaro.org\/research\/7-arguments-a-favor-de-la-nova-educacio-diferenciada\/"},"modified":"2024-09-23T12:20:28","modified_gmt":"2024-09-23T11:20:28","slug":"7-arguments-a-favor-de-la-nova-educacio-diferenciada","status":"publish","type":"post","link":"https:\/\/viaro.org\/research\/ca\/7-arguments-a-favor-de-la-nova-educacio-diferenciada\/","title":{"rendered":"7 arguments a favor de la Nova Educaci\u00f3 Diferenciada"},"content":{"rendered":"\n<p>L&#8217;experi\u00e8ncia directa que he pogut constatar en col\u00b7legis que han optat per aquest model pedag\u00f2gic, em permet oferir una primera resposta al perqu\u00e8 de la Nova Educaci\u00f3 Diferenciada: t\u00e9 \u00e8xit, \u00e9s diversa, tant en col\u00b7legis p\u00fablics com privats, amb religi\u00f3 o sense.&#13;\n<\/p>\n\n<p>A m\u00e9s, el fet que personalitzi l&#8217;educaci\u00f3 i potenci\u00ef la igualtat s\u00f3n altres arguments a favor de la Nova Educaci\u00f3 Diferenciada. Tot gr\u00e0cies al clima escolar que es crea i al fet que permet afrontar millor alguns problemes molt actuals en la joventut, com per exemple superar els estereotips de nois i noies.&#13;\n<\/p>\n\n<h2 class=\"wp-block-heading\">Els arguments a favor de la Nova Educaci\u00f3 Diferenciada<\/h2>\n\n<div style=\"height:31px\" aria-hidden=\"true\" class=\"wp-block-spacer\"><\/div>\n\n<h2 class=\"wp-block-heading\">1. Clima Escolar<\/h2>\n\n<p>Una de les preocupacions que tenen els pares i professors \u00e9s la<a href=\"https:\/\/www.theguardian.com\/education\/2013\/sep\/21\/confidence-peer-pressure-school\" target=\"_blank\" rel=\"noopener\"><strong> pressi\u00f3 dels companys<\/strong><\/a><em> i el<strong> <a href=\"https:\/\/viaro.org\/research\/ca\/una-mirada-sobre-lassetjament-escolar\/\">bullying<\/a><\/strong><\/em>.<\/p>\n\n<p><div class=\"traductor-textarea form-group\">&#13;\n<div class=\"textarea-desti col-xs-12 col-sm-6\">&#13;\n<div class=\"form-control second-textarea\">El <strong>clima escolar<\/strong> dels col\u00b7legis de la Nova Educaci\u00f3 Diferenciada est\u00e0 lliure dels convencionalismes i pressions que moltes vegades porten al frac\u00e0s escolar o a una baixa autoestima. En els col\u00b7legis femenins es redueix del 21% a l&#8217;1% aquest sentiment de pressi\u00f3 dels companys. Una dada poc coneguda \u00e9s que el percentatge de repetici\u00f3 d&#8217;un curs escolar \u00e9s el doble per als nois que per a les noies i que 3 de cada 4 expedients disciplinaris s\u00f3n de nois. En els col\u00b7legis masculins els expedients disciplinaris i repeticions es redueixen molt significativament.<\/div>&#13;\n<\/div>&#13;\n<\/div><\/p>\n\n<div style=\"height:15px\" aria-hidden=\"true\" class=\"wp-block-spacer\"><\/div>\n\n<figure class=\"wp-block-image size-large\"><img loading=\"lazy\" decoding=\"async\" width=\"960\" height=\"250\" src=\"https:\/\/viaro.org\/research\/wp-content\/uploads\/fotos-diferenciada.004-960x250.png\" alt=\"arguments a favor de la Nova Educaci&#xF3; Diferenciada\" class=\"wp-image-830\" title=\"\" srcset=\"https:\/\/viaro.org\/research\/wp-content\/uploads\/fotos-diferenciada.004-960x250.png 960w, https:\/\/viaro.org\/research\/wp-content\/uploads\/fotos-diferenciada.004-640x167.png 640w, https:\/\/viaro.org\/research\/wp-content\/uploads\/fotos-diferenciada.004-768x200.png 768w, https:\/\/viaro.org\/research\/wp-content\/uploads\/fotos-diferenciada.004-1536x400.png 1536w, https:\/\/viaro.org\/research\/wp-content\/uploads\/fotos-diferenciada.004.png 1920w\" sizes=\"auto, (max-width: 960px) 100vw, 960px\" \/><\/figure>\n<div style=\"height:15px\" aria-hidden=\"true\" class=\"wp-block-spacer\"><\/div>\n\n<h2 class=\"wp-block-heading\">2. Relaci\u00f3 entre alumnes<\/h2>\n\n<p><div class=\"traductor-textarea form-group\">&#13;\n<div class=\"textarea-desti col-xs-12 col-sm-6\">&#13;\n<div class=\"form-control second-textarea\">En el m\u00f3n anglosax\u00f3 es denomina <strong>Brotherhood<\/strong> i <strong>Sisterhood<\/strong> a la profunda relaci\u00f3 que es forja entre els alumnes, fruit del dia a dia en qu\u00e8 cadascun es pot mostrar tal com \u00e9s. Una aula dissenyada per a l&#8217;estil d&#8217;aprenentatge d&#8217;un dels g\u00e8neres fomenta una major col\u00b7laboraci\u00f3 entre els estudiants i ensenya valuoses habilitats de treball en equip. Els estudiants fan amistats i formen vincles que poden durar tota la vida, com poden testificar els membres de l&#8217;associaci\u00f3 d&#8217;antics alumnes d&#8217;aquests col\u00b7legis.<\/div>&#13;\n<\/div>&#13;\n<\/div><\/p>\n\n<p><div class=\"traductor-textarea form-group\">&#13;\n<div class=\"textarea-desti col-xs-12 col-sm-6\">&#13;\n<div class=\"form-control second-textarea\">\u00c9s molt interessant escoltar la dona guanyadora de 3 \u00d2scars i nominada 21 vegades; <strong><a href=\"https:\/\/www.youtube.com\/watch?v=5-a8QXUAe2g\" target=\"_blank\" rel=\"noopener\">Meryl Streep la seva gran experi\u00e8ncia escolar amb el canvi a un col\u00b7legi per a noies (vegeu a partir min. 11 i 20\u2019\u2019 i seg\u00fcents)<\/a><\/strong>. Com ella mateixa diu \u00e9s el moment de la seva vida en qu\u00e8 va deixar d&#8217;actuar per a agradar i va poder mostrar-se tal qual era.<\/div>&#13;\n<\/div>&#13;\n<\/div>&#13;\n<div class=\"traductor-checkbox form-group\">&#13;\n<div class=\"row\">&#13;\n<div class=\"col-sm-offset-2 col-sm-5\"><\/div>&#13;\n<\/div>&#13;\n<\/div><\/p>\n\n<div style=\"height:15px\" aria-hidden=\"true\" class=\"wp-block-spacer\"><\/div>\n\n<figure class=\"wp-block-image size-large\"><img loading=\"lazy\" decoding=\"async\" width=\"960\" height=\"250\" src=\"https:\/\/viaro.org\/research\/wp-content\/uploads\/fotos-diferenciada.003-960x250.png\" alt=\"arguments a favor de la Nova Educaci&#xF3; Diferenciada\" class=\"wp-image-821\" title=\"\" srcset=\"https:\/\/viaro.org\/research\/wp-content\/uploads\/fotos-diferenciada.003-960x250.png 960w, https:\/\/viaro.org\/research\/wp-content\/uploads\/fotos-diferenciada.003-640x167.png 640w, https:\/\/viaro.org\/research\/wp-content\/uploads\/fotos-diferenciada.003-768x200.png 768w, https:\/\/viaro.org\/research\/wp-content\/uploads\/fotos-diferenciada.003-1536x400.png 1536w, https:\/\/viaro.org\/research\/wp-content\/uploads\/fotos-diferenciada.003.png 1920w\" sizes=\"auto, (max-width: 960px) 100vw, 960px\" \/><\/figure>\n<div style=\"height:15px\" aria-hidden=\"true\" class=\"wp-block-spacer\"><\/div>\n\n<h2 class=\"wp-block-heading\">3. Igualtat d&#8217;oportunitats<\/h2>\n\n<p>Aconseguir la <strong>igualtat d&#8217;oportunitats<\/strong> en l&#8217;etapa escolar \u00e9s una fita que encara estem lluny d&#8217;assolir. Les dades que aporten els <a href=\"https:\/\/www.oecd-ilibrary.org\/docserver\/f56f8c26-en.pdf?expires=1661364355&amp;id=id&amp;accname=guest&amp;checksum=5D9B65E9A98F3CBD03F241E025B52CCA\" target=\"_blank\" rel=\"noopener\"><strong>informes PISA<\/strong><\/a> de l&#8217;<a href=\"https:\/\/www.oecd.org\/acerca\/\" target=\"_blank\" rel=\"noopener\"><strong>OCDE<\/strong><\/a>, constaten que continua existint una bretxa entre els resultats que obtenen nois i noies en algunes mat\u00e8ries.<\/p>\n\n<p>En conjunt, els nois obtenen millors resultats en les assignatures STEM (Ci\u00e8ncies, Tecnologia, Enginyeries i Matem\u00e0tiques), per\u00f2 les noies els avantatgen en un any en el desenvolupament de les seves habilitats ling\u00fc\u00edstiques. En els col\u00b7legis diferenciats els resultats acad\u00e8mics en aquests \u00e0mbits milloren substancialment per a nois i noies i tendeixen a igualar-se.<\/p>\n\n<p>Tamb\u00e9 succeeix en el camp art\u00edstic i esportiu; la participaci\u00f3 dels nois en activitats de teatre, cant o dansa sol ser minorit\u00e0ria i, no obstant aix\u00f2, criden l&#8217;atenci\u00f3 els <strong><a href=\"https:\/\/www.youtube.com\/watch?v=1b572jboHFE&amp;list=PLaN_Qn8x4knQVHfsLZw1yw2ZbUytBfQss&amp;index=23\" target=\"_blank\" rel=\"noopener\">grans musicals<\/a><\/strong> que es poden veure en col\u00b7legis de nois o les seves agrupacions corals. De la mateixa manera, \u00e9s molt notable la participaci\u00f3 en activitats esportives competitives en els col\u00b7legis de noies.<\/p>\n\n<p>Una altra dada interessant \u00e9s que l&#8217;elecci\u00f3 de carreres STEM es triplica entre les noies que han estudiat en col\u00b7legis d&#8217;educaci\u00f3 diferenciada.&#13;\n<\/p>\n\n<div style=\"height:5px\" aria-hidden=\"true\" class=\"wp-block-spacer\"><\/div>\n\n<figure class=\"wp-block-image size-large\"><img loading=\"lazy\" decoding=\"async\" width=\"960\" height=\"250\" src=\"https:\/\/viaro.org\/research\/wp-content\/uploads\/fotos-diferenciada.001-960x250.png\" alt=\"\" class=\"wp-image-824\" title=\"\" srcset=\"https:\/\/viaro.org\/research\/wp-content\/uploads\/fotos-diferenciada.001-960x250.png 960w, https:\/\/viaro.org\/research\/wp-content\/uploads\/fotos-diferenciada.001-640x167.png 640w, https:\/\/viaro.org\/research\/wp-content\/uploads\/fotos-diferenciada.001-768x200.png 768w, https:\/\/viaro.org\/research\/wp-content\/uploads\/fotos-diferenciada.001-1536x400.png 1536w, https:\/\/viaro.org\/research\/wp-content\/uploads\/fotos-diferenciada.001.png 1920w\" sizes=\"auto, (max-width: 960px) 100vw, 960px\" \/><\/figure>\n<div style=\"height:5px\" aria-hidden=\"true\" class=\"wp-block-spacer\"><\/div>\n\n<h2 class=\"wp-block-heading\">4. Lideratge femen\u00ed<\/h2>\n\n<p><div class=\"traductor-textarea form-group\">&#13;\n<div class=\"textarea-desti col-xs-12 col-sm-6\">&#13;\n<div class=\"form-control second-textarea\">Un estudi de <strong><a href=\"https:\/\/seis.ucla.edu\/faculty-and-research\/faculty-directory\/linda-sax\" target=\"_blank\" rel=\"noopener\">Linda Sax, de la Universitat d&#8217;UCLA<\/a><\/strong> analitza com el <strong>lideratge femen\u00ed<\/strong> \u00e9s molt superior als Estats Units en les dones que provenen de col\u00b7legis diferenciats que dels mixtos. Podria un pensar que \u00e9s degut a l&#8217;elitisme dels col\u00b7legis on van estudiar, per\u00f2 d&#8217;aquests col\u00b7legis nom\u00e9s el 7% s\u00f3n diferenciats, mentre que el 93% s\u00f3n mixtos.<\/div>&#13;\n<\/div>&#13;\n<\/div>&#13;\n<div class=\"traductor-checkbox form-group\">&#13;\n<div class=\"row\">&#13;\n<div class=\"col-sm-offset-2 col-sm-5\"><\/div>&#13;\n<\/div>&#13;\n<\/div><\/p>\n\n<p><div class=\"traductor-textarea form-group\">&#13;\n<div class=\"textarea-desti col-xs-12 col-sm-6\">&#13;\n<div class=\"form-control second-textarea\">\u00c9s interessant con\u00e8ixer alguns exemples de <strong><a href=\"https:\/\/viaro.org\/research\/ca\/es-el-lideratge-la-base-de-leducacio\/\">lideratge femen\u00ed<\/a><\/strong> que provenen d&#8217;escoles diferenciades com Nancy Pelosi, Presidenta de la Cambra de Representants dels Estats Units; Sally Ride, primera dona que va viatjar a l&#8217;espai; Madeleine Albright, primera dona Secret\u00e0ria d&#8217;Estat; Drew Gilpin Faust, \u00fanica dona presidenta de Harvard University; Condoleezza Rice primera dona responsable de la seguretat nacional o Hillary Clinton, Secret\u00e0ria d&#8217;Estat i primera dona candidata a la Presid\u00e8ncia del pa\u00eds\u2026<\/div>&#13;\n<\/div>&#13;\n<\/div>&#13;\n<div class=\"traductor-checkbox form-group\">&#13;\n<div class=\"row\">&#13;\n<div class=\"col-sm-offset-2 col-sm-5\"><\/div>&#13;\n<\/div>&#13;\n<\/div><\/p>\n\n<div style=\"height:15px\" aria-hidden=\"true\" class=\"wp-block-spacer\"><\/div>\n\n<figure class=\"wp-block-image size-large\"><img loading=\"lazy\" decoding=\"async\" width=\"960\" height=\"250\" src=\"https:\/\/viaro.org\/research\/wp-content\/uploads\/fotos-diferenciada.002-960x250.png\" alt=\"nova educaci&#xF3; diferenciada\" class=\"wp-image-827\" title=\"\" srcset=\"https:\/\/viaro.org\/research\/wp-content\/uploads\/fotos-diferenciada.002-960x250.png 960w, https:\/\/viaro.org\/research\/wp-content\/uploads\/fotos-diferenciada.002-640x167.png 640w, https:\/\/viaro.org\/research\/wp-content\/uploads\/fotos-diferenciada.002-768x200.png 768w, https:\/\/viaro.org\/research\/wp-content\/uploads\/fotos-diferenciada.002-1536x400.png 1536w, https:\/\/viaro.org\/research\/wp-content\/uploads\/fotos-diferenciada.002.png 1920w\" sizes=\"auto, (max-width: 960px) 100vw, 960px\" \/><\/figure>\n<div style=\"height:15px\" aria-hidden=\"true\" class=\"wp-block-spacer\"><\/div>\n\n<h2 class=\"wp-block-heading\">5. Superar la bretxa social<\/h2>\n\n<p><div class=\"traductor-textarea form-group\">&#13;\n<div class=\"textarea-desti col-xs-12 col-sm-6\">&#13;\n<div class=\"form-control second-textarea\">Precisament va ser Hillary Clinton la que va autoritzar els <strong><a href=\"https:\/\/www.youtube.com\/watch?v=P93M_aB-VAo\" target=\"_blank\" rel=\"noopener\">primers col\u00b7legis p\u00fablics<\/a><\/strong> de la Nova Educaci\u00f3 Diferenciada en els bar<strong>ris amb major \u00edndex de frac\u00e0s escolar<\/strong> com Bronx, Brooklyn, Queens, State Islands\u2026 en el cas dels col\u00b7legis de nois va ser amb David Banks que va fundar <strong><a href=\"https:\/\/eafny.org\/\" target=\"_blank\" rel=\"noopener\">Eagle Academy<\/a><\/strong> amb els seg\u00fcents resultats: el <strong>89% d&#8217;alumnes graduats enfront de 30%<\/strong> en els col\u00b7legis mixtos i m\u00e9s de 24.000 alumnes que han tirat endavant trencant la bretxa de ra\u00e7a i de barri. El mateix succeeix amb <a href=\"https:\/\/tywlsbronx.org\/\" target=\"_blank\" rel=\"noopener\"><strong>The Young Women\u2019s Leadership School<\/strong> <\/a>i les seves alumnes.<\/div>&#13;\n<\/div>&#13;\n<\/div><\/p>\n\n<div style=\"height:15px\" aria-hidden=\"true\" class=\"wp-block-spacer\"><\/div>\n\n<h2 class=\"wp-block-heading\">6. Trencar amb els estereotips<\/h2>\n\n<p><div class=\"traductor-textarea form-group\">&#13;\n<div class=\"textarea-desti col-xs-12 col-sm-6\">&#13;\n<div class=\"form-control second-textarea\">En els col\u00b7legis masculins que opten pel model de la Nova Educaci\u00f3 Diferenciada, es treballen les\u00a0<em><strong><a href=\"https:\/\/www.tajamar.es\/actividad-extraescolar-o-complementaria-innovadora\/\" target=\"_blank\" rel=\"noopener\">home\u00a0skills<\/a><\/strong><\/em>\u00a0(desenvolupament d&#8217;habilitats per a aprendre a gestionar els assumptes dom\u00e8stics).<\/div>&#13;\n<\/div>&#13;\n<\/div>&#13;\n<div class=\"traductor-checkbox form-group\">&#13;\n<div class=\"row\">&#13;\n<div class=\"col-sm-offset-2 col-sm-5\"><\/div>&#13;\n<\/div>&#13;\n<\/div><\/p>\n\n<div style=\"height:6px\" aria-hidden=\"true\" class=\"wp-block-spacer\"><\/div>\n\n<div class=\"wp-block-columns is-layout-flex wp-container-core-columns-is-layout-1 wp-block-columns-is-layout-flex\">\n<div class=\"wp-block-column is-layout-flow wp-block-column-is-layout-flow\" style=\"flex-basis:50%\">\n<figure class=\"wp-block-image size-large\"><img loading=\"lazy\" decoding=\"async\" width=\"691\" height=\"500\" src=\"https:\/\/viaro.org\/research\/wp-content\/uploads\/Cocina-691x500.jpg\" alt=\"\" class=\"wp-image-1312\" title=\"\" srcset=\"https:\/\/viaro.org\/research\/wp-content\/uploads\/Cocina-691x500.jpg 691w, https:\/\/viaro.org\/research\/wp-content\/uploads\/Cocina-460x333.jpg 460w, https:\/\/viaro.org\/research\/wp-content\/uploads\/Cocina-768x555.jpg 768w, https:\/\/viaro.org\/research\/wp-content\/uploads\/Cocina.jpg 1243w\" sizes=\"auto, (max-width: 691px) 100vw, 691px\" \/><\/figure><\/div>\n\n\n\n<div class=\"wp-block-column is-layout-flow wp-block-column-is-layout-flow\" style=\"flex-basis:66.66%\">\n<p>De la mateixa manera que es treballa el lideratge en els col\u00b7legis femenins, tamb\u00e9 s&#8217;ajuda en els col\u00b7legis masculins a entendre millor que els assumptes dom\u00e8stics no estan associats al sexe femen\u00ed, perqu\u00e8 no hi ha \u201ccoses de nois\u201d i \u201ccoses de noies\u201d.; Aix\u00ed doncs, de manera natural els nois tenen classe de cuina, netegen les taules, escombren el terra, etc.&#13;\n<\/p>\n<\/div>\n<\/div>\n\n<div style=\"height:15px\" aria-hidden=\"true\" class=\"wp-block-spacer\"><\/div>\n\n<h2 class=\"wp-block-heading\">7. Oferir referents adults positius<\/h2>\n\n<p><div class=\"traductor-textarea form-group\">&#13;\n<div class=\"textarea-desti col-xs-12 col-sm-6\">&#13;\n<div class=\"form-control second-textarea\">Parlant amb <a href=\"https:\/\/www.schools.nyc.gov\/about-us\/leadership\/doe-leadership-and-offices\/chancellor#:~:text=Banks,school%20system%20in%20the%20nation.\" target=\"_blank\" rel=\"noopener\"><strong>David\u00a0Banks<\/strong><\/a>, Canceller de les Escoles de la Ciutat de Nova York, m&#8217;explicava que el gran problema dels barris m\u00e9s desfavorits \u00e9s el <em>Fatherlessnes<\/em>: la majoria dels pares o estaven a la pres\u00f3 o amb una addicci\u00f3 greu o havien abandonat la casa familiar. Actualment, aquesta situaci\u00f3, per altres motius, succeeix tamb\u00e9 a Fran\u00e7a, Isl\u00e0ndia, Su\u00e8cia -m\u00e9s del 50%- i els Estats Units -prop del 50%-.<\/div>&#13;\n<\/div>&#13;\n<\/div>&#13;\n<div class=\"traductor-checkbox form-group\">&#13;\n<div class=\"row\">&#13;\n<div class=\"col-sm-offset-2 col-sm-5\"><\/div>&#13;\n<\/div>&#13;\n<\/div><\/p>\n\n<div style=\"height:5px\" aria-hidden=\"true\" class=\"wp-block-spacer\"><\/div>\n\n<div class=\"wp-block-columns is-layout-flex wp-container-core-columns-is-layout-2 wp-block-columns-is-layout-flex\">\n<div class=\"wp-block-column is-layout-flow wp-block-column-is-layout-flow\" style=\"flex-basis:66.66%\">\n<p><div class=\"traductor-textarea form-group\">&#13;\n<div class=\"textarea-desti col-xs-12 col-sm-6\">&#13;\n<div class=\"form-control second-textarea\">Aquesta falta de referents masculins per als nois \u00e9s, en paraules de David\u00a0Banks, una de les causes del rotund frac\u00e0s mascul\u00ed que, amb les seves escoles de la Nova Educaci\u00f3 Diferenciada, ell ha aconseguit donar-li la volta amb molt d&#8217;\u00e8xit. Com ho ha fet? Buscant <strong>mentors<\/strong> masculins que serveixin de referents per al pas del nen i adolescent a adult. El mateix han fet a The Young Women\u2019s Leadership School i les seves mentores femenines per a les seves alumnes.<\/div>&#13;\n<\/div>&#13;\n<\/div>&#13;\n<div class=\"traductor-checkbox form-group\">&#13;\n<div class=\"row\">&#13;\n<div class=\"col-sm-offset-2 col-sm-5\"><\/div>&#13;\n<\/div>&#13;\n<\/div><\/p>\n<\/div>\n\n\n\n<div class=\"wp-block-column is-layout-flow wp-block-column-is-layout-flow\" style=\"flex-basis:33.33%\">\n<figure class=\"wp-block-image size-large\"><img loading=\"lazy\" decoding=\"async\" width=\"500\" height=\"500\" src=\"https:\/\/viaro.org\/research\/wp-content\/uploads\/nueva-educacion-diferenciada-referentes-500x500.jpg\" alt=\"nova educaci&#xF3; diferenciada referents\" class=\"wp-image-836\" title=\"\" srcset=\"https:\/\/viaro.org\/research\/wp-content\/uploads\/nueva-educacion-diferenciada-referentes-500x500.jpg 500w, https:\/\/viaro.org\/research\/wp-content\/uploads\/nueva-educacion-diferenciada-referentes-333x333.jpg 333w, https:\/\/viaro.org\/research\/wp-content\/uploads\/nueva-educacion-diferenciada-referentes-768x768.jpg 768w, https:\/\/viaro.org\/research\/wp-content\/uploads\/nueva-educacion-diferenciada-referentes.jpg 804w\" sizes=\"auto, (max-width: 500px) 100vw, 500px\" \/><\/figure><\/div>\n<\/div>\n\n<p>Si el que estem buscant \u00e9s la igualtat d&#8217;oportunitats, millorar el clima escolar, personalitzar al m\u00e0xim l&#8217;educaci\u00f3 i la millora del rendiment escolar, em sembla que el model de la Nova Educaci\u00f3 Diferenciada ho potencia i facilita.&#13;\n<\/p>\n\n<p>Miguel Dionis<\/p>\n\n<p><a href=\"https:\/\/www.theibsc.org\/\" target=\"_blank\" rel=\"noopener\"><strong>IBSC Board Trustee<\/strong><\/a><\/p>\n\n<p>mdionis@viaro.org<\/p>\n","protected":false},"excerpt":{"rendered":"<p>L&#8217;experi\u00e8ncia directa que he pogut constatar en col\u00b7legis que han optat per aquest model pedag\u00f2gic, em permet oferir una primera resposta al perqu\u00e8 de la Nova Educaci\u00f3 Diferenciada: t\u00e9 \u00e8xit, \u00e9s diversa, tant en col\u00b7legis p\u00fablics com privats, amb religi\u00f3 o sense.&#13; A m\u00e9s, el fet que personalitzi l&#8217;educaci\u00f3 i potenci\u00ef la igualtat s\u00f3n altres&nbsp; <a href=\"https:\/\/viaro.org\/research\/ca\/7-arguments-a-favor-de-la-nova-educacio-diferenciada\/\">&hellip; Read more <i class=\"glyphicon glyphicon-arrow-right\"><\/i><\/a><\/p>\n","protected":false},"author":4,"featured_media":840,"comment_status":"closed","ping_status":"closed","sticky":false,"template":"","format":"standard","meta":{"_acf_changed":false,"footnotes":""},"categories":[132],"class_list":["post-860","post","type-post","status-publish","format-standard","has-post-thumbnail","hentry","category-global-education-ca","autor-miguel-dionis-ca"],"acf":[],"_links":{"self":[{"href":"https:\/\/viaro.org\/research\/ca\/wp-json\/wp\/v2\/posts\/860","targetHints":{"allow":["GET"]}}],"collection":[{"href":"https:\/\/viaro.org\/research\/ca\/wp-json\/wp\/v2\/posts"}],"about":[{"href":"https:\/\/viaro.org\/research\/ca\/wp-json\/wp\/v2\/types\/post"}],"author":[{"embeddable":true,"href":"https:\/\/viaro.org\/research\/ca\/wp-json\/wp\/v2\/users\/4"}],"replies":[{"embeddable":true,"href":"https:\/\/viaro.org\/research\/ca\/wp-json\/wp\/v2\/comments?post=860"}],"version-history":[{"count":4,"href":"https:\/\/viaro.org\/research\/ca\/wp-json\/wp\/v2\/posts\/860\/revisions"}],"predecessor-version":[{"id":1316,"href":"https:\/\/viaro.org\/research\/ca\/wp-json\/wp\/v2\/posts\/860\/revisions\/1316"}],"wp:featuredmedia":[{"embeddable":true,"href":"https:\/\/viaro.org\/research\/ca\/wp-json\/wp\/v2\/media\/840"}],"wp:attachment":[{"href":"https:\/\/viaro.org\/research\/ca\/wp-json\/wp\/v2\/media?parent=860"}],"wp:term":[{"taxonomy":"category","embeddable":true,"href":"https:\/\/viaro.org\/research\/ca\/wp-json\/wp\/v2\/categories?post=860"}],"curies":[{"name":"wp","href":"https:\/\/api.w.org\/{rel}","templated":true}]}}