{"id":216,"date":"2018-09-13T14:59:21","date_gmt":"2018-09-13T13:59:21","guid":{"rendered":"https:\/\/viaro.org\/research\/?p=216\/"},"modified":"2023-05-03T08:31:32","modified_gmt":"2023-05-03T07:31:32","slug":"viaro-y-la-international-boys-schools-coalition-ibsc","status":"publish","type":"post","link":"https:\/\/viaro.org\/research\/viaro-y-la-international-boys-schools-coalition-ibsc\/","title":{"rendered":"Viar\u00f3 y la International Boys&#8217; Schools Coalition (IBSC)"},"content":{"rendered":"<p><strong>Educaci\u00f3n Global<\/strong><\/p>\n<p>\u00bfPor qu\u00e9 Viar\u00f3 es \u201cglobal\u201d? \u00bfQu\u00e9 es la educaci\u00f3n global? Aunque pueda sonar novedoso, este concepto define, en realidad, lo que Viar\u00f3 lleva haciendo desde hace 54 a\u00f1os, y se despliega en 3 niveles:<\/p>\n<p>En primer lugar, educar a<strong> toda la persona<\/strong>, abarcando de forma integral e individualizada todas sus dimensiones. En segundo lugar, formar todas sus <strong>capacidades y competencias<\/strong>, creando oportunidades de desarrollo en todos los \u00e1mbitos (human\u00edstico, cient\u00edfico, art\u00edstico y deportivo). Por \u00faltimo, impulsar su <strong>proyecci\u00f3n internacional<\/strong>, tan necesaria ante los retos y oportunidades presentes en una sociedad globalizada.<\/p>\n<p>Para potenciar, especialmente, este \u00faltimo nivel, tenemos todo a nuestro favor, ya que formamos parte de una organizaci\u00f3n que nos ha abierto muchas puertas a la colaboraci\u00f3n e investigaci\u00f3n de profesores y alumnos con otros colegios internacionales, en forma de intercambios, estancias, asistencia a congresos y conversaciones en clase. Esta organizaci\u00f3n es la International Boys\u2019 Schools Coalition.<\/p>\n<p><img loading=\"lazy\" decoding=\"async\" class=\"alignnone size-medium wp-image-217\" src=\"https:\/\/viaro.org\/research\/wp-content\/uploads\/Alumnos-de-Radley-College-junto-a-alumnos-de-Viar\u00f3-500x333.jpg\" alt=\"\" width=\"500\" height=\"333\" title=\"\" srcset=\"https:\/\/viaro.org\/research\/wp-content\/uploads\/Alumnos-de-Radley-College-junto-a-alumnos-de-Viar\u00f3-500x333.jpg 500w, https:\/\/viaro.org\/research\/wp-content\/uploads\/Alumnos-de-Radley-College-junto-a-alumnos-de-Viar\u00f3-768x511.jpg 768w, https:\/\/viaro.org\/research\/wp-content\/uploads\/Alumnos-de-Radley-College-junto-a-alumnos-de-Viar\u00f3-751x500.jpg 751w\" sizes=\"auto, (max-width: 500px) 100vw, 500px\" \/><\/p>\n<p><strong>Inicios en la IBSC<\/strong><\/p>\n<p>La International Boys\u2019 Schools Coalition (IBSC) se fund\u00f3 en 1995 y su misi\u00f3n es contribuir a la educaci\u00f3n y desarrollo de alumnos de todo el mundo, fomentando el crecimiento profesional de los docentes y compartiendo buenas pr\u00e1cticas entre las escuelas. El primer contacto de Viar\u00f3 con la IBSC fue la participaci\u00f3n de Jordi Cervera y Miguel Dionis en el Congreso Anual en \u201cThe City of London School\u201d. Al ver el nivel de profesionalidad del congreso y la gente que estaba atendi\u00e9ndolo, ambos propusieron al entonces director del colegio, Ignacio Canals, que Viar\u00f3 fuese miembro de la IBSC.<\/p>\n<p>Desde 2012, Viar\u00f3 es uno de los 300 colegios de la organizaci\u00f3n.<\/p>\n<p><strong>Investigaci\u00f3n y aprendizaje<\/strong><\/p>\n<p>Esta participaci\u00f3n nos ha abierto la puerta a formar parte de diferentes proyectos de colaboraci\u00f3n entre docentes y entre alumnos. Desde 2012, Viar\u00f3 ha estado presente en la mayor\u00eda de las Conferencias Anuales, con la oportunidad de escuchar y recibir inspiraci\u00f3n de personas como Desmond Tutu, de directores de colegios con m\u00e1s de 500 a\u00f1os de historia, o de David Banks o Mike Grenier que nos visitaron en marzo de 2017.<\/p>\n<p>Miembros de la Junta de Gobierno, jefes de departamento, profesores y alumnos asisten y trabajan en proyectos y congresos europeos y mundiales. \u00c9stos son algunos ejemplos:<\/p>\n<ul>\n<li>Isidre Cheto coordinador del departamento de lenguas est\u00e1 haciendo el curso Mastery Practice in Teaching Boys IBSC-One Schoolhouse Online Class April 12 \u2013 May 7, 2021 <a href=\"https:\/\/www.theibsc.org\/conferences-events\/online-classes\/masterypractice\" target=\"_blank\" rel=\"noopener\">https:\/\/www.theibsc.org\/conferences-events\/online-classes\/masterypractice<\/a><\/li>\n<li>Cinta Ortego IBSC Ideas Lab: Professional Conversations for Women in Boys\u2019 Schools <a href=\"https:\/\/www.theibsc.org\/conferences-events\/ideas-lab\/women\" target=\"_blank\" rel=\"noopener\">https:\/\/www.theibsc.org\/conferences-events\/ideas-lab\/women<\/a><\/li>\n<li>Marc Ventura IBSC Ideas Lab: Professional Conversations About Boys and Sports <a href=\"https:\/\/www.theibsc.org\/conferences-events\/ideas-lab\/sports\" target=\"_blank\" rel=\"noopener\">https:\/\/www.theibsc.org\/conferences-events\/ideas-lab\/sports<\/a><\/li>\n<li>Quique Saiz particip\u00f3 en un <em>action research <\/em>sobre \u00abDeveloping agency: boy voice and choice\u00bb, junto a profesores de colegios internacionales. <a href=\"https:\/\/www.youtube.com\/watch?v=6_UOBHYdw6U\" target=\"_blank\" rel=\"noopener\">https:\/\/www.youtube.com\/watch?v=6_UOBHYdw6U<\/a><\/li>\n<li>Recientemente, coordinados por Pere L\u00f3pez, trabajamos en una investigaci\u00f3n sobre la educaci\u00f3n del car\u00e1cter con 50 colegios internacionales.<\/li>\n<li>Nacho Malmierca present\u00f3 dos <em>workshops<\/em> en la conferencia anual de Baltimore (Estados Unidos) sobre la educaci\u00f3n global y nuestra visi\u00f3n prioritaria hacia las familias.<\/li>\n<li>Marc Ventura particip\u00f3 en un <em>action research <\/em>sobre educaci\u00f3n f\u00edsica y <em>community service<\/em>, junto a profesores de colegios internacionales.<\/li>\n<li>Pablo Cancio, Antonio Trueba, y Javier Puig intervinieron en los \u201cStudent Forum\u201d conviviendo, trabajando y realizando exposiciones durante una semana con alumnos de todos los continentes, en temas relacionados con el \u201cService Leadership\u201d y \u201cCommunity service\u201d, valores propios de nuestro colegio.<\/li>\n<\/ul>\n<p>Adem\u00e1s, la asistencia a esos congresos nos ha ayudado a realizar intercambios con diferentes colegios internacionales. Este curso ser\u00e1n ya 45 alumnos los que habr\u00e1n tenido la oportunidad de estar una semana en Radley College (Oxford) y, adem\u00e1s, un par de nuestros estudiantes estar\u00e1n dos semanas en St. Albans School, un colegio de Washington.<\/p>\n<p>Estos proyectos suponen un enriquecimiento personal y la adquisici\u00f3n de una visi\u00f3n amplia de la educaci\u00f3n, que repercute en uno mismo, en los compa\u00f1eros y en todo el colegio.<\/p>\n<p><img loading=\"lazy\" decoding=\"async\" class=\"alignnone size-medium wp-image-219\" src=\"https:\/\/viaro.org\/research\/wp-content\/uploads\/Marc-Ventura-presentando-el-action-research-498x333.png\" alt=\"\" width=\"498\" height=\"333\" title=\"\" srcset=\"https:\/\/viaro.org\/research\/wp-content\/uploads\/Marc-Ventura-presentando-el-action-research-498x333.png 498w, https:\/\/viaro.org\/research\/wp-content\/uploads\/Marc-Ventura-presentando-el-action-research-768x514.png 768w, https:\/\/viaro.org\/research\/wp-content\/uploads\/Marc-Ventura-presentando-el-action-research-747x500.png 747w, https:\/\/viaro.org\/research\/wp-content\/uploads\/Marc-Ventura-presentando-el-action-research.png 961w\" sizes=\"auto, (max-width: 498px) 100vw, 498px\" \/><\/p>\n<p><strong>En el board de la organizaci\u00f3n<\/strong><\/p>\n<p>Pero hemos dado un paso m\u00e1s. Desde el verano pasado, nuestra escuela forma parte del <em>board<\/em> en representaci\u00f3n de la regi\u00f3n UK-Europa. El jefe de estudios, Miguel Dionis, asiste regularmente a las reuniones de la IBSC, participando activamente en la toma de decisiones estrat\u00e9gicas de la organizaci\u00f3n. Esto nos ayuda a transmitir nuestra visi\u00f3n y la educaci\u00f3n que ofrecemos, ayudando a otras escuelas y nutri\u00e9ndonos a la vez de sus experiencias.<\/p>\n<p><strong>Conferencia anual 2020<\/strong><\/p>\n<p>Por \u00faltimo, nuestra trayectoria en la organizaci\u00f3n nos ha brindado una excelente oportunidad: ser el colegio que acoge la conferencia anual de la IBSC en el a\u00f1o 2020. Esta organizaci\u00f3n supone dar la bienvenida a <strong>m\u00e1s de 700 docentes y directivos de los 5 continentes<\/strong>. Este curso, el director ejecutivo de la IBSC <strong>David Armstrong estuvo en el Colegio<\/strong>, pudo conocer a profesores, alumnos y algunas familias y comparti\u00f3 con nosotros una jornada escolar.<\/p>\n<p><img loading=\"lazy\" decoding=\"async\" class=\"alignnone size-medium wp-image-220\" src=\"https:\/\/viaro.org\/research\/wp-content\/uploads\/El-director-de-la-IBSC-David-Armstrong-visitando-Viar\u00f3-500x333.jpg\" alt=\"\" width=\"500\" height=\"333\" title=\"\" srcset=\"https:\/\/viaro.org\/research\/wp-content\/uploads\/El-director-de-la-IBSC-David-Armstrong-visitando-Viar\u00f3-500x333.jpg 500w, https:\/\/viaro.org\/research\/wp-content\/uploads\/El-director-de-la-IBSC-David-Armstrong-visitando-Viar\u00f3-768x512.jpg 768w, https:\/\/viaro.org\/research\/wp-content\/uploads\/El-director-de-la-IBSC-David-Armstrong-visitando-Viar\u00f3-750x500.jpg 750w\" sizes=\"auto, (max-width: 500px) 100vw, 500px\" \/><\/p>\n<p>Tras el \u00e9xito de la conferencia que organizamos en marzo de 2017 sobre \u201cla relaci\u00f3n entre las familias y el colegio\u201d, que tuvo como ponentes a David Banks, Mike Grenier e Ignacio Sala y fue clausurada por Jim Hawkins (director de Harrow School), sin duda organizar la Conferencia Anual de 2020 ser\u00e1 <strong>una ocasi\u00f3n de transmitir nuestra visi\u00f3n y experiencia a profesionales de todo el mundo<\/strong>.<\/p>\n<p>Teniendo en cuenta que la misi\u00f3n de Viar\u00f3 es <strong>ayudar a los padres a educar a sus hijos<\/strong>, son claros los beneficios que nos aporta ser parte de una organizaci\u00f3n como la IBSC: Nuestros profesores tienen una formaci\u00f3n m\u00e1s amplia, con una visi\u00f3n m\u00e1s global del mundo educativo; los alumnos se enriquecen con los intercambios, ya sea porque visitan alg\u00fan colegio, colaboran mediante las nuevas tecnolog\u00edas o porque conviven con los alumnos que vienen a pasar un tiempo a Viar\u00f3. Esa experiencia internacional les ayuda a <strong>crecer como personas<\/strong>, desarrollar todas sus capacidades y dar lo mejor de s\u00ed, en beneficio de toda la sociedad.<\/p>\n<p><iframe loading=\"lazy\" title=\"We&#039;ll be expecting you - Viar\u00f3 2020 IBSC Annual Conference\" width=\"600\" height=\"338\" src=\"https:\/\/www.youtube.com\/embed\/bA7Gf-xj4cI?feature=oembed\" frameborder=\"0\" allow=\"accelerometer; autoplay; clipboard-write; encrypted-media; gyroscope; picture-in-picture; web-share\" referrerpolicy=\"strict-origin-when-cross-origin\" allowfullscreen><\/iframe><\/p>\n","protected":false},"excerpt":{"rendered":"<p>Educaci\u00f3n Global \u00bfPor qu\u00e9 Viar\u00f3 es \u201cglobal\u201d? \u00bfQu\u00e9 es la educaci\u00f3n global? Aunque pueda sonar novedoso, este concepto define, en realidad, lo que Viar\u00f3 lleva haciendo desde hace 54 a\u00f1os, y se despliega en 3 niveles: En primer lugar, educar a toda la persona, abarcando de forma integral e individualizada todas sus dimensiones. En segundo&nbsp; <a href=\"https:\/\/viaro.org\/research\/viaro-y-la-international-boys-schools-coalition-ibsc\/\">&hellip; Read more <i class=\"glyphicon glyphicon-arrow-right\"><\/i><\/a><\/p>\n","protected":false},"author":4,"featured_media":217,"comment_status":"closed","ping_status":"closed","sticky":false,"template":"","format":"standard","meta":{"_acf_changed":false,"footnotes":""},"categories":[119,1],"class_list":["post-216","post","type-post","status-publish","format-standard","has-post-thumbnail","hentry","category-global-education","category-sin-categorizar","autor-pablo-lozano"],"acf":[],"_links":{"self":[{"href":"https:\/\/viaro.org\/research\/wp-json\/wp\/v2\/posts\/216","targetHints":{"allow":["GET"]}}],"collection":[{"href":"https:\/\/viaro.org\/research\/wp-json\/wp\/v2\/posts"}],"about":[{"href":"https:\/\/viaro.org\/research\/wp-json\/wp\/v2\/types\/post"}],"author":[{"embeddable":true,"href":"https:\/\/viaro.org\/research\/wp-json\/wp\/v2\/users\/4"}],"replies":[{"embeddable":true,"href":"https:\/\/viaro.org\/research\/wp-json\/wp\/v2\/comments?post=216"}],"version-history":[{"count":6,"href":"https:\/\/viaro.org\/research\/wp-json\/wp\/v2\/posts\/216\/revisions"}],"predecessor-version":[{"id":568,"href":"https:\/\/viaro.org\/research\/wp-json\/wp\/v2\/posts\/216\/revisions\/568"}],"wp:featuredmedia":[{"embeddable":true,"href":"https:\/\/viaro.org\/research\/wp-json\/wp\/v2\/media\/217"}],"wp:attachment":[{"href":"https:\/\/viaro.org\/research\/wp-json\/wp\/v2\/media?parent=216"}],"wp:term":[{"taxonomy":"category","embeddable":true,"href":"https:\/\/viaro.org\/research\/wp-json\/wp\/v2\/categories?post=216"}],"curies":[{"name":"wp","href":"https:\/\/api.w.org\/{rel}","templated":true}]}}