{"id":10699,"date":"2023-04-21T14:32:22","date_gmt":"2023-04-21T12:32:22","guid":{"rendered":"https:\/\/viaro.org\/unafinestraoberta\/?p=10699"},"modified":"2023-04-21T14:32:23","modified_gmt":"2023-04-21T12:32:23","slug":"manualitats-de-sant-jordi","status":"publish","type":"post","link":"https:\/\/viaro.org\/unafinestraoberta\/manualitats-de-sant-jordi\/","title":{"rendered":"Manualitats de Sant Jordi"},"content":{"rendered":"\n<p>Aquest cap de setmana \u00e9s la <a href=\"https:\/\/www.youtube.com\/watch?v=-4wkoJ_ekBE\" target=\"_blank\" rel=\"noreferrer noopener\">festa de Sant Jordi<\/a> i al cole els nostres fills ho han viscut amb molta il\u00b7lusi\u00f3, fent tallers i jocs tem\u00e0tics, veient obres de teatre... com els agrada aquesta <a href=\"https:\/\/viaro.org\/unafinestraoberta\/sant-jordi-arriba-com-un-cavaller\/\" target=\"_blank\" rel=\"noreferrer noopener\">festa<\/a>!<\/p>\n\n\n\n<p>Per aix\u00f2 us proposo algunes manualitats de Sant Jordi que podeu fer amb ells aquest cap de setmana si us animeu: un drac, una corona princesa i una rosa.<\/p>\n\n\n\n<h2 class=\"wp-block-heading\">Manualitats de Sant Jordi<\/h2>\n\n\n<div class=\"wp-block-image\">\n<figure class=\"aligncenter size-full\"><img loading=\"lazy\" decoding=\"async\" width=\"419\" height=\"570\" src=\"https:\/\/viaro.org\/unafinestraoberta\/wp-content\/uploads\/2023\/04\/drac.jpg\" alt=\"Manualitats de Sant Jordi\" class=\"wp-image-10700\" srcset=\"https:\/\/viaro.org\/unafinestraoberta\/wp-content\/uploads\/2023\/04\/drac.jpg 419w, https:\/\/viaro.org\/unafinestraoberta\/wp-content\/uploads\/2023\/04\/drac-221x300.jpg 221w\" sizes=\"(max-width: 419px) 100vw, 419px\" \/><\/figure><\/div>\n\n\n<p>Aquest drac est\u00e0 fet amb cartr\u00f3. Els detalls de colors es poden fer amb pintura de dits, o engantxant papers de colors. Apte per a totes les edats!<\/p>\n\n\n<div class=\"wp-block-image\">\n<figure class=\"aligncenter size-full\"><img loading=\"lazy\" decoding=\"async\" width=\"564\" height=\"789\" src=\"https:\/\/viaro.org\/unafinestraoberta\/wp-content\/uploads\/2023\/04\/corona.jpg\" alt=\"Manualitats de Sant Jordi\" class=\"wp-image-10701\" srcset=\"https:\/\/viaro.org\/unafinestraoberta\/wp-content\/uploads\/2023\/04\/corona.jpg 564w, https:\/\/viaro.org\/unafinestraoberta\/wp-content\/uploads\/2023\/04\/corona-214x300.jpg 214w\" sizes=\"(max-width: 564px) 100vw, 564px\" \/><\/figure><\/div>\n\n\n<p>Aquesta corona tan senzilla i colorida els encantar\u00e0!<\/p>\n\n\n<div class=\"wp-block-image\">\n<figure class=\"aligncenter size-full\"><img loading=\"lazy\" decoding=\"async\" width=\"564\" height=\"1002\" src=\"https:\/\/viaro.org\/unafinestraoberta\/wp-content\/uploads\/2023\/04\/rosa.jpg\" alt=\"\" class=\"wp-image-10709\" srcset=\"https:\/\/viaro.org\/unafinestraoberta\/wp-content\/uploads\/2023\/04\/rosa.jpg 564w, https:\/\/viaro.org\/unafinestraoberta\/wp-content\/uploads\/2023\/04\/rosa-169x300.jpg 169w\" sizes=\"(max-width: 564px) 100vw, 564px\" \/><\/figure><\/div>\n\n\n<p>Aquesta rosa de cartolina es una mica m\u00e9s elaborada, per\u00f2 tamb\u00e9 la podeu intentar. <\/p>\n\n\n\n<p>Que tingueu una bona diada de Sant Jordi!<\/p>\n\n\n\n<p class=\"has-text-align-right\">Agata Carreras<\/p>\n\n\n\n<p class=\"has-text-align-right\">Editora del blog<\/p>\n","protected":false},"excerpt":{"rendered":"<p>Aquest cap de setmana \u00e9s la festa de Sant Jordi i al cole els nostres fills ho han viscut amb molta il\u00b7lusi\u00f3, fent tallers i jocs tem\u00e0tics, veient obres de teatre... com els agrada aquesta festa! Per aix\u00f2 us proposo algunes manualitats de Sant Jordi que podeu fer amb ells aquest cap de setmana si [&hellip;]<\/p>\n","protected":false},"author":2,"featured_media":10714,"comment_status":"open","ping_status":"closed","sticky":false,"template":"","format":"standard","meta":{"_acf_changed":false,"footnotes":""},"categories":[13],"tags":[142,214],"acf":[],"jetpack_featured_media_url":"https:\/\/viaro.org\/unafinestraoberta\/wp-content\/uploads\/2023\/04\/sant-jordi.jpeg","_links":{"self":[{"href":"https:\/\/viaro.org\/unafinestraoberta\/wp-json\/wp\/v2\/posts\/10699"}],"collection":[{"href":"https:\/\/viaro.org\/unafinestraoberta\/wp-json\/wp\/v2\/posts"}],"about":[{"href":"https:\/\/viaro.org\/unafinestraoberta\/wp-json\/wp\/v2\/types\/post"}],"author":[{"embeddable":true,"href":"https:\/\/viaro.org\/unafinestraoberta\/wp-json\/wp\/v2\/users\/2"}],"replies":[{"embeddable":true,"href":"https:\/\/viaro.org\/unafinestraoberta\/wp-json\/wp\/v2\/comments?post=10699"}],"version-history":[{"count":13,"href":"https:\/\/viaro.org\/unafinestraoberta\/wp-json\/wp\/v2\/posts\/10699\/revisions"}],"predecessor-version":[{"id":10716,"href":"https:\/\/viaro.org\/unafinestraoberta\/wp-json\/wp\/v2\/posts\/10699\/revisions\/10716"}],"wp:featuredmedia":[{"embeddable":true,"href":"https:\/\/viaro.org\/unafinestraoberta\/wp-json\/wp\/v2\/media\/10714"}],"wp:attachment":[{"href":"https:\/\/viaro.org\/unafinestraoberta\/wp-json\/wp\/v2\/media?parent=10699"}],"wp:term":[{"taxonomy":"category","embeddable":true,"href":"https:\/\/viaro.org\/unafinestraoberta\/wp-json\/wp\/v2\/categories?post=10699"},{"taxonomy":"post_tag","embeddable":true,"href":"https:\/\/viaro.org\/unafinestraoberta\/wp-json\/wp\/v2\/tags?post=10699"}],"curies":[{"name":"wp","href":"https:\/\/api.w.org\/{rel}","templated":true}]}}