{"id":11302,"date":"2024-04-24T10:00:00","date_gmt":"2024-04-24T08:00:00","guid":{"rendered":"https:\/\/viaro.org\/unafinestraoberta\/?p=11302"},"modified":"2024-04-24T12:40:17","modified_gmt":"2024-04-24T10:40:17","slug":"6-tips-mejorar-la-comprension-lectora","status":"publish","type":"post","link":"https:\/\/viaro.org\/unafinestraoberta\/6-tips-mejorar-la-comprension-lectora\/","title":{"rendered":"6 Tips para mejorar la comprensi\u00f3n lectora antes de aprender a leer"},"content":{"rendered":"\n<p>El estudio Internacional del progreso en comprensi\u00f3n lectora (PIRLS) ha revelado una preocupante disminuci\u00f3n en la comprensi\u00f3n lectora de los escolares espa\u00f1oles, con una ca\u00edda de siete puntos desde 2016 hasta 2023. Este retroceso lo podemos vincular a m\u00faltiples factores (pandemia, pol\u00edticas educativas...) lo que supone un desaf\u00edo en estos momentos.<\/p>\n\n\n\n<h2 class=\"wp-block-heading\">\u00bfC\u00f3mo podemos <strong>mejorar la comprensi\u00f3n lectora<\/strong> de nuestros hijos?<\/h2>\n\n\n\n<p>La comprensi\u00f3n lectora es una destreza crucial en el desarrollo no solo educativo sino personal de cada uno de nuestros hijos. Una habilidad que no \u00fanicamente implica la descodificaci\u00f3n de palabras y frases, sino la capacidad de interpretar, analizar y reflexionar sobre el contenido le\u00eddo. Por ejemplo: comprender los enunciados de un problema matem\u00e1tico, entender unas preguntas de un examen, poder hacer un comentario de texto... Por eso es esencial ayudarles a estimular y a potenciar esta habilidad desde peque\u00f1itos, incluso, antes de que aprendan a leer.<\/p>\n\n\n\n<p>Si queremos contrarrestar este problema, \u00bfqu\u00e9 recursos tenemos a nuestro alcance? Desde casa podemos ayudar a nuestros peque\u00f1os a mejorar la comprensi\u00f3n lectora utilizando h\u00e1bitos f\u00e1ciles y sencillos de llevar a cabo.<\/p>\n\n\n\n<ol>\n<li><strong><a href=\"https:\/\/viaro.org\/unafinestraoberta\/6-acciones-para-fomentar-la-lectura\/\" target=\"_blank\" rel=\"noreferrer noopener\">Tiempo entre libros<\/a><\/strong><\/li>\n<\/ol>\n\n\n\n<p>Es esencial adoptar un enfoque que involucre al entorno familiar.<strong> Pasar tiempo con ellos<\/strong>. El primer paso, por simple que parezca, es atraerlos al mundo de los libros. \u00a1Que los cojan y los manejen desde peque\u00f1itos y nos vean con ellos en nuestras manos! Si nos observan disfrutando de la lectura, es m\u00e1s probable que ellos desarrollen un inter\u00e9s por los libros. Podemos animarlos a que se sienten con nosotros y que cojan su cuento. Es necesario que nos vean leer y se den cuenta de que los libros forman parte de nuestro d\u00eda a d\u00eda.<\/p>\n\n\n\n<figure class=\"wp-block-image size-large\"><img loading=\"lazy\" decoding=\"async\" width=\"1024\" height=\"768\" src=\"https:\/\/viaro.org\/unafinestraoberta\/wp-content\/uploads\/2024\/04\/IMG-20240412-WA0022-1024x768.jpg\" alt=\"mejorar la comprensi\u00f3n lectora \" class=\"wp-image-11310\" srcset=\"https:\/\/viaro.org\/unafinestraoberta\/wp-content\/uploads\/2024\/04\/IMG-20240412-WA0022-1024x768.jpg 1024w, https:\/\/viaro.org\/unafinestraoberta\/wp-content\/uploads\/2024\/04\/IMG-20240412-WA0022-300x225.jpg 300w, https:\/\/viaro.org\/unafinestraoberta\/wp-content\/uploads\/2024\/04\/IMG-20240412-WA0022-768x576.jpg 768w, https:\/\/viaro.org\/unafinestraoberta\/wp-content\/uploads\/2024\/04\/IMG-20240412-WA0022-1536x1152.jpg 1536w, https:\/\/viaro.org\/unafinestraoberta\/wp-content\/uploads\/2024\/04\/IMG-20240412-WA0022.jpg 2048w\" sizes=\"(max-width: 1024px) 100vw, 1024px\" \/><\/figure>\n\n\n\n<ul>\n<li><strong><a href=\"https:\/\/viaro.org\/unafinestraoberta\/lectura-individual\/?nowprocket=1\" target=\"_blank\" rel=\"noreferrer noopener\">Lectura en voz alta<\/a><\/strong><\/li>\n<\/ul>\n\n\n\n<p><strong><a href=\"https:\/\/www.instagram.com\/reel\/C50eVkZt5L8\/?igsh=eXdldGNqM2k3ZTRv\" target=\"_blank\" rel=\"noreferrer noopener\">Leerles en voz alta<\/a><\/strong>, ya sea antes de irse a dormir, aprovechar sino un ratito del fin de semana o de los periodos vacacionales, ser\u00e1 otro gran h\u00e1bito que ir\u00e1 facilitando poco a poco y de forma inconsciente ayudar\u00e1 a mejorar la comprensi\u00f3n lectora. Esta pr\u00e1ctica tambi\u00f1en crea un mayor v\u00ednculo con pap\u00e1 y mam\u00e1, fortaleciendo los v\u00ednculos afectivos.<\/p>\n\n\n\n<ul>\n<li><strong>Rimas, trabalenguas o <\/strong><strong>canciones infantiles<\/strong><\/li>\n<\/ul>\n\n\n\n<p><strong>Leerles rimas, trabalenguas o cantarles<\/strong> canciones infantiles les va a permitir ir desarrollando la conciencia fonol\u00f3gica, habilidad que permite identificar y utilizar los sonidos del lenguaje oral. Se ir\u00e1n dando cuenta de las diferentes maneras en las que pueden utilizar los sonidos.<\/p>\n\n\n\n<p>Una vez ya est\u00e1n acostumbrados a que les leamos cuentos y rimas y, antes de que aprendan a leer, podemos dar un paso m\u00e1s all\u00e1. Podemos empezar a leerles peque\u00f1os textos sin que vean las ilustraciones y pidi\u00e9ndoles que escuchen con mucha atenci\u00f3n. Al finalizar les haremos preguntas sencillas relacionas con el texto.<\/p>\n\n\n\n<ul>\n<li><strong>Hablar sobre lo le\u00eddo<\/strong><\/li>\n<\/ul>\n\n\n\n<p><strong>Mantener peque\u00f1as conversaciones<\/strong> con ellos sobre lo que les hemos le\u00eddo es un elemento m\u00e1s a tener presente: que expliquen con sus palabras aquello que han entendido, que organicen la informaci\u00f3n y formulen sus primeras opiniones. Esta pr\u00e1ctica adem\u00e1s les permitir\u00e1 ir estructurando su pensamiento y mejorar la expresi\u00f3n oral. Estas \u201cdiscusiones\u201d pueden ser tan sencillas como preguntarles qu\u00e9 les gust\u00f3 del cuento, qu\u00e9 han pensado mientras lo escuchaban o qu\u00e9 han sentido. De este modo se dar\u00e1n cuenta de c\u00f3mo la lectura fomenta al mismo tiempo su imaginaci\u00f3n y creatividad.<\/p>\n\n\n\n<ul>\n<li><strong>Dar modelo<\/strong><\/li>\n<\/ul>\n\n\n\n<p><strong>Ser modelo lector<\/strong>, escuchar a pap\u00e1 o mam\u00e1 mientras les leen con sus entonaciones, pausas, silencios... son piezas clave para empezar a modelar su comportamiento lector. Muchos estudios insisten en los beneficios que tiene para los m\u00e1s peque\u00f1os escuchar una buena lectura en voz alta.<\/p>\n\n\n\n<ul>\n<li><strong>Regalarles libros, visitar librer\u00edas y acompa\u00f1arlos a la biblioteca<\/strong><\/li>\n<\/ul>\n\n\n\n<p>Por \u00faltimo,<strong> <a href=\"https:\/\/www.delibris.org\/\" target=\"_blank\" rel=\"noreferrer noopener\">regalarles libros,<\/a> <a href=\"https:\/\/www.troa.es\/\" target=\"_blank\" rel=\"noreferrer noopener\">visitar librer\u00edas<\/a> y <a href=\"https:\/\/visit.santcugat.cat\/es\/bibliotecas-en-sant-cugat\/\" target=\"_blank\" rel=\"noreferrer noopener\">acompa\u00f1arlos a la biblioteca<\/a><\/strong> les dar\u00e1n acceso a observar variedad de textos, tem\u00e1ticas lectoras, g\u00e9neros, formatos... Propuestas que les ayudar\u00e1n a ir definiendo sus gustos y preferencias. Habilitar un espacio en casa que sienta como propio y que est\u00e9 a su alcance va a favorecer que vuelva a reencontrarse con sus personajes y temas preferidos.<\/p>\n\n\n\n<figure class=\"wp-block-gallery has-nested-images columns-default is-cropped wp-block-gallery-1 is-layout-flex wp-block-gallery-is-layout-flex\">\n<figure class=\"wp-block-image size-large\"><img loading=\"lazy\" decoding=\"async\" width=\"768\" height=\"1024\" data-id=\"11312\" src=\"https:\/\/viaro.org\/unafinestraoberta\/wp-content\/uploads\/2024\/04\/mejorar-la-comprension-lectora1-768x1024.jpeg\" alt=\"\" class=\"wp-image-11312\" srcset=\"https:\/\/viaro.org\/unafinestraoberta\/wp-content\/uploads\/2024\/04\/mejorar-la-comprension-lectora1-768x1024.jpeg 768w, https:\/\/viaro.org\/unafinestraoberta\/wp-content\/uploads\/2024\/04\/mejorar-la-comprension-lectora1-225x300.jpeg 225w, https:\/\/viaro.org\/unafinestraoberta\/wp-content\/uploads\/2024\/04\/mejorar-la-comprension-lectora1-1152x1536.jpeg 1152w, https:\/\/viaro.org\/unafinestraoberta\/wp-content\/uploads\/2024\/04\/mejorar-la-comprension-lectora1.jpeg 1200w\" sizes=\"(max-width: 768px) 100vw, 768px\" \/><\/figure>\n\n\n\n<figure class=\"wp-block-image size-large\"><img loading=\"lazy\" decoding=\"async\" width=\"768\" height=\"1024\" data-id=\"11311\" src=\"https:\/\/viaro.org\/unafinestraoberta\/wp-content\/uploads\/2024\/04\/mejorar-la-comprension-lectora2-768x1024.jpeg\" alt=\"\" class=\"wp-image-11311\" srcset=\"https:\/\/viaro.org\/unafinestraoberta\/wp-content\/uploads\/2024\/04\/mejorar-la-comprension-lectora2-768x1024.jpeg 768w, https:\/\/viaro.org\/unafinestraoberta\/wp-content\/uploads\/2024\/04\/mejorar-la-comprension-lectora2-225x300.jpeg 225w, https:\/\/viaro.org\/unafinestraoberta\/wp-content\/uploads\/2024\/04\/mejorar-la-comprension-lectora2-1152x1536.jpeg 1152w, https:\/\/viaro.org\/unafinestraoberta\/wp-content\/uploads\/2024\/04\/mejorar-la-comprension-lectora2.jpeg 1200w\" sizes=\"(max-width: 768px) 100vw, 768px\" \/><\/figure>\n<\/figure>\n\n\n\n<p>Os animo, pues, a utilizar estos sencillos tips para <strong>mejorar la comprensi\u00f3n lectora<\/strong>: la participaci\u00f3n activa de la familia en el proceso de lectura, como hemos visto, es clave para desarrollar lectores competentes y apasionados.<\/p>\n\n\n\n<p class=\"has-text-align-right\">Eva Mart\u00ed <\/p>\n\n\n\n<p class=\"has-text-align-right\">Tutora I5A<\/p>\n","protected":false},"excerpt":{"rendered":"<p>Desde casa podemos ayudar a nuestros peque\u00f1os a mejorar la comprensi\u00f3n lectora utilizando h\u00e1bitos f\u00e1ciles y sencillos de llevar a cabo.<\/p>\n","protected":false},"author":2,"featured_media":11307,"comment_status":"open","ping_status":"closed","sticky":false,"template":"","format":"standard","meta":{"_acf_changed":false,"footnotes":""},"categories":[11],"tags":[],"acf":[],"jetpack_featured_media_url":"https:\/\/viaro.org\/unafinestraoberta\/wp-content\/uploads\/2024\/04\/foto-1-scaled.jpg","_links":{"self":[{"href":"https:\/\/viaro.org\/unafinestraoberta\/wp-json\/wp\/v2\/posts\/11302"}],"collection":[{"href":"https:\/\/viaro.org\/unafinestraoberta\/wp-json\/wp\/v2\/posts"}],"about":[{"href":"https:\/\/viaro.org\/unafinestraoberta\/wp-json\/wp\/v2\/types\/post"}],"author":[{"embeddable":true,"href":"https:\/\/viaro.org\/unafinestraoberta\/wp-json\/wp\/v2\/users\/2"}],"replies":[{"embeddable":true,"href":"https:\/\/viaro.org\/unafinestraoberta\/wp-json\/wp\/v2\/comments?post=11302"}],"version-history":[{"count":8,"href":"https:\/\/viaro.org\/unafinestraoberta\/wp-json\/wp\/v2\/posts\/11302\/revisions"}],"predecessor-version":[{"id":11316,"href":"https:\/\/viaro.org\/unafinestraoberta\/wp-json\/wp\/v2\/posts\/11302\/revisions\/11316"}],"wp:featuredmedia":[{"embeddable":true,"href":"https:\/\/viaro.org\/unafinestraoberta\/wp-json\/wp\/v2\/media\/11307"}],"wp:attachment":[{"href":"https:\/\/viaro.org\/unafinestraoberta\/wp-json\/wp\/v2\/media?parent=11302"}],"wp:term":[{"taxonomy":"category","embeddable":true,"href":"https:\/\/viaro.org\/unafinestraoberta\/wp-json\/wp\/v2\/categories?post=11302"},{"taxonomy":"post_tag","embeddable":true,"href":"https:\/\/viaro.org\/unafinestraoberta\/wp-json\/wp\/v2\/tags?post=11302"}],"curies":[{"name":"wp","href":"https:\/\/api.w.org\/{rel}","templated":true}]}}