{"id":2477,"date":"2023-09-28T12:13:45","date_gmt":"2023-09-28T10:13:45","guid":{"rendered":"http:\/\/viaro.org\/unafinestraoberta\/?p=2477"},"modified":"2023-10-11T10:15:53","modified_gmt":"2023-10-11T08:15:53","slug":"la-tutoria-una-herramienta-clave-en-la-educacion","status":"publish","type":"post","link":"https:\/\/viaro.org\/unafinestraoberta\/la-tutoria-una-herramienta-clave-en-la-educacion\/","title":{"rendered":"La tutor\u00eda, una herramienta clave en la educaci\u00f3n"},"content":{"rendered":"\n<p>Las entrevistas de preceptuaci\u00f3n o tutor\u00edas son el mejor medio que nos ofrece la escuela para conocer bien a cada hijo\/alumno y sus circunstancias. Pretenden ayudar a <a href=\"https:\/\/viaro.org\/unafinestraoberta\/familia-y-colegio-unidos-jamas-seran-vencidos\/\" target=\"_blank\" rel=\"noopener\">familias y colegio<\/a> a ir en paralelo, a perseguir fines comunes para llevar a cabo el proyecto educativo familiar.<\/p>\n\n\n\n<p>Los <a href=\"https:\/\/viaro.org\/unafinestraoberta\/8-valors-aprendre-en-familia\/\" target=\"_blank\" rel=\"noopener\">principales educadores<\/a> siempre han sido y son los padres. <span style=\"font-size: revert; color: initial;\">Los maestros tienen como objetivo orientar dese la profesionalidad y la confidencialidad a las familias.<\/span><\/p>\n\n\n\n<p>En Viar\u00f3 pensamos que lo m\u00e1s importante son los padres, despu\u00e9s los profesores y por \u00faltimo los alumnos. \u00bfPor qu\u00e9? Porque si conseguimos familias y profesionales bien formados y orientados, conseguimos tambi\u00e9n buenos modelos para nuestros alumnos que, a grandes rasgos, aprenden por imitaci\u00f3n.<\/p>\n\n\n\n<h2 class=\"wp-block-heading\">Tips para aprovechar bien la tutor\u00eda de nuestros hijos<\/h2>\n\n\n\n<p>Tanto padres como profesores debemos preparar la tutor\u00eda con el tutor antes de asistir a ella, a modo de breve gui\u00f3n, con aquellos puntos que consideramos importantes a tratar para la formaci\u00f3n completa (humana, acad\u00e9mica y espiritual) de los ni\u00f1os y ni\u00f1as. As\u00ed, entre todos, familia y colegio, podemos llegar a marcarnos unos objetivos comunes para ayudar al ni\u00f1o a desarrollar virtudes y corregir defectos.<\/p>\n\n\n\n<p>Es importante intentar ser todos sinceros y hablar con claridad, en un clima de cari\u00f1o, servicio y confianza, pues todos perseguimos el mismo fin: sacar lo mejor de nuestros hijos.<\/p>\n\n\n\n<p>Hoy en d\u00eda estamos sumergidos en una sociedad especialmente materialista, c\u00f3moda e inmediata. Por ellos debemos ser conscientes de la importancia de <a href=\"https:\/\/educarestodo.com\/\" target=\"_blank\" rel=\"noopener\">educar a los ni\u00f1os<\/a> desde bien peque\u00f1os en valores como el esfuerzo.<\/p>\n\n\n\n<p>En la etapa de infantil, las entrevistas de preceptuaci\u00f3n son un buen momento para tratar temas como los h\u00e1bitos b\u00e1sicos, autonom\u00eda, los puntos fuertes y d\u00e9biles de nuestro hijos, la sociabilidad, obediencia, la motricidad, el lenguaje, el aprendizaje en el aula, la formaci\u00f3n espiritual... Todo cabe en ellas, siempre y cuando se trate desde un tono positivo.<\/p>\n\n\n<div class=\"wp-block-image\">\n<figure class=\"aligncenter size-large\"><img loading=\"lazy\" decoding=\"async\" width=\"1024\" height=\"681\" src=\"https:\/\/viaro.org\/unafinestraoberta\/wp-content\/uploads\/2023\/09\/221010-PMacM-8859-1024x681.jpg\" alt=\"tutoria\" class=\"wp-image-10980\" srcset=\"https:\/\/viaro.org\/unafinestraoberta\/wp-content\/uploads\/2023\/09\/221010-PMacM-8859-1024x681.jpg 1024w, https:\/\/viaro.org\/unafinestraoberta\/wp-content\/uploads\/2023\/09\/221010-PMacM-8859-300x200.jpg 300w, https:\/\/viaro.org\/unafinestraoberta\/wp-content\/uploads\/2023\/09\/221010-PMacM-8859-768x511.jpg 768w, https:\/\/viaro.org\/unafinestraoberta\/wp-content\/uploads\/2023\/09\/221010-PMacM-8859-1536x1022.jpg 1536w, https:\/\/viaro.org\/unafinestraoberta\/wp-content\/uploads\/2023\/09\/221010-PMacM-8859-2048x1363.jpg 2048w, https:\/\/viaro.org\/unafinestraoberta\/wp-content\/uploads\/2023\/09\/221010-PMacM-8859-scaled.jpg 2560w\" sizes=\"(max-width: 1024px) 100vw, 1024px\" \/><\/figure><\/div>\n\n\n<p>Confiemos en el potencial de toda charla entre padres y profesores. Nos enriquecen a todos. Nos descubren nuevos puntos de vista, enfoques, proyectos... Pueden ser muy efectivas si se trabaja en equipo y, desde la ilusi\u00f3n y el entusiasmo para alcanzar los objetivos que en ellas nos marcamos.<\/p>\n\n\n\n<p>En la educaci\u00f3n no existen recetas m\u00e1gicas, pero s\u00ed el compromiso de lucha diaria de padres y profesores por perseguir lo acordado e intentar acompa\u00f1ar de la mejor manera posible a los hijos en esta etapa de crecimiento.<\/p>\n","protected":false},"excerpt":{"rendered":"<p>Las entrevistas de preceptuaci\u00f3n o tutor\u00edas son el mejor medio que nos ofrece la escuela para conocer bien a cada hijo\/alumno y sus circunstancias. Pretenden ayudar a familias y colegio a ir en paralelo, a perseguir fines comunes para llevar a cabo el proyecto educativo familiar. Los principales educadores siempre han sido y son los [&hellip;]<\/p>\n","protected":false},"author":2,"featured_media":10984,"comment_status":"open","ping_status":"closed","sticky":false,"template":"","format":"standard","meta":{"_acf_changed":false,"footnotes":""},"categories":[17],"tags":[80,82,106,186,218],"acf":[],"jetpack_featured_media_url":"https:\/\/viaro.org\/unafinestraoberta\/wp-content\/uploads\/2023\/09\/tuotoria.png","_links":{"self":[{"href":"https:\/\/viaro.org\/unafinestraoberta\/wp-json\/wp\/v2\/posts\/2477"}],"collection":[{"href":"https:\/\/viaro.org\/unafinestraoberta\/wp-json\/wp\/v2\/posts"}],"about":[{"href":"https:\/\/viaro.org\/unafinestraoberta\/wp-json\/wp\/v2\/types\/post"}],"author":[{"embeddable":true,"href":"https:\/\/viaro.org\/unafinestraoberta\/wp-json\/wp\/v2\/users\/2"}],"replies":[{"embeddable":true,"href":"https:\/\/viaro.org\/unafinestraoberta\/wp-json\/wp\/v2\/comments?post=2477"}],"version-history":[{"count":3,"href":"https:\/\/viaro.org\/unafinestraoberta\/wp-json\/wp\/v2\/posts\/2477\/revisions"}],"predecessor-version":[{"id":10985,"href":"https:\/\/viaro.org\/unafinestraoberta\/wp-json\/wp\/v2\/posts\/2477\/revisions\/10985"}],"wp:featuredmedia":[{"embeddable":true,"href":"https:\/\/viaro.org\/unafinestraoberta\/wp-json\/wp\/v2\/media\/10984"}],"wp:attachment":[{"href":"https:\/\/viaro.org\/unafinestraoberta\/wp-json\/wp\/v2\/media?parent=2477"}],"wp:term":[{"taxonomy":"category","embeddable":true,"href":"https:\/\/viaro.org\/unafinestraoberta\/wp-json\/wp\/v2\/categories?post=2477"},{"taxonomy":"post_tag","embeddable":true,"href":"https:\/\/viaro.org\/unafinestraoberta\/wp-json\/wp\/v2\/tags?post=2477"}],"curies":[{"name":"wp","href":"https:\/\/api.w.org\/{rel}","templated":true}]}}