{"id":3072,"date":"2020-05-29T15:18:21","date_gmt":"2020-05-29T14:18:21","guid":{"rendered":"http:\/\/viaro.org\/unafinestraoberta\/?p=3072"},"modified":"2020-05-29T15:18:21","modified_gmt":"2020-05-29T14:18:21","slug":"que-es-la-psicomotricidad-por-que-es-tan-importante-en-las-primeras-etapas-de-infantil","status":"publish","type":"post","link":"https:\/\/viaro.org\/unafinestraoberta\/que-es-la-psicomotricidad-por-que-es-tan-importante-en-las-primeras-etapas-de-infantil\/","title":{"rendered":"\u00bfQu\u00e9 es la psicomotricidad? \u00bfPor qu\u00e9 es tan importante en las primeras etapas de infantil?"},"content":{"rendered":"<p>En la edad infantil de 0-6 a\u00f1os la psicomotricidad favorece la salud f\u00edsica y ps\u00edquica del ni\u00f1o, porque mediante las sesiones de psicomotricidad ayudaremos al ni\u00f1o a dominar de una forma sana su movimiento corporal, mejorando su relaci\u00f3n y comunicaci\u00f3n con el mundo que le rodea, por tanto tiene un papel fundamental en el desarrollo integral del alumno.<\/p>\n<p>Viar\u00f3 Infantil realiza durante todo el curso escolar clases diarias de \"psicomotricidad y emociones\" donde no solo se trabaja a nivel motriz con los ni\u00f1os, sino tambi\u00e9n a nivel emocional a trav\u00e9s de juegos, carriles, circuitos... <img loading=\"lazy\" decoding=\"async\" class=\"aligncenter size-large wp-image-2821\" src=\"https:\/\/viaro.org\/unafinestraoberta\/wp-content\/uploads\/2020\/01\/img_0976.jpg?w=748\" alt=\"\" width=\"748\" height=\"422\" srcset=\"https:\/\/viaro.org\/unafinestraoberta\/wp-content\/uploads\/2020\/01\/img_0976.jpg 1116w, https:\/\/viaro.org\/unafinestraoberta\/wp-content\/uploads\/2020\/01\/img_0976-300x169.jpg 300w, https:\/\/viaro.org\/unafinestraoberta\/wp-content\/uploads\/2020\/01\/img_0976-1024x578.jpg 1024w, https:\/\/viaro.org\/unafinestraoberta\/wp-content\/uploads\/2020\/01\/img_0976-768x434.jpg 768w\" sizes=\"(max-width: 748px) 100vw, 748px\" \/> <img loading=\"lazy\" decoding=\"async\" class=\"aligncenter size-full wp-image-2817\" src=\"https:\/\/viaro.org\/unafinestraoberta\/wp-content\/uploads\/2020\/01\/img_0977.jpg\" alt=\"\" width=\"735\" height=\"415\" srcset=\"https:\/\/viaro.org\/unafinestraoberta\/wp-content\/uploads\/2020\/01\/img_0977.jpg 735w, https:\/\/viaro.org\/unafinestraoberta\/wp-content\/uploads\/2020\/01\/img_0977-300x169.jpg 300w\" sizes=\"(max-width: 735px) 100vw, 735px\" \/><\/p>\n<p>Es una mirada interior en la vida de un ni\u00f1o, la uni\u00f3n de dos partes trascendentales: la motriz y la ps\u00edquica. La uni\u00f3n de \u00e9stas constituye parte del proceso del desarrollo integral del alumno.<\/p>\n<p>En los primeros a\u00f1os de vida es b\u00e1sica, ya que el aprendizaje se produce a trav\u00e9s del movimiento. La acci\u00f3n del ni\u00f1o sobre el medio y las experiencias emocionales que se van produciendo son esenciales en su desarrollo madurativo.<\/p>\n<p>1-<u>A nivel motor\u00a0<\/u>-&gt; Permite al ni\u00f1o dominar su esquema corporal<\/p>\n<p>2-\u00a0<u>A nivel cognitivo<\/u>\u00a0-&gt; Mejora en memoria, atenci\u00f3n y concentraci\u00f3n<\/p>\n<p>3-\u00a0<u>A nivel social y afectivo\u00a0<\/u>-&gt; Permite a los ni\u00f1os conocer y afrontar sus miedos, as\u00ed como relacionarse con los dem\u00e1s<\/p>\n<p>Por eso en Viar\u00f3 Infantil desarrollamos una serie de clases especializadas en psicomotricidad, donde el ni\u00f1o pueda desarrollar todas las pautas necesarias para su completo desarrollo integral.<\/p>\n<p>Es pues una disciplina b\u00e1sica en el proceso educativo de nuestros alumnos.<img loading=\"lazy\" decoding=\"async\" class=\"aligncenter size-full wp-image-2816\" src=\"https:\/\/viaro.org\/unafinestraoberta\/wp-content\/uploads\/2020\/01\/img_0974.jpg\" alt=\"\" width=\"506\" height=\"875\" srcset=\"https:\/\/viaro.org\/unafinestraoberta\/wp-content\/uploads\/2020\/01\/img_0974.jpg 506w, https:\/\/viaro.org\/unafinestraoberta\/wp-content\/uploads\/2020\/01\/img_0974-173x300.jpg 173w\" sizes=\"(max-width: 506px) 100vw, 506px\" \/><\/p>\n<p>Os mostramos unos v\u00eddeos realizados especialmente para trabajar la psicomotricidad y el desarrollo intelectual-motriz del ni\u00f1o, en una \u00e9poca tan complicada como la que estamos viviendo de confinamiento.<\/p>\n<p>En estos v\u00eddeos trabajaremos diferentes aspectos motrices: la coordinaci\u00f3n, la creatividad, agilidad , destreza , y evidentemente la parte emocional tan importante en su desarrollo madurativo.<\/p>\n<p><iframe loading=\"lazy\" title=\"PSICO - 01 ARA\u00d1A COORDINACION Y AGILIDAD PPD\" width=\"500\" height=\"281\" src=\"https:\/\/www.youtube.com\/embed\/zDVTA0aQQaI?feature=oembed\" frameborder=\"0\" allow=\"accelerometer; autoplay; clipboard-write; encrypted-media; gyroscope; picture-in-picture; web-share\" referrerpolicy=\"strict-origin-when-cross-origin\" allowfullscreen><\/iframe><\/p>\n","protected":false},"excerpt":{"rendered":"<p>En la edad infantil de 0-6 a\u00f1os la psicomotricidad favorece la salud f\u00edsica y ps\u00edquica del ni\u00f1o, porque mediante las sesiones de psicomotricidad ayudaremos al ni\u00f1o a dominar de una forma sana su movimiento corporal, mejorando su relaci\u00f3n y comunicaci\u00f3n con el mundo que le rodea, por tanto tiene un papel fundamental en el desarrollo [&hellip;]<\/p>\n","protected":false},"author":2,"featured_media":3076,"comment_status":"open","ping_status":"closed","sticky":false,"template":"","format":"standard","meta":{"_acf_changed":false,"footnotes":""},"categories":[11],"tags":[82,81,95],"acf":[],"jetpack_featured_media_url":"https:\/\/viaro.org\/unafinestraoberta\/wp-content\/uploads\/2020\/05\/psico2.jpeg","_links":{"self":[{"href":"https:\/\/viaro.org\/unafinestraoberta\/wp-json\/wp\/v2\/posts\/3072"}],"collection":[{"href":"https:\/\/viaro.org\/unafinestraoberta\/wp-json\/wp\/v2\/posts"}],"about":[{"href":"https:\/\/viaro.org\/unafinestraoberta\/wp-json\/wp\/v2\/types\/post"}],"author":[{"embeddable":true,"href":"https:\/\/viaro.org\/unafinestraoberta\/wp-json\/wp\/v2\/users\/2"}],"replies":[{"embeddable":true,"href":"https:\/\/viaro.org\/unafinestraoberta\/wp-json\/wp\/v2\/comments?post=3072"}],"version-history":[{"count":0,"href":"https:\/\/viaro.org\/unafinestraoberta\/wp-json\/wp\/v2\/posts\/3072\/revisions"}],"wp:featuredmedia":[{"embeddable":true,"href":"https:\/\/viaro.org\/unafinestraoberta\/wp-json\/wp\/v2\/media\/3076"}],"wp:attachment":[{"href":"https:\/\/viaro.org\/unafinestraoberta\/wp-json\/wp\/v2\/media?parent=3072"}],"wp:term":[{"taxonomy":"category","embeddable":true,"href":"https:\/\/viaro.org\/unafinestraoberta\/wp-json\/wp\/v2\/categories?post=3072"},{"taxonomy":"post_tag","embeddable":true,"href":"https:\/\/viaro.org\/unafinestraoberta\/wp-json\/wp\/v2\/tags?post=3072"}],"curies":[{"name":"wp","href":"https:\/\/api.w.org\/{rel}","templated":true}]}}