{"id":410,"date":"2017-03-03T09:26:48","date_gmt":"2017-03-03T08:26:48","guid":{"rendered":"http:\/\/viaro.org\/unafinestraoberta\/?p=410"},"modified":"2017-03-03T09:26:48","modified_gmt":"2017-03-03T08:26:48","slug":"mini-quiche","status":"publish","type":"post","link":"https:\/\/viaro.org\/unafinestraoberta\/mini-quiche\/","title":{"rendered":"Mini quiche"},"content":{"rendered":"<p>Hoy traemos una receta rica y f\u00e1cil, y para cocinar con los ni\u00f1os, por supuesto! Y lo mejor es que se puede adaptar a todos los gustos y necesidades.<\/p>\n<p>Se trata de unas mini quiche con base de pan de molde. Qu\u00e9 os parece? A qu\u00e9 tienen buena pinta?<img loading=\"lazy\" decoding=\"async\" class=\"aligncenter size-full wp-image-412\" src=\"https:\/\/viaro.org\/unafinestraoberta\/wp-content\/uploads\/2017\/03\/miniquiche1.jpg\" alt=\"mini quiche\" width=\"748\" height=\"499\" \/><\/p>\n<p>Ingredientes (para 12 mini quiche):<\/p>\n<ul>\n<li>12 rebanadas de pan de molde<\/li>\n<li>200 ml nata l\u00edquida para cocinar<\/li>\n<li>1 paquete de queso rallado (Emmental, Gouda o el que m\u00e1s os guste)<\/li>\n<li>100 g de bacon en tiras o jam\u00f3n cortado (opcional)<\/li>\n<li>2 huevos<\/li>\n<li>sal y pimienta<\/li>\n<\/ul>\n<p>Preparaci\u00f3n:<\/p>\n<p>Cortamos las rebanadas de pan con un vaso ancho redondo para quitar las puntas y amasamos con el rodillo para que queden bien finas.<\/p>\n<p>Engrasamos con un poco de aceite un molde para cupcakes y metemos\u00a0las bases redondas de pan\u00a0para que queden bien ajustadas.<img loading=\"lazy\" decoding=\"async\" class=\"aligncenter size-full wp-image-413\" src=\"https:\/\/viaro.org\/unafinestraoberta\/wp-content\/uploads\/2017\/03\/miniquiche4.jpg\" alt=\"miniquiche4\" width=\"748\" height=\"499\" \/><\/p>\n<p>Batimos en un bol los huevos y la nata l\u00edquida. A\u00f1adimos una pizca de sal y pimienta al gusto.<\/p>\n<p>Ponemos\u00a0un poco de queso rallado y bacon en las bases de pan y rellenamos con la mezcla de huevo y nata. Echamos un poco de queso por encima para gratinar y listos.<img loading=\"lazy\" decoding=\"async\" class=\"aligncenter size-full wp-image-414\" src=\"https:\/\/viaro.org\/unafinestraoberta\/wp-content\/uploads\/2017\/03\/miniquiche3.jpg\" alt=\"miniquiche3\" width=\"748\" height=\"499\" \/><\/p>\n<p>Al horno 15 min a 180\u00baC y desmoldar con cuidado para dejar enfriar antes de comer.<img loading=\"lazy\" decoding=\"async\" class=\"aligncenter size-full wp-image-415\" src=\"https:\/\/viaro.org\/unafinestraoberta\/wp-content\/uploads\/2017\/03\/miniquiche2.jpg\" alt=\"miniquiche2\" width=\"748\" height=\"499\" \/><\/p>\n<p>Es un aperitivo riqu\u00edsimo, que sirve para cualquier comida del d\u00eda y se puede dejar hecho con tiempo. Y si quer\u00e9is hacerlo apto para viernes de Cuaresma (sin carne) se pueden hacer solo de queso \ud83d\ude09 Qu\u00e9 os parece?<\/p>\n","protected":false},"excerpt":{"rendered":"<p>Hoy traemos una receta rica y f\u00e1cil, y para cocinar con los ni\u00f1os, por supuesto! Y lo mejor es que se puede adaptar a todos los gustos y necesidades. Se trata de unas mini quiche con base de pan de molde. Qu\u00e9 os parece? A qu\u00e9 tienen buena pinta? Ingredientes (para 12 mini quiche): 12 [&hellip;]<\/p>\n","protected":false},"author":2,"featured_media":415,"comment_status":"open","ping_status":"closed","sticky":false,"template":"","format":"standard","meta":{"_acf_changed":false,"footnotes":""},"categories":[23,19],"tags":[],"acf":[],"jetpack_featured_media_url":"https:\/\/viaro.org\/unafinestraoberta\/wp-content\/uploads\/2017\/03\/miniquiche2-scaled.jpg","_links":{"self":[{"href":"https:\/\/viaro.org\/unafinestraoberta\/wp-json\/wp\/v2\/posts\/410"}],"collection":[{"href":"https:\/\/viaro.org\/unafinestraoberta\/wp-json\/wp\/v2\/posts"}],"about":[{"href":"https:\/\/viaro.org\/unafinestraoberta\/wp-json\/wp\/v2\/types\/post"}],"author":[{"embeddable":true,"href":"https:\/\/viaro.org\/unafinestraoberta\/wp-json\/wp\/v2\/users\/2"}],"replies":[{"embeddable":true,"href":"https:\/\/viaro.org\/unafinestraoberta\/wp-json\/wp\/v2\/comments?post=410"}],"version-history":[{"count":0,"href":"https:\/\/viaro.org\/unafinestraoberta\/wp-json\/wp\/v2\/posts\/410\/revisions"}],"wp:featuredmedia":[{"embeddable":true,"href":"https:\/\/viaro.org\/unafinestraoberta\/wp-json\/wp\/v2\/media\/415"}],"wp:attachment":[{"href":"https:\/\/viaro.org\/unafinestraoberta\/wp-json\/wp\/v2\/media?parent=410"}],"wp:term":[{"taxonomy":"category","embeddable":true,"href":"https:\/\/viaro.org\/unafinestraoberta\/wp-json\/wp\/v2\/categories?post=410"},{"taxonomy":"post_tag","embeddable":true,"href":"https:\/\/viaro.org\/unafinestraoberta\/wp-json\/wp\/v2\/tags?post=410"}],"curies":[{"name":"wp","href":"https:\/\/api.w.org\/{rel}","templated":true}]}}