{"id":8865,"date":"2021-12-15T09:01:15","date_gmt":"2021-12-15T08:01:15","guid":{"rendered":"https:\/\/viaro.org\/unafinestraoberta\/?p=8865"},"modified":"2021-12-15T09:01:21","modified_gmt":"2021-12-15T08:01:21","slug":"familia-y-colegio-unidos-jamas-seran-vencidos","status":"publish","type":"post","link":"https:\/\/viaro.org\/unafinestraoberta\/familia-y-colegio-unidos-jamas-seran-vencidos\/","title":{"rendered":"\u00a1Familia y colegio unidos, jam\u00e1s ser\u00e1n vencidos!"},"content":{"rendered":"\n<p>La educaci\u00f3n debe velar por el desarrollo de los ni\u00f1os para prepararlos y convertirlos en ciudadanos responsables.<\/p>\n\n\n\n<p>La responsabilidad de la educaci\u00f3n de los hijos corresponde siempre a los padres y el colegio participa en dicha tarea, pero siempre apoyando la labor de los padres y nunca sustituy\u00e9ndolos.<\/p>\n\n\n\n<p>Cuando familia y colegio coinciden en ideario, valores, prioridades\u2026 pueden sentarse unas bases firmes para una educaci\u00f3n de calidad. La colaboraci\u00f3n familia-colegio es imprescindible.<\/p>\n\n\n\n<p>Los padres han de proponerse metas educativas para cada uno de sus hijos, tener un proyecto educativo personal para cada uno. Cuanto m\u00e1s perseverante y coherente sea la acci\u00f3n educativa familiar, mayor ser\u00e1 su influencia en el ni\u00f1o. De ah\u00ed radica la importancia del tiempo compartido entre padres e hijos, de los ratos de juego y aficiones comunes. Hay que dedicar tiempo a los hijos, tiempo de calidad, de escucha e interacci\u00f3n activa.<\/p>\n\n\n\n<div class=\"wp-block-image\"><figure class=\"aligncenter size-large\"><img loading=\"lazy\" decoding=\"async\" width=\"1024\" height=\"577\" src=\"https:\/\/viaro.org\/unafinestraoberta\/wp-content\/uploads\/2021\/12\/padre-e-hijo-1024x577.jpg\" alt=\"\" class=\"wp-image-8869\" srcset=\"https:\/\/viaro.org\/unafinestraoberta\/wp-content\/uploads\/2021\/12\/padre-e-hijo-1024x577.jpg 1024w, https:\/\/viaro.org\/unafinestraoberta\/wp-content\/uploads\/2021\/12\/padre-e-hijo-300x169.jpg 300w, https:\/\/viaro.org\/unafinestraoberta\/wp-content\/uploads\/2021\/12\/padre-e-hijo-768x433.jpg 768w, https:\/\/viaro.org\/unafinestraoberta\/wp-content\/uploads\/2021\/12\/padre-e-hijo.jpg 1330w\" sizes=\"(max-width: 1024px) 100vw, 1024px\" \/><\/figure><\/div>\n\n\n\n<p>Para potenciar la acci\u00f3n educativa familiar, desde el colegio, es importante establecer un canal de informaci\u00f3n frecuente y fluida con las familias para compartir todo aquello que se realiza y trabaja en clase, los logros que se van alcanzando y\/o las dificultades que se van encontrando.<\/p>\n\n\n\n<p>Para ello existen diferentes canales:<\/p>\n\n\n\n<ul><li><strong>Las entradas y salidas de clase<\/strong>. S\u00f3lo en la etapa Infantil los padres pueden dejar y recoger a sus hijos en las aulas e intercambiar alguna an\u00e9cdota o informaci\u00f3n con la maestra. Por ello hay que aprovechar estos encuentros. Esos momentos nos proporcionan informaci\u00f3n de vital importancia sobre los ni\u00f1os. Nos permiten ver a nuestro hijo espont\u00e1neamente: c\u00f3mo act\u00faa, con qui\u00e9n est\u00e1, qu\u00e9 hace, c\u00f3mo se muestra\u2026 Tambi\u00e9n es una ocasi\u00f3n maravillosa para trabajar sus buenos modales saludando al llegar, despidi\u00e9ndose al partir\u2026<\/li><\/ul>\n\n\n\n<ul><li><strong>Las entrevistas de preceptuaci\u00f3n<\/strong>. Es muy recomendable realizar varias tutor\u00edas a lo largo del curso (una al trimestre, si es posible) y aprovecharlas, sacarles partido. Los padres son los que tienen un conocimiento m\u00e1s \u00edntimo de su hijo y quienes deber\u00edan transmitirlo para que la preceptora pueda asesorarles mejor. Las tutor\u00edas son el mejor medio para concretar objetivos y l\u00edneas de actuaci\u00f3n conjuntas entre padres y colegio para conseguir el proyecto educativo familiar.<\/li><\/ul>\n\n\n\n<ul><li><strong>Las reuniones trimestrales<\/strong>. Las reuniones son un medio de formaci\u00f3n fant\u00e1stico. Si las familias se forman, los hijos se benefician directamente de ello. Las reuniones suelen estar pensadas para cada curso o etapa concreta. En alg\u00fan caso, puede ocurrir que incluso una familia escuche dos veces la misma reuni\u00f3n, pero seguro que cada vez sacar\u00e1 una idea u objetivo diferente, en funci\u00f3n del hijo y de las circunstancias del momento. El saber nunca ocupa lugar, ni cae en saco roto.<\/li><\/ul>\n\n\n\n<ul><li><strong>Los Cursos de Orientaci\u00f3n Familiar (COF)<\/strong>. Los COF que se ofrecen en el colegio son un medio formaci\u00f3n muy enriquecedor. Se trabaja a trav\u00e9s de la metodolog\u00eda del caso en peque\u00f1o grupo y a posterior se exponen los hechos y conclusiones en gran grupo ante un moderador experto en la materia. Es una ocasi\u00f3n para formarse, para descubrir que los incidentes son similares en todos los hogares con ni\u00f1os de edades parecidas, para conocer otros matrimonios con inquietudes semejantes a las propias\u2026<\/li><\/ul>\n\n\n\n<ul><li><strong>Las aulas de formaci\u00f3n<\/strong>. Cada a\u00f1o desde Viar\u00f3 Infantil se realizan diferentes aulas de formaci\u00f3n, especialmente pensadas para esta etapa educativa, sobre gran diversidad de temas: desarrollo neuromotor, estimulaci\u00f3n musical, gesti\u00f3n de emociones\u2026 Todas ellas pueden aportar luz e ideas para aplicar en cada casa.<\/li><\/ul>\n\n\n\n<ul><li><strong>Lecturas y podcast<\/strong>. Tambi\u00e9n es un buen complemento formativo el dedicar un tiempo a la lectura de libros educativos, art\u00edculos, revistas\u2026 o escuchar alg\u00fan podcast interesante. De esta manera, no s\u00f3lo las familias se forman, sino que siguen siendo modelo para sus hijos: al leer son ejemplo y fuente de motivaci\u00f3n para la futura lectura de los ni\u00f1os; al escuchar un podcast son modelos de atenci\u00f3n, concentraci\u00f3n y escucha activa para sus hijos...<\/li><\/ul>\n\n\n\n<p>Los ni\u00f1os se emocionan al ver a sus padres pisar su colegio y participar en las actividades propuestas. \u00a1No les puede gustar m\u00e1s, se sienten importantes, atendidos! Adem\u00e1s, de forma inconsciente aprenden de sus familias pues est\u00e1n siendo modelos de lucha en la formaci\u00f3n y de involucraci\u00f3n en las diferentes actividades.<\/p>\n\n\n\n<p>Por lo tanto, cuando familia y colegio van unidos todo son beneficios.<\/p>\n\n\n\n<p class=\"has-text-align-right\">Carmen Arnalot<\/p>\n\n\n\n<p class=\"has-text-align-right\">Tutora P5<\/p>\n","protected":false},"excerpt":{"rendered":"<p>La educaci\u00f3n debe velar por el desarrollo de los ni\u00f1os para prepararlos y convertirlos en ciudadanos responsables. La responsabilidad de la educaci\u00f3n de los hijos corresponde siempre a los padres y el colegio participa en dicha tarea, pero siempre apoyando la labor de los padres y nunca sustituy\u00e9ndolos. Cuando familia y colegio coinciden en ideario, [&hellip;]<\/p>\n","protected":false},"author":2,"featured_media":8869,"comment_status":"open","ping_status":"closed","sticky":false,"template":"","format":"standard","meta":{"_acf_changed":false,"footnotes":""},"categories":[17],"tags":[82,308,235],"acf":[],"jetpack_featured_media_url":"https:\/\/viaro.org\/unafinestraoberta\/wp-content\/uploads\/2021\/12\/padre-e-hijo.jpg","_links":{"self":[{"href":"https:\/\/viaro.org\/unafinestraoberta\/wp-json\/wp\/v2\/posts\/8865"}],"collection":[{"href":"https:\/\/viaro.org\/unafinestraoberta\/wp-json\/wp\/v2\/posts"}],"about":[{"href":"https:\/\/viaro.org\/unafinestraoberta\/wp-json\/wp\/v2\/types\/post"}],"author":[{"embeddable":true,"href":"https:\/\/viaro.org\/unafinestraoberta\/wp-json\/wp\/v2\/users\/2"}],"replies":[{"embeddable":true,"href":"https:\/\/viaro.org\/unafinestraoberta\/wp-json\/wp\/v2\/comments?post=8865"}],"version-history":[{"count":3,"href":"https:\/\/viaro.org\/unafinestraoberta\/wp-json\/wp\/v2\/posts\/8865\/revisions"}],"predecessor-version":[{"id":8870,"href":"https:\/\/viaro.org\/unafinestraoberta\/wp-json\/wp\/v2\/posts\/8865\/revisions\/8870"}],"wp:featuredmedia":[{"embeddable":true,"href":"https:\/\/viaro.org\/unafinestraoberta\/wp-json\/wp\/v2\/media\/8869"}],"wp:attachment":[{"href":"https:\/\/viaro.org\/unafinestraoberta\/wp-json\/wp\/v2\/media?parent=8865"}],"wp:term":[{"taxonomy":"category","embeddable":true,"href":"https:\/\/viaro.org\/unafinestraoberta\/wp-json\/wp\/v2\/categories?post=8865"},{"taxonomy":"post_tag","embeddable":true,"href":"https:\/\/viaro.org\/unafinestraoberta\/wp-json\/wp\/v2\/tags?post=8865"}],"curies":[{"name":"wp","href":"https:\/\/api.w.org\/{rel}","templated":true}]}}