{"id":9288,"date":"2022-03-30T10:00:00","date_gmt":"2022-03-30T08:00:00","guid":{"rendered":"https:\/\/viaro.org\/unafinestraoberta\/?p=9288"},"modified":"2022-03-29T10:07:29","modified_gmt":"2022-03-29T08:07:29","slug":"espais-daprenentatge","status":"publish","type":"post","link":"https:\/\/viaro.org\/unafinestraoberta\/espais-daprenentatge\/","title":{"rendered":"Espais d'aprenentatge"},"content":{"rendered":"\n<p>El treball a partir d'espais d\u2019aprenentatge o ambients consisteix b\u00e0sicament en una organitzaci\u00f3 on l\u2019infant es converteix en el constructor del seu propi aprenentatge partint del joc, de la investigaci\u00f3 i de les relacions amb els seus companys. Tot aix\u00f2 ho far\u00e0 explorant amb llibertat, segons els seus interessos i motivacions. El paper del mestre \u00e9s secundari, i es basa fonamentalment a organitzar i<a href=\"https:\/\/www.rosasensat.org\/revista\/infancia-224\/els-ambients-daprenentatge-lorganitzacio-del-temps-dels-espais-i-els-materials\/\" target=\"_blank\" data-type=\"URL\" data-id=\"https:\/\/www.rosasensat.org\/revista\/infancia-224\/els-ambients-daprenentatge-lorganitzacio-del-temps-dels-espais-i-els-materials\/\" rel=\"noreferrer noopener\"> afavorir l\u2019aprenentatge del nen.<\/a><\/p>\n\n\n\n<h2 class=\"wp-block-heading\">A <a href=\"https:\/\/viaro.org\/unafinestraoberta\/2017\/10\/espais-daprenentatge-a-p2\/\" target=\"_blank\" rel=\"noreferrer noopener\">Viar\u00f3 Infantil<\/a> treballem a trav\u00e9s de cinc tipus d\u2019espais d\u2019aprenentatge:\u00a0\u00a0<\/h2>\n\n\n\n<ol><li>Espai simb\u00f2lic (aquest espai canvia cada trimestre per tal d\u2019oferir un ventall m\u00e9s ampli als nostres alumnes): restaurant, cuineta, mercat, bugaderia i disfresses.\u00a0<\/li><\/ol>\n\n\n\n<figure class=\"wp-block-gallery has-nested-images columns-default is-cropped wp-block-gallery-1 is-layout-flex wp-block-gallery-is-layout-flex\">\n<figure class=\"wp-block-image size-large\"><img loading=\"lazy\" decoding=\"async\" width=\"768\" height=\"1024\" data-id=\"9291\" src=\"https:\/\/viaro.org\/unafinestraoberta\/wp-content\/uploads\/2022\/03\/IMG_20220216_150937-768x1024.jpg\" alt=\"Espais d'aprenentatge\" class=\"wp-image-9291\" srcset=\"https:\/\/viaro.org\/unafinestraoberta\/wp-content\/uploads\/2022\/03\/IMG_20220216_150937-768x1024.jpg 768w, https:\/\/viaro.org\/unafinestraoberta\/wp-content\/uploads\/2022\/03\/IMG_20220216_150937-225x300.jpg 225w, https:\/\/viaro.org\/unafinestraoberta\/wp-content\/uploads\/2022\/03\/IMG_20220216_150937-1152x1536.jpg 1152w, https:\/\/viaro.org\/unafinestraoberta\/wp-content\/uploads\/2022\/03\/IMG_20220216_150937-1536x2048.jpg 1536w, https:\/\/viaro.org\/unafinestraoberta\/wp-content\/uploads\/2022\/03\/IMG_20220216_150937-scaled.jpg 1920w\" sizes=\"(max-width: 768px) 100vw, 768px\" \/><\/figure>\n\n\n\n<figure class=\"wp-block-image size-large\"><img loading=\"lazy\" decoding=\"async\" width=\"768\" height=\"1024\" data-id=\"9293\" src=\"https:\/\/viaro.org\/unafinestraoberta\/wp-content\/uploads\/2022\/03\/IMG_20220216_151317-768x1024.jpg\" alt=\"Espais d'aprenentatge\" class=\"wp-image-9293\" srcset=\"https:\/\/viaro.org\/unafinestraoberta\/wp-content\/uploads\/2022\/03\/IMG_20220216_151317-768x1024.jpg 768w, https:\/\/viaro.org\/unafinestraoberta\/wp-content\/uploads\/2022\/03\/IMG_20220216_151317-225x300.jpg 225w, https:\/\/viaro.org\/unafinestraoberta\/wp-content\/uploads\/2022\/03\/IMG_20220216_151317-1152x1536.jpg 1152w, https:\/\/viaro.org\/unafinestraoberta\/wp-content\/uploads\/2022\/03\/IMG_20220216_151317-1536x2048.jpg 1536w, https:\/\/viaro.org\/unafinestraoberta\/wp-content\/uploads\/2022\/03\/IMG_20220216_151317-scaled.jpg 1920w\" sizes=\"(max-width: 768px) 100vw, 768px\" \/><\/figure>\n\n\n\n<figure class=\"wp-block-image size-large\"><img loading=\"lazy\" decoding=\"async\" width=\"768\" height=\"1024\" data-id=\"9292\" src=\"https:\/\/viaro.org\/unafinestraoberta\/wp-content\/uploads\/2022\/03\/IMG_20220216_152735-768x1024.jpg\" alt=\"Espais d'aprenentatge\" class=\"wp-image-9292\" srcset=\"https:\/\/viaro.org\/unafinestraoberta\/wp-content\/uploads\/2022\/03\/IMG_20220216_152735-768x1024.jpg 768w, https:\/\/viaro.org\/unafinestraoberta\/wp-content\/uploads\/2022\/03\/IMG_20220216_152735-225x300.jpg 225w, https:\/\/viaro.org\/unafinestraoberta\/wp-content\/uploads\/2022\/03\/IMG_20220216_152735-1152x1536.jpg 1152w, https:\/\/viaro.org\/unafinestraoberta\/wp-content\/uploads\/2022\/03\/IMG_20220216_152735-1536x2048.jpg 1536w, https:\/\/viaro.org\/unafinestraoberta\/wp-content\/uploads\/2022\/03\/IMG_20220216_152735-scaled.jpg 1920w\" sizes=\"(max-width: 768px) 100vw, 768px\" \/><\/figure>\n<\/figure>\n\n\n\n<figure class=\"wp-block-gallery has-nested-images columns-default is-cropped wp-block-gallery-2 is-layout-flex wp-block-gallery-is-layout-flex\">\n<figure class=\"wp-block-image size-large\"><img loading=\"lazy\" decoding=\"async\" width=\"768\" height=\"1024\" data-id=\"9306\" src=\"https:\/\/viaro.org\/unafinestraoberta\/wp-content\/uploads\/2022\/03\/IMG_20220202_101254-768x1024.jpg\" alt=\"\" class=\"wp-image-9306\" srcset=\"https:\/\/viaro.org\/unafinestraoberta\/wp-content\/uploads\/2022\/03\/IMG_20220202_101254-768x1024.jpg 768w, https:\/\/viaro.org\/unafinestraoberta\/wp-content\/uploads\/2022\/03\/IMG_20220202_101254-225x300.jpg 225w, https:\/\/viaro.org\/unafinestraoberta\/wp-content\/uploads\/2022\/03\/IMG_20220202_101254-1152x1536.jpg 1152w, https:\/\/viaro.org\/unafinestraoberta\/wp-content\/uploads\/2022\/03\/IMG_20220202_101254-1536x2048.jpg 1536w, https:\/\/viaro.org\/unafinestraoberta\/wp-content\/uploads\/2022\/03\/IMG_20220202_101254-scaled.jpg 1920w\" sizes=\"(max-width: 768px) 100vw, 768px\" \/><\/figure>\n\n\n\n<figure class=\"wp-block-image size-large\"><img loading=\"lazy\" decoding=\"async\" width=\"768\" height=\"1024\" data-id=\"9307\" src=\"https:\/\/viaro.org\/unafinestraoberta\/wp-content\/uploads\/2022\/03\/IMG_20220217_152425-768x1024.jpg\" alt=\"\" class=\"wp-image-9307\" srcset=\"https:\/\/viaro.org\/unafinestraoberta\/wp-content\/uploads\/2022\/03\/IMG_20220217_152425-768x1024.jpg 768w, https:\/\/viaro.org\/unafinestraoberta\/wp-content\/uploads\/2022\/03\/IMG_20220217_152425-225x300.jpg 225w, https:\/\/viaro.org\/unafinestraoberta\/wp-content\/uploads\/2022\/03\/IMG_20220217_152425-1152x1536.jpg 1152w, https:\/\/viaro.org\/unafinestraoberta\/wp-content\/uploads\/2022\/03\/IMG_20220217_152425-1536x2048.jpg 1536w, https:\/\/viaro.org\/unafinestraoberta\/wp-content\/uploads\/2022\/03\/IMG_20220217_152425-scaled.jpg 1920w\" sizes=\"(max-width: 768px) 100vw, 768px\" \/><\/figure>\n<\/figure>\n\n\n\n<p>2. Espai gr\u00e0fic: oferim als infants tota mena de materials per convidar-los a l\u2019expressi\u00f3.<\/p>\n\n\n\n<figure class=\"wp-block-gallery has-nested-images columns-default is-cropped wp-block-gallery-3 is-layout-flex wp-block-gallery-is-layout-flex\">\n<figure class=\"wp-block-image size-large\"><img loading=\"lazy\" decoding=\"async\" width=\"768\" height=\"1024\" data-id=\"9294\" src=\"https:\/\/viaro.org\/unafinestraoberta\/wp-content\/uploads\/2022\/03\/IMG_20220113_152525-768x1024.jpg\" alt=\"Espais d'aprenentatge\" class=\"wp-image-9294\" srcset=\"https:\/\/viaro.org\/unafinestraoberta\/wp-content\/uploads\/2022\/03\/IMG_20220113_152525-768x1024.jpg 768w, https:\/\/viaro.org\/unafinestraoberta\/wp-content\/uploads\/2022\/03\/IMG_20220113_152525-225x300.jpg 225w, https:\/\/viaro.org\/unafinestraoberta\/wp-content\/uploads\/2022\/03\/IMG_20220113_152525-1152x1536.jpg 1152w, https:\/\/viaro.org\/unafinestraoberta\/wp-content\/uploads\/2022\/03\/IMG_20220113_152525-1536x2048.jpg 1536w, https:\/\/viaro.org\/unafinestraoberta\/wp-content\/uploads\/2022\/03\/IMG_20220113_152525-scaled.jpg 1920w\" sizes=\"(max-width: 768px) 100vw, 768px\" \/><\/figure>\n\n\n\n<figure class=\"wp-block-image size-large\"><img loading=\"lazy\" decoding=\"async\" width=\"768\" height=\"1024\" data-id=\"9295\" src=\"https:\/\/viaro.org\/unafinestraoberta\/wp-content\/uploads\/2022\/03\/IMG_20220301_151456-768x1024.jpg\" alt=\"Espais d'aprenentatge\" class=\"wp-image-9295\" srcset=\"https:\/\/viaro.org\/unafinestraoberta\/wp-content\/uploads\/2022\/03\/IMG_20220301_151456-768x1024.jpg 768w, https:\/\/viaro.org\/unafinestraoberta\/wp-content\/uploads\/2022\/03\/IMG_20220301_151456-225x300.jpg 225w, https:\/\/viaro.org\/unafinestraoberta\/wp-content\/uploads\/2022\/03\/IMG_20220301_151456-1152x1536.jpg 1152w, https:\/\/viaro.org\/unafinestraoberta\/wp-content\/uploads\/2022\/03\/IMG_20220301_151456-1536x2048.jpg 1536w, https:\/\/viaro.org\/unafinestraoberta\/wp-content\/uploads\/2022\/03\/IMG_20220301_151456-scaled.jpg 1920w\" sizes=\"(max-width: 768px) 100vw, 768px\" \/><\/figure>\n<\/figure>\n\n\n\n<p>3. Espai sensorial: brindem als infants experi\u00e8ncies sensorials completes on es pot cultivar l\u2019olfacte, la vista, l\u2019o\u00efda, el gust i el tacte.\u00a0<\/p>\n\n\n\n<figure class=\"wp-block-gallery has-nested-images columns-default is-cropped wp-block-gallery-4 is-layout-flex wp-block-gallery-is-layout-flex\">\n<figure class=\"wp-block-image size-large\"><img loading=\"lazy\" decoding=\"async\" width=\"768\" height=\"1024\" data-id=\"9296\" src=\"https:\/\/viaro.org\/unafinestraoberta\/wp-content\/uploads\/2022\/03\/IMG_20211209_105026-768x1024.jpg\" alt=\"Espais d'aprenentatge\" class=\"wp-image-9296\" srcset=\"https:\/\/viaro.org\/unafinestraoberta\/wp-content\/uploads\/2022\/03\/IMG_20211209_105026-768x1024.jpg 768w, https:\/\/viaro.org\/unafinestraoberta\/wp-content\/uploads\/2022\/03\/IMG_20211209_105026-225x300.jpg 225w, https:\/\/viaro.org\/unafinestraoberta\/wp-content\/uploads\/2022\/03\/IMG_20211209_105026-1152x1536.jpg 1152w, https:\/\/viaro.org\/unafinestraoberta\/wp-content\/uploads\/2022\/03\/IMG_20211209_105026-1536x2048.jpg 1536w, https:\/\/viaro.org\/unafinestraoberta\/wp-content\/uploads\/2022\/03\/IMG_20211209_105026-scaled.jpg 1920w\" sizes=\"(max-width: 768px) 100vw, 768px\" \/><\/figure>\n\n\n\n<figure class=\"wp-block-image size-large\"><img loading=\"lazy\" decoding=\"async\" width=\"768\" height=\"1024\" data-id=\"9297\" src=\"https:\/\/viaro.org\/unafinestraoberta\/wp-content\/uploads\/2022\/03\/IMG_20211209_105109_1-768x1024.jpg\" alt=\"Espais d'aprenentatge\" class=\"wp-image-9297\" srcset=\"https:\/\/viaro.org\/unafinestraoberta\/wp-content\/uploads\/2022\/03\/IMG_20211209_105109_1-768x1024.jpg 768w, https:\/\/viaro.org\/unafinestraoberta\/wp-content\/uploads\/2022\/03\/IMG_20211209_105109_1-225x300.jpg 225w, https:\/\/viaro.org\/unafinestraoberta\/wp-content\/uploads\/2022\/03\/IMG_20211209_105109_1-1152x1536.jpg 1152w, https:\/\/viaro.org\/unafinestraoberta\/wp-content\/uploads\/2022\/03\/IMG_20211209_105109_1-1536x2048.jpg 1536w, https:\/\/viaro.org\/unafinestraoberta\/wp-content\/uploads\/2022\/03\/IMG_20211209_105109_1-scaled.jpg 1920w\" sizes=\"(max-width: 768px) 100vw, 768px\" \/><\/figure>\n\n\n\n<figure class=\"wp-block-image size-large\"><img loading=\"lazy\" decoding=\"async\" width=\"768\" height=\"1024\" data-id=\"9298\" src=\"https:\/\/viaro.org\/unafinestraoberta\/wp-content\/uploads\/2022\/03\/IMG_20220222_151318-768x1024.jpg\" alt=\"Espais d'aprenentatge\" class=\"wp-image-9298\" srcset=\"https:\/\/viaro.org\/unafinestraoberta\/wp-content\/uploads\/2022\/03\/IMG_20220222_151318-768x1024.jpg 768w, https:\/\/viaro.org\/unafinestraoberta\/wp-content\/uploads\/2022\/03\/IMG_20220222_151318-225x300.jpg 225w, https:\/\/viaro.org\/unafinestraoberta\/wp-content\/uploads\/2022\/03\/IMG_20220222_151318-1152x1536.jpg 1152w, https:\/\/viaro.org\/unafinestraoberta\/wp-content\/uploads\/2022\/03\/IMG_20220222_151318-1536x2048.jpg 1536w, https:\/\/viaro.org\/unafinestraoberta\/wp-content\/uploads\/2022\/03\/IMG_20220222_151318-scaled.jpg 1920w\" sizes=\"(max-width: 768px) 100vw, 768px\" \/><\/figure>\n<\/figure>\n\n\n\n<figure class=\"wp-block-gallery has-nested-images columns-default is-cropped wp-block-gallery-5 is-layout-flex wp-block-gallery-is-layout-flex\">\n<figure class=\"wp-block-image size-large\"><img loading=\"lazy\" decoding=\"async\" width=\"1024\" height=\"768\" data-id=\"9305\" src=\"https:\/\/viaro.org\/unafinestraoberta\/wp-content\/uploads\/2022\/03\/IMG_20220203_151014-1024x768.jpg\" alt=\"\" class=\"wp-image-9305\" srcset=\"https:\/\/viaro.org\/unafinestraoberta\/wp-content\/uploads\/2022\/03\/IMG_20220203_151014-1024x768.jpg 1024w, https:\/\/viaro.org\/unafinestraoberta\/wp-content\/uploads\/2022\/03\/IMG_20220203_151014-300x225.jpg 300w, https:\/\/viaro.org\/unafinestraoberta\/wp-content\/uploads\/2022\/03\/IMG_20220203_151014-768x576.jpg 768w, https:\/\/viaro.org\/unafinestraoberta\/wp-content\/uploads\/2022\/03\/IMG_20220203_151014-1536x1152.jpg 1536w, https:\/\/viaro.org\/unafinestraoberta\/wp-content\/uploads\/2022\/03\/IMG_20220203_151014-2048x1536.jpg 2048w, https:\/\/viaro.org\/unafinestraoberta\/wp-content\/uploads\/2022\/03\/IMG_20220203_151014-scaled.jpg 2560w\" sizes=\"(max-width: 1024px) 100vw, 1024px\" \/><\/figure>\n<\/figure>\n\n\n\n<p>4. Espai de construcci\u00f3: donem diferents eines als infants per tal d\u2019anar construint un pensament l\u00f2gic.<\/p>\n\n\n\n<figure class=\"wp-block-gallery has-nested-images columns-default is-cropped wp-block-gallery-6 is-layout-flex wp-block-gallery-is-layout-flex\">\n<figure class=\"wp-block-image size-large\"><img loading=\"lazy\" decoding=\"async\" width=\"768\" height=\"1024\" data-id=\"9300\" src=\"https:\/\/viaro.org\/unafinestraoberta\/wp-content\/uploads\/2022\/03\/IMG_20220127_151047-768x1024.jpg\" alt=\"Espais d'aprenentatge\" class=\"wp-image-9300\" srcset=\"https:\/\/viaro.org\/unafinestraoberta\/wp-content\/uploads\/2022\/03\/IMG_20220127_151047-768x1024.jpg 768w, https:\/\/viaro.org\/unafinestraoberta\/wp-content\/uploads\/2022\/03\/IMG_20220127_151047-225x300.jpg 225w, https:\/\/viaro.org\/unafinestraoberta\/wp-content\/uploads\/2022\/03\/IMG_20220127_151047-1152x1536.jpg 1152w, https:\/\/viaro.org\/unafinestraoberta\/wp-content\/uploads\/2022\/03\/IMG_20220127_151047-1536x2048.jpg 1536w, https:\/\/viaro.org\/unafinestraoberta\/wp-content\/uploads\/2022\/03\/IMG_20220127_151047-scaled.jpg 1920w\" sizes=\"(max-width: 768px) 100vw, 768px\" \/><\/figure>\n\n\n\n<figure class=\"wp-block-image size-large\"><img loading=\"lazy\" decoding=\"async\" width=\"768\" height=\"1024\" data-id=\"9301\" src=\"https:\/\/viaro.org\/unafinestraoberta\/wp-content\/uploads\/2022\/03\/IMG_20220216_151058-768x1024.jpg\" alt=\"Espais d'aprenentatge\" class=\"wp-image-9301\" srcset=\"https:\/\/viaro.org\/unafinestraoberta\/wp-content\/uploads\/2022\/03\/IMG_20220216_151058-768x1024.jpg 768w, https:\/\/viaro.org\/unafinestraoberta\/wp-content\/uploads\/2022\/03\/IMG_20220216_151058-225x300.jpg 225w, https:\/\/viaro.org\/unafinestraoberta\/wp-content\/uploads\/2022\/03\/IMG_20220216_151058-1152x1536.jpg 1152w, https:\/\/viaro.org\/unafinestraoberta\/wp-content\/uploads\/2022\/03\/IMG_20220216_151058-1536x2048.jpg 1536w, https:\/\/viaro.org\/unafinestraoberta\/wp-content\/uploads\/2022\/03\/IMG_20220216_151058-scaled.jpg 1920w\" sizes=\"(max-width: 768px) 100vw, 768px\" \/><\/figure>\n\n\n\n<figure class=\"wp-block-image size-large\"><img loading=\"lazy\" decoding=\"async\" width=\"768\" height=\"1024\" data-id=\"9299\" src=\"https:\/\/viaro.org\/unafinestraoberta\/wp-content\/uploads\/2022\/03\/IMG_20220222_152947-768x1024.jpg\" alt=\"Espais d'aprenentatge\" class=\"wp-image-9299\" srcset=\"https:\/\/viaro.org\/unafinestraoberta\/wp-content\/uploads\/2022\/03\/IMG_20220222_152947-768x1024.jpg 768w, https:\/\/viaro.org\/unafinestraoberta\/wp-content\/uploads\/2022\/03\/IMG_20220222_152947-225x300.jpg 225w, https:\/\/viaro.org\/unafinestraoberta\/wp-content\/uploads\/2022\/03\/IMG_20220222_152947-1152x1536.jpg 1152w, https:\/\/viaro.org\/unafinestraoberta\/wp-content\/uploads\/2022\/03\/IMG_20220222_152947-1536x2048.jpg 1536w, https:\/\/viaro.org\/unafinestraoberta\/wp-content\/uploads\/2022\/03\/IMG_20220222_152947-scaled.jpg 1920w\" sizes=\"(max-width: 768px) 100vw, 768px\" \/><\/figure>\n<\/figure>\n\n\n\n<p>5. Espai ling\u00fc\u00edstic: per despertar la parla.<\/p>\n\n\n\n<figure class=\"wp-block-gallery has-nested-images columns-default is-cropped wp-block-gallery-7 is-layout-flex wp-block-gallery-is-layout-flex\">\n<figure class=\"wp-block-image size-large\"><img loading=\"lazy\" decoding=\"async\" width=\"768\" height=\"1024\" data-id=\"9302\" src=\"https:\/\/viaro.org\/unafinestraoberta\/wp-content\/uploads\/2022\/03\/IMG_20220216_150724-768x1024.jpg\" alt=\"Espais d'aprenentatge\" class=\"wp-image-9302\" srcset=\"https:\/\/viaro.org\/unafinestraoberta\/wp-content\/uploads\/2022\/03\/IMG_20220216_150724-768x1024.jpg 768w, https:\/\/viaro.org\/unafinestraoberta\/wp-content\/uploads\/2022\/03\/IMG_20220216_150724-225x300.jpg 225w, https:\/\/viaro.org\/unafinestraoberta\/wp-content\/uploads\/2022\/03\/IMG_20220216_150724-1152x1536.jpg 1152w, https:\/\/viaro.org\/unafinestraoberta\/wp-content\/uploads\/2022\/03\/IMG_20220216_150724-1536x2048.jpg 1536w, https:\/\/viaro.org\/unafinestraoberta\/wp-content\/uploads\/2022\/03\/IMG_20220216_150724-scaled.jpg 1920w\" sizes=\"(max-width: 768px) 100vw, 768px\" \/><\/figure>\n\n\n\n<figure class=\"wp-block-image size-large\"><img loading=\"lazy\" decoding=\"async\" width=\"768\" height=\"1024\" data-id=\"9303\" src=\"https:\/\/viaro.org\/unafinestraoberta\/wp-content\/uploads\/2022\/03\/IMG_20220216_153540-768x1024.jpg\" alt=\"Espais d'aprenentatge\" class=\"wp-image-9303\" srcset=\"https:\/\/viaro.org\/unafinestraoberta\/wp-content\/uploads\/2022\/03\/IMG_20220216_153540-768x1024.jpg 768w, https:\/\/viaro.org\/unafinestraoberta\/wp-content\/uploads\/2022\/03\/IMG_20220216_153540-225x300.jpg 225w, https:\/\/viaro.org\/unafinestraoberta\/wp-content\/uploads\/2022\/03\/IMG_20220216_153540-1152x1536.jpg 1152w, https:\/\/viaro.org\/unafinestraoberta\/wp-content\/uploads\/2022\/03\/IMG_20220216_153540-1536x2048.jpg 1536w, https:\/\/viaro.org\/unafinestraoberta\/wp-content\/uploads\/2022\/03\/IMG_20220216_153540-scaled.jpg 1920w\" sizes=\"(max-width: 768px) 100vw, 768px\" \/><\/figure>\n\n\n\n<figure class=\"wp-block-image size-large\"><img loading=\"lazy\" decoding=\"async\" width=\"1024\" height=\"768\" data-id=\"9304\" src=\"https:\/\/viaro.org\/unafinestraoberta\/wp-content\/uploads\/2022\/03\/IMG_20220217_151038-1024x768.jpg\" alt=\"Espais d'aprenentatge\" class=\"wp-image-9304\" srcset=\"https:\/\/viaro.org\/unafinestraoberta\/wp-content\/uploads\/2022\/03\/IMG_20220217_151038-1024x768.jpg 1024w, https:\/\/viaro.org\/unafinestraoberta\/wp-content\/uploads\/2022\/03\/IMG_20220217_151038-300x225.jpg 300w, https:\/\/viaro.org\/unafinestraoberta\/wp-content\/uploads\/2022\/03\/IMG_20220217_151038-768x576.jpg 768w, https:\/\/viaro.org\/unafinestraoberta\/wp-content\/uploads\/2022\/03\/IMG_20220217_151038-1536x1152.jpg 1536w, https:\/\/viaro.org\/unafinestraoberta\/wp-content\/uploads\/2022\/03\/IMG_20220217_151038-2048x1536.jpg 2048w, https:\/\/viaro.org\/unafinestraoberta\/wp-content\/uploads\/2022\/03\/IMG_20220217_151038-scaled.jpg 2560w\" sizes=\"(max-width: 1024px) 100vw, 1024px\" \/><\/figure>\n<\/figure>\n\n\n\n<h2 class=\"wp-block-heading\"><a href=\"https:\/\/labaula.org\/ambients-daprenentatge-en-leducacio-infantil-i\/\" target=\"_blank\" rel=\"noreferrer noopener\">Beneficis dels espais d\u2019aprenentatge<\/a>:\u00a0<\/h2>\n\n\n\n<ol><li>Potenciem l\u2019autonomia de l\u2019infant.<\/li><li>Permet al nen prendre les seves pr\u00f2pies decisions.&nbsp;<\/li><li>Permet treballar la socialitzaci\u00f3 i la resoluci\u00f3 de conflictes.&nbsp;<\/li><li>Permet la inclusi\u00f3 de nens d\u2019edats diferents i\/o moments evolutius diversos.&nbsp;<\/li><\/ol>\n\n\n\n<p class=\"has-text-align-right\">Anna Santur\u00e9<\/p>\n\n\n\n<p class=\"has-text-align-right\">Tutora aula mixta (P1-P2)<\/p>\n","protected":false},"excerpt":{"rendered":"<p>El treball a partir d'espais d\u2019aprenentatge consisteix en una organitzaci\u00f3 on l\u2019infant es converteix en el constructor del seu propi aprenentatge partint del joc, de la investigaci\u00f3 i de les relacions amb els seus companys. Tot aix\u00f2 ho far\u00e0 explorant amb llibertat, segons els seus interessos i motivacions. <\/p>\n","protected":false},"author":2,"featured_media":9300,"comment_status":"open","ping_status":"closed","sticky":false,"template":"","format":"standard","meta":{"_acf_changed":false,"footnotes":""},"categories":[11],"tags":[353,95,141,162,163],"acf":[],"jetpack_featured_media_url":"https:\/\/viaro.org\/unafinestraoberta\/wp-content\/uploads\/2022\/03\/IMG_20220127_151047-scaled.jpg","_links":{"self":[{"href":"https:\/\/viaro.org\/unafinestraoberta\/wp-json\/wp\/v2\/posts\/9288"}],"collection":[{"href":"https:\/\/viaro.org\/unafinestraoberta\/wp-json\/wp\/v2\/posts"}],"about":[{"href":"https:\/\/viaro.org\/unafinestraoberta\/wp-json\/wp\/v2\/types\/post"}],"author":[{"embeddable":true,"href":"https:\/\/viaro.org\/unafinestraoberta\/wp-json\/wp\/v2\/users\/2"}],"replies":[{"embeddable":true,"href":"https:\/\/viaro.org\/unafinestraoberta\/wp-json\/wp\/v2\/comments?post=9288"}],"version-history":[{"count":6,"href":"https:\/\/viaro.org\/unafinestraoberta\/wp-json\/wp\/v2\/posts\/9288\/revisions"}],"predecessor-version":[{"id":9311,"href":"https:\/\/viaro.org\/unafinestraoberta\/wp-json\/wp\/v2\/posts\/9288\/revisions\/9311"}],"wp:featuredmedia":[{"embeddable":true,"href":"https:\/\/viaro.org\/unafinestraoberta\/wp-json\/wp\/v2\/media\/9300"}],"wp:attachment":[{"href":"https:\/\/viaro.org\/unafinestraoberta\/wp-json\/wp\/v2\/media?parent=9288"}],"wp:term":[{"taxonomy":"category","embeddable":true,"href":"https:\/\/viaro.org\/unafinestraoberta\/wp-json\/wp\/v2\/categories?post=9288"},{"taxonomy":"post_tag","embeddable":true,"href":"https:\/\/viaro.org\/unafinestraoberta\/wp-json\/wp\/v2\/tags?post=9288"}],"curies":[{"name":"wp","href":"https:\/\/api.w.org\/{rel}","templated":true}]}}