{"id":9553,"date":"2022-05-26T11:42:43","date_gmt":"2022-05-26T09:42:43","guid":{"rendered":"https:\/\/viaro.org\/unafinestraoberta\/?p=9553"},"modified":"2022-05-26T11:42:45","modified_gmt":"2022-05-26T09:42:45","slug":"families-i-escola-moments-magics","status":"publish","type":"post","link":"https:\/\/viaro.org\/unafinestraoberta\/families-i-escola-moments-magics\/","title":{"rendered":"Fam\u00edlies i escola: moments m\u00e0gics"},"content":{"rendered":"\n<p><a href=\"https:\/\/viaro.org\/\" target=\"_blank\" rel=\"noreferrer noopener\">L'escola<\/a> \u00e9s un punt de trobada i d'interacci\u00f3 di\u00e0ria entre fam\u00edlies, mestres i infants. La relaci\u00f3 que es forja entre fam\u00edlies i escola \u00e9s de vital import\u00e0ncia i t\u00e9 una repercussi\u00f3 directa en el desenvolupament de l'infant.<br><br>Els infants per a poder satisfer les seves necessitats, necessiten amor, afecte, estima, integraci\u00f3 en un grup, possibilitat d'explorar i d'interactuar en l'entorn que els envolta, per aquest motiu a Viar\u00f3 Infantil Global School\u00a0 donem molta import\u00e0ncia a crear aquests vincles per oferir un suport emocional ferm als infants, ajuntant-los a sentir-se confiats i segurs per fer els passos necessaris en la descoberta del m\u00f3n que els envolta. Si veuen que els seus dos \u00e0mbits de relaci\u00f3, <a href=\"https:\/\/sede.educacion.gob.es\/publiventa\/las-relaciones-entre-familia-y-escuela-una-vision-general\/educacion-politica-educativa\/20765\" target=\"_blank\" rel=\"noreferrer noopener\">les seves persones de refer\u00e8ncia comparteixen un clima de confian\u00e7a<\/a> els estem nodrint de sentiments positius oferint-los una base per a una vida afectiva i emocional sana i equilibrada.<br><br>A Viar\u00f3 Global School ens agrada <a href=\"https:\/\/viaro.org\/unafinestraoberta\/liderar-con-exito-mi-familia\/\" target=\"_blank\" rel=\"noreferrer noopener\">trobar moments on les fam\u00edlies puguin participar i compartir experi\u00e8ncies i viv\u00e8ncies amb els seus fills a l'escola<\/a>, creiem que \u00e9s la forma m\u00e9s bonica d'implicaci\u00f3 en el seu aprenentatge i educaci\u00f3.<\/p>\n\n\n\n<h2 class=\"wp-block-heading\">Fam\u00edlies i escola: moments m\u00e0gics<\/h2>\n\n\n\n<figure class=\"wp-block-gallery has-nested-images columns-default is-cropped wp-block-gallery-1 is-layout-flex wp-block-gallery-is-layout-flex\">\n<figure class=\"wp-block-image size-large\"><img loading=\"lazy\" decoding=\"async\" width=\"1024\" height=\"768\" data-id=\"9557\" src=\"https:\/\/viaro.org\/unafinestraoberta\/wp-content\/uploads\/2022\/05\/IMG_5827-1024x768.jpg\" alt=\"fam\u00edlies i escola\" class=\"wp-image-9557\" srcset=\"https:\/\/viaro.org\/unafinestraoberta\/wp-content\/uploads\/2022\/05\/IMG_5827-1024x768.jpg 1024w, https:\/\/viaro.org\/unafinestraoberta\/wp-content\/uploads\/2022\/05\/IMG_5827-300x225.jpg 300w, https:\/\/viaro.org\/unafinestraoberta\/wp-content\/uploads\/2022\/05\/IMG_5827-768x576.jpg 768w, https:\/\/viaro.org\/unafinestraoberta\/wp-content\/uploads\/2022\/05\/IMG_5827-1536x1152.jpg 1536w, https:\/\/viaro.org\/unafinestraoberta\/wp-content\/uploads\/2022\/05\/IMG_5827-2048x1536.jpg 2048w, https:\/\/viaro.org\/unafinestraoberta\/wp-content\/uploads\/2022\/05\/IMG_5827-scaled.jpg 2560w\" sizes=\"(max-width: 1024px) 100vw, 1024px\" \/><\/figure>\n\n\n\n<figure class=\"wp-block-image size-large\"><img loading=\"lazy\" decoding=\"async\" width=\"1024\" height=\"768\" data-id=\"9556\" src=\"https:\/\/viaro.org\/unafinestraoberta\/wp-content\/uploads\/2022\/05\/IMG_5830-1024x768.jpg\" alt=\"fam\u00edlies i escola\" class=\"wp-image-9556\" srcset=\"https:\/\/viaro.org\/unafinestraoberta\/wp-content\/uploads\/2022\/05\/IMG_5830-1024x768.jpg 1024w, https:\/\/viaro.org\/unafinestraoberta\/wp-content\/uploads\/2022\/05\/IMG_5830-300x225.jpg 300w, https:\/\/viaro.org\/unafinestraoberta\/wp-content\/uploads\/2022\/05\/IMG_5830-768x576.jpg 768w, https:\/\/viaro.org\/unafinestraoberta\/wp-content\/uploads\/2022\/05\/IMG_5830-1536x1152.jpg 1536w, https:\/\/viaro.org\/unafinestraoberta\/wp-content\/uploads\/2022\/05\/IMG_5830-2048x1536.jpg 2048w, https:\/\/viaro.org\/unafinestraoberta\/wp-content\/uploads\/2022\/05\/IMG_5830-scaled.jpg 2560w\" sizes=\"(max-width: 1024px) 100vw, 1024px\" \/><\/figure>\n<\/figure>\n\n\n\n<figure class=\"wp-block-gallery has-nested-images columns-default is-cropped wp-block-gallery-2 is-layout-flex wp-block-gallery-is-layout-flex\">\n<figure class=\"wp-block-image size-large\"><img loading=\"lazy\" decoding=\"async\" width=\"1024\" height=\"768\" data-id=\"9559\" src=\"https:\/\/viaro.org\/unafinestraoberta\/wp-content\/uploads\/2022\/05\/IMG_6847-1024x768.jpg\" alt=\"fam\u00edlies i escola\" class=\"wp-image-9559\" srcset=\"https:\/\/viaro.org\/unafinestraoberta\/wp-content\/uploads\/2022\/05\/IMG_6847-1024x768.jpg 1024w, https:\/\/viaro.org\/unafinestraoberta\/wp-content\/uploads\/2022\/05\/IMG_6847-300x225.jpg 300w, https:\/\/viaro.org\/unafinestraoberta\/wp-content\/uploads\/2022\/05\/IMG_6847-768x576.jpg 768w, https:\/\/viaro.org\/unafinestraoberta\/wp-content\/uploads\/2022\/05\/IMG_6847-1536x1152.jpg 1536w, https:\/\/viaro.org\/unafinestraoberta\/wp-content\/uploads\/2022\/05\/IMG_6847-2048x1536.jpg 2048w, https:\/\/viaro.org\/unafinestraoberta\/wp-content\/uploads\/2022\/05\/IMG_6847-scaled.jpg 2560w\" sizes=\"(max-width: 1024px) 100vw, 1024px\" \/><\/figure>\n\n\n\n<figure class=\"wp-block-image size-large\"><img loading=\"lazy\" decoding=\"async\" width=\"1024\" height=\"768\" data-id=\"9558\" src=\"https:\/\/viaro.org\/unafinestraoberta\/wp-content\/uploads\/2022\/05\/IMG_6851-1024x768.jpg\" alt=\"fam\u00edlies i escola\" class=\"wp-image-9558\" srcset=\"https:\/\/viaro.org\/unafinestraoberta\/wp-content\/uploads\/2022\/05\/IMG_6851-1024x768.jpg 1024w, https:\/\/viaro.org\/unafinestraoberta\/wp-content\/uploads\/2022\/05\/IMG_6851-300x225.jpg 300w, https:\/\/viaro.org\/unafinestraoberta\/wp-content\/uploads\/2022\/05\/IMG_6851-768x576.jpg 768w, https:\/\/viaro.org\/unafinestraoberta\/wp-content\/uploads\/2022\/05\/IMG_6851-1536x1152.jpg 1536w, https:\/\/viaro.org\/unafinestraoberta\/wp-content\/uploads\/2022\/05\/IMG_6851-2048x1536.jpg 2048w, https:\/\/viaro.org\/unafinestraoberta\/wp-content\/uploads\/2022\/05\/IMG_6851-scaled.jpg 2560w\" sizes=\"(max-width: 1024px) 100vw, 1024px\" \/><\/figure>\n<\/figure>\n\n\n\n<figure class=\"wp-block-gallery has-nested-images columns-default is-cropped wp-block-gallery-3 is-layout-flex wp-block-gallery-is-layout-flex\">\n<figure class=\"wp-block-image size-large\"><img loading=\"lazy\" decoding=\"async\" width=\"1024\" height=\"768\" data-id=\"9560\" src=\"https:\/\/viaro.org\/unafinestraoberta\/wp-content\/uploads\/2022\/05\/familia-i-escola-1024x768.jpeg\" alt=\"fam\u00edlies i escola\" class=\"wp-image-9560\" srcset=\"https:\/\/viaro.org\/unafinestraoberta\/wp-content\/uploads\/2022\/05\/familia-i-escola-1024x768.jpeg 1024w, https:\/\/viaro.org\/unafinestraoberta\/wp-content\/uploads\/2022\/05\/familia-i-escola-300x225.jpeg 300w, https:\/\/viaro.org\/unafinestraoberta\/wp-content\/uploads\/2022\/05\/familia-i-escola-768x576.jpeg 768w, https:\/\/viaro.org\/unafinestraoberta\/wp-content\/uploads\/2022\/05\/familia-i-escola-1536x1152.jpeg 1536w, https:\/\/viaro.org\/unafinestraoberta\/wp-content\/uploads\/2022\/05\/familia-i-escola.jpeg 2048w\" sizes=\"(max-width: 1024px) 100vw, 1024px\" \/><\/figure>\n\n\n\n<figure class=\"wp-block-image size-large\"><img loading=\"lazy\" decoding=\"async\" width=\"1024\" height=\"768\" data-id=\"9561\" src=\"https:\/\/viaro.org\/unafinestraoberta\/wp-content\/uploads\/2022\/05\/familia-i-escola2-1024x768.jpeg\" alt=\"fam\u00edlies i escola\" class=\"wp-image-9561\" srcset=\"https:\/\/viaro.org\/unafinestraoberta\/wp-content\/uploads\/2022\/05\/familia-i-escola2-1024x768.jpeg 1024w, https:\/\/viaro.org\/unafinestraoberta\/wp-content\/uploads\/2022\/05\/familia-i-escola2-300x225.jpeg 300w, https:\/\/viaro.org\/unafinestraoberta\/wp-content\/uploads\/2022\/05\/familia-i-escola2-768x576.jpeg 768w, https:\/\/viaro.org\/unafinestraoberta\/wp-content\/uploads\/2022\/05\/familia-i-escola2-1536x1152.jpeg 1536w, https:\/\/viaro.org\/unafinestraoberta\/wp-content\/uploads\/2022\/05\/familia-i-escola2.jpeg 2048w\" sizes=\"(max-width: 1024px) 100vw, 1024px\" \/><\/figure>\n<\/figure>\n\n\n\n<p><br>La cara de felicitat dels infants quan veuen que els seus pares entren a la seva aula per a dur a terme una activitat, amb ells i els seus companys, ja sigui llegir un compte, representar una obra de teatre, cantar can\u00e7ons o fer-los c\u00f2mplices dels seus oficis, s\u00f3n moments que ben segur quedaran gravats en les seves mem\u00f2ries. Aix\u00ed que de tot cor, us animo <a href=\"https:\/\/viaro.org\/unafinestraoberta\/una-receta-para-educar-cuidar-el-matrimonio\/\" target=\"_blank\" rel=\"noreferrer noopener\">a tots els pares i mares<\/a> a formar part d'aquests moments m\u00e0gics!<\/p>\n\n\n\n<p class=\"has-text-align-right\">Aida Gustems&nbsp;<\/p>\n\n\n\n<p class=\"has-text-align-right\">Auxiliar P2<\/p>\n","protected":false},"excerpt":{"rendered":"<p>L'escola \u00e9s un punt de trobada i d'interacci\u00f3 di\u00e0ria entre fam\u00edlies, mestres i infants. La relaci\u00f3 que es forja entre fam\u00edlies i escola \u00e9s de vital import\u00e0ncia i t\u00e9 una repercussi\u00f3 directa en el desenvolupament de l'infant.<\/p>\n","protected":false},"author":2,"featured_media":9560,"comment_status":"open","ping_status":"closed","sticky":false,"template":"","format":"standard","meta":{"_acf_changed":false,"footnotes":""},"categories":[11],"tags":[106,108],"acf":[],"jetpack_featured_media_url":"https:\/\/viaro.org\/unafinestraoberta\/wp-content\/uploads\/2022\/05\/familia-i-escola.jpeg","_links":{"self":[{"href":"https:\/\/viaro.org\/unafinestraoberta\/wp-json\/wp\/v2\/posts\/9553"}],"collection":[{"href":"https:\/\/viaro.org\/unafinestraoberta\/wp-json\/wp\/v2\/posts"}],"about":[{"href":"https:\/\/viaro.org\/unafinestraoberta\/wp-json\/wp\/v2\/types\/post"}],"author":[{"embeddable":true,"href":"https:\/\/viaro.org\/unafinestraoberta\/wp-json\/wp\/v2\/users\/2"}],"replies":[{"embeddable":true,"href":"https:\/\/viaro.org\/unafinestraoberta\/wp-json\/wp\/v2\/comments?post=9553"}],"version-history":[{"count":9,"href":"https:\/\/viaro.org\/unafinestraoberta\/wp-json\/wp\/v2\/posts\/9553\/revisions"}],"predecessor-version":[{"id":9568,"href":"https:\/\/viaro.org\/unafinestraoberta\/wp-json\/wp\/v2\/posts\/9553\/revisions\/9568"}],"wp:featuredmedia":[{"embeddable":true,"href":"https:\/\/viaro.org\/unafinestraoberta\/wp-json\/wp\/v2\/media\/9560"}],"wp:attachment":[{"href":"https:\/\/viaro.org\/unafinestraoberta\/wp-json\/wp\/v2\/media?parent=9553"}],"wp:term":[{"taxonomy":"category","embeddable":true,"href":"https:\/\/viaro.org\/unafinestraoberta\/wp-json\/wp\/v2\/categories?post=9553"},{"taxonomy":"post_tag","embeddable":true,"href":"https:\/\/viaro.org\/unafinestraoberta\/wp-json\/wp\/v2\/tags?post=9553"}],"curies":[{"name":"wp","href":"https:\/\/api.w.org\/{rel}","templated":true}]}}