{"id":9797,"date":"2022-11-03T15:34:11","date_gmt":"2022-11-03T14:34:11","guid":{"rendered":"https:\/\/viaro.org\/unafinestraoberta\/?p=9797"},"modified":"2022-12-19T12:11:48","modified_gmt":"2022-12-19T11:11:48","slug":"tardor-castanyes-i-panellets","status":"publish","type":"post","link":"https:\/\/viaro.org\/unafinestraoberta\/tardor-castanyes-i-panellets\/","title":{"rendered":"En temps de tardor: castanyes i panellets"},"content":{"rendered":"\n<p>A&nbsp;Viar\u00f3 Infantil celebrem i gaudim de les tradicions. Can\u00e7ons, castanyes i panellets han fet d'aquesta festa de la<a href=\"https:\/\/viaro.org\/unafinestraoberta\/la-tardor-arriba-al-bosc-de-viaro\/\" target=\"_blank\" rel=\"noreferrer noopener\"> tardor<\/a> un dia entranyable per tothom des dels m\u00e9s petits fins als m\u00e9s grans.<\/p>\n\n\n\n<p>Divendres vam tindre la sort de rebre a Maria la castanyera i a la seva germana Engr\u00e0cia: \u00c0vies dels nostres alumnes de Viar\u00f3 Infantil. Est\u00e0vem desitjant aquesta visita!<\/p>\n\n\n\n<p>Des dels m\u00e9s petits de P0 als m\u00e9s grans de P5, vam sortir al pati -ben contents- per donar la benvinguda a les nostres estimades castanyeres. Molt generoses i amb un somriure ben gran, ens van saludar i ens van compartir les seves calentes castanyes.<\/p>\n\n\n\n<figure class=\"wp-block-gallery has-nested-images columns-default is-cropped wp-block-gallery-1 is-layout-flex wp-block-gallery-is-layout-flex\">\n<figure class=\"wp-block-image size-large\"><img loading=\"lazy\" decoding=\"async\" width=\"1024\" height=\"638\" data-id=\"9800\" src=\"https:\/\/viaro.org\/unafinestraoberta\/wp-content\/uploads\/2022\/11\/2225fa02-4c96-4f08-8f65-078cfdc50bd4.jpg\" alt=\"\" class=\"wp-image-9800\" srcset=\"https:\/\/viaro.org\/unafinestraoberta\/wp-content\/uploads\/2022\/11\/2225fa02-4c96-4f08-8f65-078cfdc50bd4.jpg 1024w, https:\/\/viaro.org\/unafinestraoberta\/wp-content\/uploads\/2022\/11\/2225fa02-4c96-4f08-8f65-078cfdc50bd4-300x187.jpg 300w, https:\/\/viaro.org\/unafinestraoberta\/wp-content\/uploads\/2022\/11\/2225fa02-4c96-4f08-8f65-078cfdc50bd4-768x479.jpg 768w\" sizes=\"(max-width: 1024px) 100vw, 1024px\" \/><\/figure>\n\n\n\n<figure class=\"wp-block-image size-large\"><img loading=\"lazy\" decoding=\"async\" width=\"1024\" height=\"768\" data-id=\"9799\" src=\"https:\/\/viaro.org\/unafinestraoberta\/wp-content\/uploads\/2022\/11\/3884eefa-edf8-477a-ae89-5ab00d95ba4b.jpg\" alt=\"\" class=\"wp-image-9799\" srcset=\"https:\/\/viaro.org\/unafinestraoberta\/wp-content\/uploads\/2022\/11\/3884eefa-edf8-477a-ae89-5ab00d95ba4b.jpg 1024w, https:\/\/viaro.org\/unafinestraoberta\/wp-content\/uploads\/2022\/11\/3884eefa-edf8-477a-ae89-5ab00d95ba4b-300x225.jpg 300w, https:\/\/viaro.org\/unafinestraoberta\/wp-content\/uploads\/2022\/11\/3884eefa-edf8-477a-ae89-5ab00d95ba4b-768x576.jpg 768w\" sizes=\"(max-width: 1024px) 100vw, 1024px\" \/><\/figure>\n<\/figure>\n\n\n\n<figure class=\"wp-block-gallery has-nested-images columns-default is-cropped wp-block-gallery-2 is-layout-flex wp-block-gallery-is-layout-flex\">\n<figure class=\"wp-block-image size-large\"><img loading=\"lazy\" decoding=\"async\" width=\"768\" height=\"1024\" data-id=\"9801\" src=\"https:\/\/viaro.org\/unafinestraoberta\/wp-content\/uploads\/2022\/11\/0267e21a-b204-4357-8c7a-31f53bf666da-768x1024.jpg\" alt=\"\" class=\"wp-image-9801\" srcset=\"https:\/\/viaro.org\/unafinestraoberta\/wp-content\/uploads\/2022\/11\/0267e21a-b204-4357-8c7a-31f53bf666da-768x1024.jpg 768w, https:\/\/viaro.org\/unafinestraoberta\/wp-content\/uploads\/2022\/11\/0267e21a-b204-4357-8c7a-31f53bf666da-225x300.jpg 225w, https:\/\/viaro.org\/unafinestraoberta\/wp-content\/uploads\/2022\/11\/0267e21a-b204-4357-8c7a-31f53bf666da-1152x1536.jpg 1152w, https:\/\/viaro.org\/unafinestraoberta\/wp-content\/uploads\/2022\/11\/0267e21a-b204-4357-8c7a-31f53bf666da.jpg 1536w\" sizes=\"(max-width: 768px) 100vw, 768px\" \/><\/figure>\n\n\n\n<figure class=\"wp-block-image size-large\"><img loading=\"lazy\" decoding=\"async\" width=\"768\" height=\"1024\" data-id=\"9802\" src=\"https:\/\/viaro.org\/unafinestraoberta\/wp-content\/uploads\/2022\/11\/0922ecc2-0d8f-4f98-8844-ffefa84d7a46.jpg\" alt=\"\" class=\"wp-image-9802\" srcset=\"https:\/\/viaro.org\/unafinestraoberta\/wp-content\/uploads\/2022\/11\/0922ecc2-0d8f-4f98-8844-ffefa84d7a46.jpg 768w, https:\/\/viaro.org\/unafinestraoberta\/wp-content\/uploads\/2022\/11\/0922ecc2-0d8f-4f98-8844-ffefa84d7a46-225x300.jpg 225w\" sizes=\"(max-width: 768px) 100vw, 768px\" \/><\/figure>\n<\/figure>\n\n\n\n<figure class=\"wp-block-gallery has-nested-images columns-default is-cropped wp-block-gallery-3 is-layout-flex wp-block-gallery-is-layout-flex\">\n<figure class=\"wp-block-image size-large\"><img loading=\"lazy\" decoding=\"async\" width=\"768\" height=\"1024\" data-id=\"9803\" src=\"https:\/\/viaro.org\/unafinestraoberta\/wp-content\/uploads\/2022\/11\/eafc08bb-895c-401a-aad2-72345906bd41.jpg\" alt=\"tardor\" class=\"wp-image-9803\" srcset=\"https:\/\/viaro.org\/unafinestraoberta\/wp-content\/uploads\/2022\/11\/eafc08bb-895c-401a-aad2-72345906bd41.jpg 768w, https:\/\/viaro.org\/unafinestraoberta\/wp-content\/uploads\/2022\/11\/eafc08bb-895c-401a-aad2-72345906bd41-225x300.jpg 225w\" sizes=\"(max-width: 768px) 100vw, 768px\" \/><\/figure>\n\n\n\n<figure class=\"wp-block-image size-large\"><img loading=\"lazy\" decoding=\"async\" width=\"768\" height=\"1024\" data-id=\"9804\" src=\"https:\/\/viaro.org\/unafinestraoberta\/wp-content\/uploads\/2022\/11\/edd97e00-7dac-4ea2-9509-bcc5fe948183-768x1024.jpg\" alt=\"\" class=\"wp-image-9804\" srcset=\"https:\/\/viaro.org\/unafinestraoberta\/wp-content\/uploads\/2022\/11\/edd97e00-7dac-4ea2-9509-bcc5fe948183-768x1024.jpg 768w, https:\/\/viaro.org\/unafinestraoberta\/wp-content\/uploads\/2022\/11\/edd97e00-7dac-4ea2-9509-bcc5fe948183-225x300.jpg 225w, https:\/\/viaro.org\/unafinestraoberta\/wp-content\/uploads\/2022\/11\/edd97e00-7dac-4ea2-9509-bcc5fe948183-1152x1536.jpg 1152w, https:\/\/viaro.org\/unafinestraoberta\/wp-content\/uploads\/2022\/11\/edd97e00-7dac-4ea2-9509-bcc5fe948183.jpg 1536w\" sizes=\"(max-width: 768px) 100vw, 768px\" \/><\/figure>\n<\/figure>\n\n\n\n<figure class=\"wp-block-gallery has-nested-images columns-default is-cropped wp-block-gallery-4 is-layout-flex wp-block-gallery-is-layout-flex\">\n<figure class=\"wp-block-image size-large\"><img loading=\"lazy\" decoding=\"async\" width=\"759\" height=\"1024\" data-id=\"9806\" src=\"https:\/\/viaro.org\/unafinestraoberta\/wp-content\/uploads\/2022\/11\/d332fc89-0716-4266-b8e1-42bd22536ac6-759x1024.jpg\" alt=\"\" class=\"wp-image-9806\" srcset=\"https:\/\/viaro.org\/unafinestraoberta\/wp-content\/uploads\/2022\/11\/d332fc89-0716-4266-b8e1-42bd22536ac6-759x1024.jpg 759w, https:\/\/viaro.org\/unafinestraoberta\/wp-content\/uploads\/2022\/11\/d332fc89-0716-4266-b8e1-42bd22536ac6-222x300.jpg 222w, https:\/\/viaro.org\/unafinestraoberta\/wp-content\/uploads\/2022\/11\/d332fc89-0716-4266-b8e1-42bd22536ac6-768x1037.jpg 768w, https:\/\/viaro.org\/unafinestraoberta\/wp-content\/uploads\/2022\/11\/d332fc89-0716-4266-b8e1-42bd22536ac6-1138x1536.jpg 1138w, https:\/\/viaro.org\/unafinestraoberta\/wp-content\/uploads\/2022\/11\/d332fc89-0716-4266-b8e1-42bd22536ac6.jpg 1517w\" sizes=\"(max-width: 759px) 100vw, 759px\" \/><\/figure>\n<\/figure>\n\n\n\n<p>Els m\u00e9s grans animaven als m\u00e9s petits a provar les castanyes. I tots junts hem tingut l'oportunitat de ballar i cantar amb <a href=\"https:\/\/www.youtube.com\/watch?v=2cEQwfWi_R4\" target=\"_blank\" rel=\"noreferrer noopener\">la castanyera<\/a> les nostres can\u00e7ons de tardor que hem estat aprenent durant aquest dia. Us esperem l'any que ve Maria i Engr\u00e0cia.<\/p>\n\n\n<div class=\"wp-block-image\">\n<figure class=\"aligncenter size-large\"><img loading=\"lazy\" decoding=\"async\" width=\"1024\" height=\"768\" src=\"https:\/\/viaro.org\/unafinestraoberta\/wp-content\/uploads\/2022\/11\/be6149fa-08ff-4173-b500-a23bdafb806d-1024x768.jpg\" alt=\"\" class=\"wp-image-9810\" srcset=\"https:\/\/viaro.org\/unafinestraoberta\/wp-content\/uploads\/2022\/11\/be6149fa-08ff-4173-b500-a23bdafb806d-1024x768.jpg 1024w, https:\/\/viaro.org\/unafinestraoberta\/wp-content\/uploads\/2022\/11\/be6149fa-08ff-4173-b500-a23bdafb806d-300x225.jpg 300w, https:\/\/viaro.org\/unafinestraoberta\/wp-content\/uploads\/2022\/11\/be6149fa-08ff-4173-b500-a23bdafb806d-768x576.jpg 768w, https:\/\/viaro.org\/unafinestraoberta\/wp-content\/uploads\/2022\/11\/be6149fa-08ff-4173-b500-a23bdafb806d-1536x1152.jpg 1536w, https:\/\/viaro.org\/unafinestraoberta\/wp-content\/uploads\/2022\/11\/be6149fa-08ff-4173-b500-a23bdafb806d.jpg 2048w\" sizes=\"(max-width: 1024px) 100vw, 1024px\" \/><\/figure><\/div>\n\n\n<p>Que b\u00e9 que ho passem en la celebraci\u00f3 d'aquestes festes i tradicions plenes de m\u00fasica, poemes, castanyes i panellets. Feli\u00e7 dia de Tots Sants!<\/p>\n\n\n\n<p class=\"has-text-align-right\">Laura Campmany<\/p>\n\n\n\n<p class=\"has-text-align-right\">Tutora P1B<\/p>\n","protected":false},"excerpt":{"rendered":"<p>Els m\u00e9s grans animaven als m\u00e9s petits a provar les castanyes. I tots junts hem tingut l'oportunitat de ballar i cantar amb la castanyera les nostres can\u00e7ons de tardor que hem estat aprenent durant aquest dia. <\/p>\n","protected":false},"author":2,"featured_media":9809,"comment_status":"open","ping_status":"closed","sticky":false,"template":"","format":"standard","meta":{"_acf_changed":false,"footnotes":""},"categories":[11],"tags":[],"acf":[],"jetpack_featured_media_url":"https:\/\/viaro.org\/unafinestraoberta\/wp-content\/uploads\/2022\/11\/3a761208-94e6-4963-9f80-3b757634ed14-1.jpg","_links":{"self":[{"href":"https:\/\/viaro.org\/unafinestraoberta\/wp-json\/wp\/v2\/posts\/9797"}],"collection":[{"href":"https:\/\/viaro.org\/unafinestraoberta\/wp-json\/wp\/v2\/posts"}],"about":[{"href":"https:\/\/viaro.org\/unafinestraoberta\/wp-json\/wp\/v2\/types\/post"}],"author":[{"embeddable":true,"href":"https:\/\/viaro.org\/unafinestraoberta\/wp-json\/wp\/v2\/users\/2"}],"replies":[{"embeddable":true,"href":"https:\/\/viaro.org\/unafinestraoberta\/wp-json\/wp\/v2\/comments?post=9797"}],"version-history":[{"count":5,"href":"https:\/\/viaro.org\/unafinestraoberta\/wp-json\/wp\/v2\/posts\/9797\/revisions"}],"predecessor-version":[{"id":10101,"href":"https:\/\/viaro.org\/unafinestraoberta\/wp-json\/wp\/v2\/posts\/9797\/revisions\/10101"}],"wp:featuredmedia":[{"embeddable":true,"href":"https:\/\/viaro.org\/unafinestraoberta\/wp-json\/wp\/v2\/media\/9809"}],"wp:attachment":[{"href":"https:\/\/viaro.org\/unafinestraoberta\/wp-json\/wp\/v2\/media?parent=9797"}],"wp:term":[{"taxonomy":"category","embeddable":true,"href":"https:\/\/viaro.org\/unafinestraoberta\/wp-json\/wp\/v2\/categories?post=9797"},{"taxonomy":"post_tag","embeddable":true,"href":"https:\/\/viaro.org\/unafinestraoberta\/wp-json\/wp\/v2\/tags?post=9797"}],"curies":[{"name":"wp","href":"https:\/\/api.w.org\/{rel}","templated":true}]}}